{"id":116678,"date":"2025-09-15T13:25:09","date_gmt":"2025-09-15T13:25:09","guid":{"rendered":"https:\/\/www.europesays.com\/es\/116678\/"},"modified":"2025-09-15T13:25:09","modified_gmt":"2025-09-15T13:25:09","slug":"este-viernes-presentacion-del-libro-errores-encadenados-de-domingo-sanchez-velaquez-ayto-de-finestrat","status":"publish","type":"post","link":"https:\/\/www.europesays.com\/es\/116678\/","title":{"rendered":"Este Viernes, presentaci\u00f3n del Libro \u201cERRORES ENCADENADOS\u201d de Domingo S\u00e1nchez Vel\u00e1quez \u2013 Ayto. de Finestrat"},"content":{"rendered":"<p style=\"text-align: justify;\">UNA HISTORIA DE UNA VIDA AN\u00d3NIMA, CON UN AUTOR QUE MUCHOS CONOCERE\u00cdS, QUE RETRATA EL PERIPLO DE UN CAMARERO, EMPRESARIO, QUE CONOCI\u00d3 DE CERCA, POR SU TRABAJO, LA VIDA DE ALGUNOS FAMOSOS, POL\u00cdTICOS, ARTISTAS, TOREROS O PERSONAJES CON UNA VIDA DE PEL\u00cdCULA.<\/p>\n<p style=\"text-align: justify;\">Todos tenemos una vida, an\u00f3nima o p\u00fablica, pero todos tenemos una historia, sobre todas esas personas an\u00f3nimas, que tiene mucho que contar y que pocas y pocos nos atrevemos a exponer.<\/p>\n<p style=\"text-align: justify;\"><img loading=\"lazy\" decoding=\"async\" class=\"wp-image-59643 alignright\" src=\"https:\/\/www.europesays.com\/es\/wp-content\/uploads\/2025\/09\/ES-Presentacio-Literaria-Errores-Encadenados_STORIE-576x1024.jpg\" alt=\"\" width=\"322\" height=\"572\"\/><\/p>\n<p style=\"text-align: justify;\">Con la madurez, Domingo S\u00e1nchez Vel\u00e1zquez, trabajador en un restaurante de nuestra localidad, ha dedicado su tiempo libre a una vida desde bien peque\u00f1o que recoge momentos de \u00e9xitos y fracasos. Unos fracasos que le llevaron, ya con unos a\u00f1os cumplidos a empezar de cero. Alcal\u00e1, Guadalajara, y finalmente Toledo donde consigui\u00f3 quedarse la concesi\u00f3n de los servicios hosteleros de las Cortes de Castilla-la Mancha. Si en Madrid hab\u00eda conseguido hacerse amigo de artistas y famosos, en Toledo. intimid\u00f3, sobre todo, con los pol\u00edticos, de los que fue confidente y amigo.<\/p>\n<p style=\"text-align: justify;\">\u201cTodas esas vivencias las conoceremos este viernes, 19 de septiembre en la presentaci\u00f3n literaria en la voz del mismo autor en el Museu de Finestrat a las 19:00. Creo que es una gran oportunidad para poner en valor que todos tenemos una historia\u00a0an\u00f3nima o p\u00fablica pero tan interesante como la de cualquiera. Una manera de visibilizar los recuerdos, el recorrido de la vida y la valent\u00eda por sentarse delante de una hoja en blanco y ponerse a escribir\u201d destac\u00f3 <strong>la Concejala de Cultura, Nati Algado. <\/strong><\/p>\n<p style=\"text-align: justify;\">Este viernes os esperamos a las 19:00 horas en el Museu de Finestrat.<\/p>\n<p style=\"text-align: justify;\">Gabinete de Prensa (15\/09\/2025)<\/p>\n","protected":false},"excerpt":{"rendered":"UNA HISTORIA DE UNA VIDA AN\u00d3NIMA, CON UN AUTOR QUE MUCHOS CONOCERE\u00cdS, QUE RETRATA EL PERIPLO DE UN&hellip;\n","protected":false},"author":2,"featured_media":116679,"comment_status":"","ping_status":"","sticky":false,"template":"","format":"standard","meta":{"footnotes":""},"categories":[172],"tags":[224,146,147,25,24,225,23],"class_list":{"0":"post-116678","1":"post","2":"type-post","3":"status-publish","4":"format-standard","5":"has-post-thumbnail","7":"category-libros","8":"tag-books","9":"tag-entertainment","10":"tag-entretenimiento","11":"tag-es","12":"tag-espana","13":"tag-libros","14":"tag-spain"},"share_on_mastodon":{"url":"","error":""},"_links":{"self":[{"href":"https:\/\/www.europesays.com\/es\/wp-json\/wp\/v2\/posts\/116678","targetHints":{"allow":["GET"]}}],"collection":[{"href":"https:\/\/www.europesays.com\/es\/wp-json\/wp\/v2\/posts"}],"about":[{"href":"https:\/\/www.europesays.com\/es\/wp-json\/wp\/v2\/types\/post"}],"author":[{"embeddable":true,"href":"https:\/\/www.europesays.com\/es\/wp-json\/wp\/v2\/users\/2"}],"replies":[{"embeddable":true,"href":"https:\/\/www.europesays.com\/es\/wp-json\/wp\/v2\/comments?post=116678"}],"version-history":[{"count":0,"href":"https:\/\/www.europesays.com\/es\/wp-json\/wp\/v2\/posts\/116678\/revisions"}],"wp:featuredmedia":[{"embeddable":true,"href":"https:\/\/www.europesays.com\/es\/wp-json\/wp\/v2\/media\/116679"}],"wp:attachment":[{"href":"https:\/\/www.europesays.com\/es\/wp-json\/wp\/v2\/media?parent=116678"}],"wp:term":[{"taxonomy":"category","embeddable":true,"href":"https:\/\/www.europesays.com\/es\/wp-json\/wp\/v2\/categories?post=116678"},{"taxonomy":"post_tag","embeddable":true,"href":"https:\/\/www.europesays.com\/es\/wp-json\/wp\/v2\/tags?post=116678"}],"curies":[{"name":"wp","href":"https:\/\/api.w.org\/{rel}","templated":true}]}}