{"id":116687,"date":"2025-09-15T13:31:07","date_gmt":"2025-09-15T13:31:07","guid":{"rendered":"https:\/\/www.europesays.com\/es\/116687\/"},"modified":"2025-09-15T13:31:07","modified_gmt":"2025-09-15T13:31:07","slug":"la-infanta-sofia-empieza-su-nueva-vida-en-lisboa-la-casa-real-publica-las-primeras-fotos-de-la-hija-pequena-de-los-reyes-como-universitaria","status":"publish","type":"post","link":"https:\/\/www.europesays.com\/es\/116687\/","title":{"rendered":"La infanta Sof\u00eda empieza su nueva vida en Lisboa: la Casa Real publica las primeras fotos de la hija peque\u00f1a de los reyes como universitaria"},"content":{"rendered":"<p>Hace una semana que <strong>la <a href=\"https:\/\/www.revistavanityfair.es\/articulos\/la-infanta-sofia-universidad-en-lisboa-residencia-clases\" rel=\"nofollow noopener\" target=\"_blank\">infanta Sof\u00eda estren\u00f3<\/a> una nueva etapa de su vida: su vida universitaria arranca en Lisboa<\/strong>. Dentro de unos d\u00edas empezar\u00e1 las clases, pero la hija de los reyes lleva en la capital portuguesa desde comienzos de mes adapt\u00e1ndose a la vida all\u00ed, conociendo a sus compa\u00f1eros y la <strong>sede lisboeta del Forward College<\/strong>, centro privado adscrito a la Universidad de Londres, donde estudiar\u00e1 su primer curso de Ciencias Pol\u00edticas y Relaciones Internacionales. La Casa Real ha publicado este lunes las primeras fotos de la <a href=\"https:\/\/www.revistavanityfair.es\/articulos\/infanta-sofia-18-anos-mayoria-edad-cambios\" rel=\"nofollow noopener\" target=\"_blank\">infanta<\/a> en Portugal.<\/p>\n<p>La infanta Sof\u00eda, en uno de los miradores lisboetas.<\/p>\n<p>Casa Real<\/p>\n<p>El lunes pasado, cuando comenzaba su periodo de adaptaci\u00f3n, pudimos ver a trav\u00e9s de un v\u00eddeo compartido en Instagram por el centro acad\u00e9mica, c\u00f3mo la infanta asist\u00eda a las actividades programadas para estos primeros d\u00edas como una alumna m\u00e1s. Ahora es la Casa Real quien con la publicaci\u00f3n de estas fotos quiere facilitar un acercamiento a la vida de Sof\u00eda en Lisboa, quiz\u00e1 consciente de que compartir informaci\u00f3n es la mejor manera de que la joven pueda llevar una vida m\u00e1s o menos tranquila en esta nueva etapa tratando as\u00ed de evitar cierta curiosidad que no hacerlo podr\u00eda provocar.<\/p>\n<p>En el monasterio de los Jer\u00f3nimos.<\/p>\n<p>Casa Real<\/p>\n","protected":false},"excerpt":{"rendered":"Hace una semana que la infanta Sof\u00eda estren\u00f3 una nueva etapa de su vida: su vida universitaria arranca&hellip;\n","protected":false},"author":2,"featured_media":116688,"comment_status":"","ping_status":"","sticky":false,"template":"","format":"standard","meta":{"footnotes":""},"categories":[91],"tags":[146,147,25,24,1887,14587,1026,11440,811,1027,23],"class_list":{"0":"post-116687","1":"post","2":"type-post","3":"status-publish","4":"format-standard","5":"has-post-thumbnail","7":"category-entretenimiento","8":"tag-entertainment","9":"tag-entretenimiento","10":"tag-es","11":"tag-espana","12":"tag-familia-real-espanola","13":"tag-felipe-de-borbon","14":"tag-infanta-sofia","15":"tag-letizia-ortiz","16":"tag-princesa-leonor","17":"tag-realeza","18":"tag-spain"},"share_on_mastodon":{"url":"","error":""},"_links":{"self":[{"href":"https:\/\/www.europesays.com\/es\/wp-json\/wp\/v2\/posts\/116687","targetHints":{"allow":["GET"]}}],"collection":[{"href":"https:\/\/www.europesays.com\/es\/wp-json\/wp\/v2\/posts"}],"about":[{"href":"https:\/\/www.europesays.com\/es\/wp-json\/wp\/v2\/types\/post"}],"author":[{"embeddable":true,"href":"https:\/\/www.europesays.com\/es\/wp-json\/wp\/v2\/users\/2"}],"replies":[{"embeddable":true,"href":"https:\/\/www.europesays.com\/es\/wp-json\/wp\/v2\/comments?post=116687"}],"version-history":[{"count":0,"href":"https:\/\/www.europesays.com\/es\/wp-json\/wp\/v2\/posts\/116687\/revisions"}],"wp:featuredmedia":[{"embeddable":true,"href":"https:\/\/www.europesays.com\/es\/wp-json\/wp\/v2\/media\/116688"}],"wp:attachment":[{"href":"https:\/\/www.europesays.com\/es\/wp-json\/wp\/v2\/media?parent=116687"}],"wp:term":[{"taxonomy":"category","embeddable":true,"href":"https:\/\/www.europesays.com\/es\/wp-json\/wp\/v2\/categories?post=116687"},{"taxonomy":"post_tag","embeddable":true,"href":"https:\/\/www.europesays.com\/es\/wp-json\/wp\/v2\/tags?post=116687"}],"curies":[{"name":"wp","href":"https:\/\/api.w.org\/{rel}","templated":true}]}}