{"id":116693,"date":"2025-09-15T13:34:09","date_gmt":"2025-09-15T13:34:09","guid":{"rendered":"https:\/\/www.europesays.com\/es\/116693\/"},"modified":"2025-09-15T13:34:09","modified_gmt":"2025-09-15T13:34:09","slug":"yolanda-diaz-y-urtasun-abogan-porque-espana-no-vaya-a-eurovision-si-esta-israel-no-puede-participar-en-eventos-deportivos-o-culturales-television","status":"publish","type":"post","link":"https:\/\/www.europesays.com\/es\/116693\/","title":{"rendered":"Yolanda D\u00edaz y Urtasun abogan porque Espa\u00f1a no vaya a Eurovisi\u00f3n si est\u00e1 Israel: \u201cNo puede participar en eventos deportivos o culturales\u201d | Televisi\u00f3n"},"content":{"rendered":"<p class=\"\"><a href=\"https:\/\/elpais.com\/deportes\/2025-09-14\/la-vuelta-y-la-hora-decisiva-en-la-gran-via.html\" target=\"_self\" rel=\"nofollow noopener\" title=\"https:\/\/elpais.com\/deportes\/2025-09-14\/la-vuelta-y-la-hora-decisiva-en-la-gran-via.html\">Las protestas propalestinas en la Vuelta ciclista a Espa\u00f1a<\/a> ha vuelto a traer a la conversaci\u00f3n pol\u00edtica un evento que lleva siendo pol\u00e9mico ya desde que empezara la ofensiva de Israel: la participaci\u00f3n en el festival de Eurovisi\u00f3n. Este lunes, y tras <a href=\"https:\/\/elpais.com\/espana\/2025-09-15\/ultima-hora-de-la-actualidad-politica-en-directo.html\" target=\"_self\" rel=\"nofollow noopener\" title=\"https:\/\/elpais.com\/espana\/2025-09-15\/ultima-hora-de-la-actualidad-politica-en-directo.html\">la cancelaci\u00f3n de la \u00faltima etapa por las manifestaciones<\/a> en Madrid, han sido la vicepresidenta Yolanda D\u00edaz y dos ministros los que se han empezado a mostrar contundentes: \u201cIsrael no puede participar en eventos deportivos o culturales\u201d mientras se \u201ccometa un genocidio\u201d. <\/p>\n<p>M\u00e1s informaci\u00f3n<\/p>\n<p class=\"\">Urtasun, portavoz adem\u00e1s de Sumar, se un\u00eda <a href=\"https:\/\/www.rtve.es\/play\/audios\/las-mananas-de-rne\/ernest-urtasun-ministro-cultura-tenemos-lograr-israel-no-participe-eurovision-si-no-logramos-espana-no-debe-participar\/16728837\/\" target=\"_self\" rel=\"nofollow noopener\" title=\"https:\/\/www.rtve.es\/play\/audios\/las-mananas-de-rne\/ernest-urtasun-ministro-cultura-tenemos-lograr-israel-no-participe-eurovision-si-no-logramos-espana-no-debe-participar\/16728837\/\">en una entrevista a RNE<\/a> a un comunicado de M\u00e1s Madrid hecho este mismo lunes en el que exigen la salida de Eurovisi\u00f3n, y ha celebrado el \u00e9xito de las manifestaciones en la Vuelta: \u201cSi no logramos expulsar a Israel de Eurovisi\u00f3n, Espa\u00f1a no debe participar\u201d, se ha sumado el ministro de Cultura. \u201cAlgo habr\u00e1 que hacer. Hemos visto lo que ha pasado en la Vuelta ciclista\u201d, ha apuntado tambi\u00e9n este lunes con un tono menos directo, el responsable de la cartera para la Transformaci\u00f3n Digital y de la Funci\u00f3n P\u00fablica, \u00d3scar L\u00f3pez.<\/p>\n<p class=\"\">El ministro de Cultura ha apuntado que RTVE, de quien depende la \u00faltima decisi\u00f3n, tendr\u00eda que unirse a Irlanda, Eslovenia, Islandia y tambi\u00e9n los Pa\u00edses Bajos, cuyas televisiones p\u00fablicas hicieron un comunicado para anunciar que no participar\u00edan si Israel est\u00e1 presente en el festival <a href=\"https:\/\/elpais.com\/television\/2025-08-20\/viena-sera-por-tercera-vez-la-sede-de-eurovision-2026.html\" target=\"_self\" rel=\"nofollow noopener\" title=\"https:\/\/elpais.com\/television\/2025-08-20\/viena-sera-por-tercera-vez-la-sede-de-eurovision-2026.html\">que se celebrar\u00e1 en mayo en Viena<\/a>. En todo caso, la decisi\u00f3n final no se tomar\u00e1 hasta diciembre, mientras que la Uni\u00f3n de Radiodifusi\u00f3n Europea (UER) sigue recabando informaci\u00f3n de cada pa\u00eds. La vicepresidenta D\u00edaz, en sus declaraciones en apoyo a la Vuelta, ha ido por el mismo camino: \u201cLo que hemos visto estos d\u00edas nos obliga a estar a la altura y seguir avanzando\u201d.<\/p>\n<p class=\"\">\u00d3scar L\u00f3pez, a su vez, considera que \u201cno hay las condiciones\u201d para que Israel participe \u201ccon normalidad\u201d en eventos como el Festival de Eurovisi\u00f3n mientras contin\u00fae la ofensiva b\u00e9lica en Gaza. \u201cTarde o temprano, y desde luego para la pr\u00f3xima edici\u00f3n, algo habr\u00e1 que hacer\u201d, ha a\u00f1adido en un desayuno informativo de Europa Press. L\u00f3pez ha incidido, eso s\u00ed, que la pol\u00edtica exterior del Gobierno es competencia del ministro de Asuntos Exteriores y del presidente Pedro S\u00e1nchez, que ha dicho estar \u201cseguro de que en pr\u00f3ximas fechas habr\u00e1 nuevos anuncios\u201d.<\/p>\n<p class=\"\">Urtasun ha subrayado tambi\u00e9n que Espa\u00f1a es el pa\u00eds que mayor presi\u00f3n diplom\u00e1tica est\u00e1 ejerciendo sobre Israel y destaca que su formaci\u00f3n \u201cha logrado mover considerablemente las posiciones del Gobierno en los \u00faltimos meses\u201d. De hecho, TVE fue la primera en la pasada edici\u00f3n en pedir que se abriera un debate sobre Israel y tambi\u00e9n en poner en duda el televoto.<\/p>\n<p>La UER sigue con cautela<\/p>\n<p class=\"\">En plena pol\u00e9mica, <a href=\"https:\/\/www.hollywoodreporter.com\/music\/music-news\/eurovision-boycott-ebu-ireland-netherlands-israel-gaza-1236371542\/\" target=\"_self\" rel=\"nofollow noopener\" title=\"https:\/\/www.hollywoodreporter.com\/music\/music-news\/eurovision-boycott-ebu-ireland-netherlands-israel-gaza-1236371542\/\">fuentes de la propia UER ha hablado con The Hollywood Reporter<\/a> para desmentir que hayan planteado a Israel dos opciones: o retirarse o participar con una bandera neutral. \u201cLa UER no ha hecho ninguna proposici\u00f3n formal a la cadena p\u00fablica israel\u00ed KAN. Seguimos hablando con todos los miembros, y no se tomar\u00e1 ninguna decisi\u00f3n hasta que esto concluya\u201d, han apuntado. <\/p>\n<p class=\"\">La cadena p\u00fablica televisiva neerlandesa, <a href=\"https:\/\/www.avrotros.nl\/article\/avrotros-trekt-grens-bij-songfestival-2026~1176\/https:\/\/elpais.com\/television\/2025-09-12\/paises-bajos-se-convierte-en-el-cuarto-pais-que-no-participara-en-eurovision-2026-si-compite-israel-esta-en-juego-el-sufrimiento-humano.html\" target=\"_self\" rel=\"nofollow noopener\" title=\"https:\/\/www.avrotros.nl\/article\/avrotros-trekt-grens-bij-songfestival-2026~1176\/https:\/\/elpais.com\/television\/2025-09-12\/paises-bajos-se-convierte-en-el-cuarto-pais-que-no-participara-en-eurovision-2026-si-compite-israel-esta-en-juego-el-sufrimiento-humano.html\">AVROTROS, anunci\u00f3 este viernes que \u201cya no se puede justificar la asistencia de Israel<\/a> dado el continuo y grave sufrimiento humano en Gaza\u201d. <a href=\"https:\/\/elpais.com\/television\/2025-09-11\/irlanda-advierte-que-no-participara-en-eurovision-2026-si-compite-israel-es-inconcebible-con-el-deplorable-numero-de-victimas.html\" target=\"_self\" rel=\"nofollow noopener\" title=\"https:\/\/elpais.com\/television\/2025-09-11\/irlanda-advierte-que-no-participara-en-eurovision-2026-si-compite-israel-es-inconcebible-con-el-deplorable-numero-de-victimas.html\">Un d\u00eda antes, su hom\u00f3loga irlandesa, RT\u00c9<\/a>, asegur\u00f3 que participar junto a Israel ser\u00eda \u201cinconcebible dado el continuo y deplorable n\u00famero de v\u00edctimas en Gaza\u201d.<\/p>\n<p class=\"\"><a href=\"https:\/\/elpais.com\/television\/2025-05-20\/la-carta-que-rtve-ha-enviado-a-eurovision-pide-una-revision-completa-del-televoto-y-muestra-gran-preocupacion-por-la-participacion-de-israel.html\" rel=\"nofollow noopener\" title=\"https:\/\/elpais.com\/television\/2025-05-20\/la-carta-que-rtve-ha-enviado-a-eurovision-pide-una-revision-completa-del-televoto-y-muestra-gran-preocupacion-por-la-participacion-de-israel.html\" target=\"_blank\">En mayo, RTVE<\/a> escribi\u00f3 una carta a la organizadora de Eurovisi\u00f3n <a href=\"https:\/\/elpais.com\/television\/2025-05-18\/tve-solicitara-este-lunes-una-auditoria-del-televoto-espanol.html\" rel=\"nofollow noopener\" title=\"https:\/\/elpais.com\/television\/2025-05-18\/tve-solicitara-este-lunes-una-auditoria-del-televoto-espanol.html\" target=\"_blank\">solicitando una auditor\u00eda independiente<\/a> y una \u201crevisi\u00f3n completa\u201d<a href=\"https:\/\/elpais.com\/television\/2025-06-12\/el-62-de-los-eurofans-considera-que-existio-manipulacion-en-el-televoto-de-eurovision-segun-el-cis.html\" rel=\"nofollow noopener\" title=\"https:\/\/elpais.com\/television\/2025-06-12\/el-62-de-los-eurofans-considera-que-existio-manipulacion-en-el-televoto-de-eurovision-segun-el-cis.html\" target=\"_blank\">del sistema de voto en el certamen<\/a>. En ella, la cadena p\u00fablica espa\u00f1ola solicitaba una reformulaci\u00f3n del certamen para asegurar que no haya una \u201cinterferencia externa organizada por los pa\u00edses, como se ha demostrado recientemente\u201d. La misiva que pon\u00eda en duda el voto masivo del p\u00fablico a Israel recordaba que varias delegaciones, entre ellas Espa\u00f1a, \u201chan expresado una gran preocupaci\u00f3n sobre la participaci\u00f3n de Israel, la transparencia, legitimidad y la integridad percibida del actual sistema de votaci\u00f3n\u201d. Por ello, reclam\u00f3 a la UER varias medidas. Por un lado, una \u201creflexi\u00f3n sobre la participaci\u00f3n de Israel\u201d a trav\u00e9s de su televisi\u00f3n p\u00fablica, KAN, como ya hizo el pasado abril. \u201cLa inclusi\u00f3n de este pa\u00eds debe valorarse a la luz de los valores de paz, justicia y respeto por los derechos humanos que el festival de Eurovisi\u00f3n dice representar\u201d, dice el texto. \u201cLa UER no puede olvidar su compromiso con los derechos humanos\u201d.<\/p>\n","protected":false},"excerpt":{"rendered":"Las protestas propalestinas en la Vuelta ciclista a Espa\u00f1a ha vuelto a traer a la conversaci\u00f3n pol\u00edtica un&hellip;\n","protected":false},"author":2,"featured_media":116694,"comment_status":"","ping_status":"","sticky":false,"template":"","format":"standard","meta":{"footnotes":""},"categories":[42],"tags":[17,18,7580,68,37294,24,13,14,25188,73,69,11,61,62,63,64,74,19,20,185,9,10,15,16,30270,76,18264,518,4453,807,20222,12,3156,25165,21,22,7603,65,66,67,4454],"class_list":{"0":"post-116693","1":"post","2":"type-post","3":"status-publish","4":"format-standard","5":"has-post-thumbnail","7":"category-internacional","8":"tag-breaking-news","9":"tag-breakingnews","10":"tag-concursos","11":"tag-conflicto-arabe-israeli","12":"tag-ernest-urtasun-domenech","13":"tag-espana","14":"tag-featured-news","15":"tag-featurednews","16":"tag-festival-eurovision","17":"tag-franja-gaza","18":"tag-guerra","19":"tag-headlines","20":"tag-internacional","21":"tag-international","22":"tag-international-news","23":"tag-internationalnews","24":"tag-israel","25":"tag-latest-news","26":"tag-latestnews","27":"tag-musica","28":"tag-news","29":"tag-noticias","30":"tag-noticias-destacadas","31":"tag-noticiasdestacadas","32":"tag-oscar-lopez","33":"tag-palestina","34":"tag-protestas-sociales","35":"tag-rtve","36":"tag-sumar","37":"tag-television","38":"tag-television-publica","39":"tag-titulares","40":"tag-tve","41":"tag-uer","42":"tag-ultimas-noticias","43":"tag-ultimasnoticias","44":"tag-vuelta-espana","45":"tag-world","46":"tag-world-news","47":"tag-worldnews","48":"tag-yolanda-diaz"},"share_on_mastodon":{"url":"","error":""},"_links":{"self":[{"href":"https:\/\/www.europesays.com\/es\/wp-json\/wp\/v2\/posts\/116693","targetHints":{"allow":["GET"]}}],"collection":[{"href":"https:\/\/www.europesays.com\/es\/wp-json\/wp\/v2\/posts"}],"about":[{"href":"https:\/\/www.europesays.com\/es\/wp-json\/wp\/v2\/types\/post"}],"author":[{"embeddable":true,"href":"https:\/\/www.europesays.com\/es\/wp-json\/wp\/v2\/users\/2"}],"replies":[{"embeddable":true,"href":"https:\/\/www.europesays.com\/es\/wp-json\/wp\/v2\/comments?post=116693"}],"version-history":[{"count":0,"href":"https:\/\/www.europesays.com\/es\/wp-json\/wp\/v2\/posts\/116693\/revisions"}],"wp:featuredmedia":[{"embeddable":true,"href":"https:\/\/www.europesays.com\/es\/wp-json\/wp\/v2\/media\/116694"}],"wp:attachment":[{"href":"https:\/\/www.europesays.com\/es\/wp-json\/wp\/v2\/media?parent=116693"}],"wp:term":[{"taxonomy":"category","embeddable":true,"href":"https:\/\/www.europesays.com\/es\/wp-json\/wp\/v2\/categories?post=116693"},{"taxonomy":"post_tag","embeddable":true,"href":"https:\/\/www.europesays.com\/es\/wp-json\/wp\/v2\/tags?post=116693"}],"curies":[{"name":"wp","href":"https:\/\/api.w.org\/{rel}","templated":true}]}}