{"id":116695,"date":"2025-09-15T13:35:08","date_gmt":"2025-09-15T13:35:08","guid":{"rendered":"https:\/\/www.europesays.com\/es\/116695\/"},"modified":"2025-09-15T13:35:08","modified_gmt":"2025-09-15T13:35:08","slug":"trump-anuncia-un-acuerdo-para-que-tiktok-siga-operando-en-ee-uu-y-dice-que-las-conversaciones-con-china-en-madrid-han-ido-muy-bien-internacional","status":"publish","type":"post","link":"https:\/\/www.europesays.com\/es\/116695\/","title":{"rendered":"Trump anuncia un acuerdo para que TikTok siga operando en EE UU y dice que las conversaciones con China en Madrid han ido \u201cmuy bien\u201d | Internacional"},"content":{"rendered":"<p class=\"\">Donald Trump volvi\u00f3 este lunes a adelantarse a las noticias. Mientras sus enviados comerciales se dispon\u00edan a hacer declaraciones en Madrid para informar de los avances de las reuniones con su contraparte china para alcanzar un acuerdo comercial, el presidente de Estados Unidos corri\u00f3 m\u00e1s que ellos en su red social, Truth, donde escribi\u00f3 que \u201cla gran reuni\u00f3n comercial en Europa entre Estados Unidos y China ha ido MUY BIEN\u201d.<\/p>\n<p class=\"\">\u201cTambi\u00e9n se lleg\u00f3 a un acuerdo sobre una empresa que los j\u00f3venes de nuestro pa\u00eds quer\u00edan salvar\u201d, a\u00f1adi\u00f3 en ese post. \u201c\u00a1Estar\u00e1n encantados! Hablar\u00e9 con el presidente Xi [Jinping] el viernes. \u00a1La relaci\u00f3n [con China] sigue siendo muy s\u00f3lida!\u201c. Trump se refiere a <a href=\"https:\/\/elpais.com\/noticias\/tiktok\/\" target=\"_self\" rel=\"nofollow noopener\" title=\"https:\/\/elpais.com\/noticias\/tiktok\/\">la red social china TikTok<\/a>.<\/p>\n<p class=\"\">Poco despu\u00e9s del mensaje del presidente, el secretario del Tesoro estadounidense, Scott Bessent, confirm\u00f3 en la capital de Espa\u00f1a el principio de acuerdo, que Trump y Xi deber\u00e1n cerrar, dijo, el viernes. Bessent, mano derecha del republicano para asuntos econ\u00f3micos, rehus\u00f3 ofrecer m\u00e1s detalles sobre el pacto que permitir\u00e1 seguir operando a la popular red social: la pelota, ha venido a decir, est\u00e1 ahora en el tejado de los l\u00edderes. El de TikTok era, junto con los aranceles, el gran tema que ten\u00edan que cerrar para resta\u00f1ar su enconada relaci\u00f3n comercial.<\/p>\n<p class=\"\">\u201cEl presidente Trump y el presidente Xi hablar\u00e1n el viernes para cerrar el acuerdo, pero ya tenemos un marco para el acuerdo\u201d, subray\u00f3 Bessent en Madrid. \u201cEl marco contempla que pase a ser propiedad controlada por Estados Unidos\u201d, confirm\u00f3. Esa era la gran l\u00ednea roja para Trump.<\/p>\n<p class=\"\">No hubo una confirmaci\u00f3n inmediata del acuerdo por parte de Pek\u00edn. De hecho, la delegaci\u00f3n negociadora de ese pa\u00eds abandon\u00f3 la sede del Ministerio pocos minutos antes que Bessent y su equipo, sin hacer declaraciones a los medios de comunicaci\u00f3n.<\/p>\n<p>Al filo del veto<\/p>\n<p class=\"\">El anuncio sobre TikTok llega justo a tiempo para sortear la entrada en vigor este mi\u00e9rcoles de la prohibici\u00f3n a la china ByteDance a seguir operando en Estados Unidos, y la obligaci\u00f3n de vender su joya de la corona, una plataforma de v\u00eddeos cortos que ha conquistado el mundo, sobre todo entre los usuarios m\u00e1s j\u00f3venes, a una empresa estadounidense. <\/p>\n<p class=\"\">La medida la aprob\u00f3 el Congreso, con Joe Biden en los \u00faltimos compases de su presidencia y tras certificar los v\u00ednculos de ByteDance con el Partido Comunista Chino. Despu\u00e9s, Trump retras\u00f3 su entrada en vigor tres veces. Se esperaba que esta semana llegara la cuarta patada hacia delante, aunque el Truth publicado este lunes de buena ma\u00f1ana (hora de Washington) y las palabras de un Bessent algo m\u00e1s sonriente de lo habitual indican que el porvenir de la multinacional china en Estados Unidos podr\u00eda quedar resuelto definitivamente.<\/p>\n<p class=\"\">La Casa Blanca acaba de abrir una cuenta en TikTok, red social que fue definitiva, seg\u00fan los an\u00e1lisis demosc\u00f3picos, en el buen resultado electoral que Trump tuvo entre los j\u00f3venes, un sector que habitualmente se le ha resistido al Partido Republicano y que esta vez fue decisivo en la victoria. <\/p>\n<p class=\"\">Un d\u00eda antes de su segunda toma de posesi\u00f3n, el Tribunal Supremo de Estados Unidos decidi\u00f3 por unanimidad que la ley que obliga a la plataforma de v\u00eddeos cortos a separarse de su empresa matriz deb\u00eda aplicarse. Entonces, Trump decret\u00f3 el primer aplazamiento, de 100 d\u00edas. Despu\u00e9s llegar\u00edan otros. Y ahora probablemente llegue otro, pero m\u00ednimo, de unos pocos d\u00edas o semanas, para cerrar los \u00faltimos flecos del pacto, seg\u00fan ha confirmado este lunes en Madrid el representante de Comercio de EE UU, Jamieson Greer.<\/p>\n<p>Sin noticias de los aranceles<\/p>\n<p class=\"\">El encuentro celebrado en el Ministerio de Asuntos Exteriores espa\u00f1ol llegaba en un momento delicado, despu\u00e9s de que este mismo lunes Pek\u00edn concluyera que el mayor fabricante de chips del mundo \u2014y, tambi\u00e9n, la mayor cotizada del planeta\u2014, la estadounidense Nvidia, viol\u00f3 sus leyes antimonopolio en 2020. Adem\u00e1s, las autoridades chinas anunciaron el domingo otra investigaci\u00f3n anticolusi\u00f3n en el mismo sector, el de los semiconductores.<\/p>\n<p class=\"\">Pese al acuerdo por TikTok y el \u2014parece\u2014 mejor tono negociador desvelado por Trump y por Bessent, que ha emplazado a la delegaci\u00f3n comercial china a reunirse de nuevo en los pr\u00f3ximos d\u00edas, el tel\u00f3n de fondo sigue siendo complejo. Las sucesivas rondas arancelarias han encontrado respuesta en Pek\u00edn, con tasas similares. Un fuego cruzado que, por momentos, ha llegado a inhabilitar el comercio de bienes entre ambos pa\u00edses.<\/p>\n<p class=\"\">Esa escalada, en la que nadie tiene las de ganar y que ya est\u00e1 presionando a la baja la actividad econ\u00f3mica mundial, entr\u00f3 en una nueva fase en mayo. Conscientes del da\u00f1o econ\u00f3mico que estaban haciendo a sus sectores productivos, ambos pa\u00edses decretaron <a href=\"https:\/\/elpais.com\/internacional\/2025-07-29\/ee-uu-y-china-se-abren-a-una-nueva-ampliacion-de-su-tregua-comercial-pendiente-del-visto-bueno-de-trump.html\" target=\"_self\" rel=\"nofollow noopener\" title=\"https:\/\/elpais.com\/internacional\/2025-07-29\/ee-uu-y-china-se-abren-a-una-nueva-ampliacion-de-su-tregua-comercial-pendiente-del-visto-bueno-de-trump.html\">una tregua comercial para dar espacio a unas negociaciones que parec\u00edan estancadas<\/a>. Un cese temporal de hostilidades que ampliaron a principios de agosto por 90 d\u00edas m\u00e1s. Si en ese periodo, que vence en noviembre, no ha alcanzado un pacto, ambos pa\u00edses son libres de fijar los aranceles que consideren.<\/p>\n<p class=\"\">Desde entonces, los grav\u00e1menes permanecen en niveles hist\u00f3ricamente altos, aunque lejanos a las tasas de triple d\u00edgito que se llegaron a alcanzar unas semanas antes. Hoy, los productos chinos sufren un sobrecoste del 30% a su paso por la aduana estadounidense, mientras que en sentido inverso esa cifra es de solo el 10%.<\/p>\n<p class=\"\">El periodo de gracia para negociar concluye a principios de noviembre: si para entonces no se ha alcanzado un acuerdo, la probabilidad de que se reabra la caja de Pandora es muy alta. A\u00fan m\u00e1s a tenor del perfil del presidente estadounidense, impredecible, tremendamente vol\u00e1til: sus propios negociadores comerciales, con Bessent a la cabeza, reconocen que cualquier acuerdo que se alcance en las reuniones celebradas hasta ahora (<a href=\"https:\/\/elpais.com\/internacional\/2025-05-10\/estados-unidos-y-china-inician-en-ginebra-la-negociacion-sobre-los-aranceles-con-vistas-a-una-tregua-en-su-guerra-comercial.html\" target=\"_self\" rel=\"nofollow noopener\" title=\"https:\/\/elpais.com\/internacional\/2025-05-10\/estados-unidos-y-china-inician-en-ginebra-la-negociacion-sobre-los-aranceles-con-vistas-a-una-tregua-en-su-guerra-comercial.html\">en Ginebra<\/a>, <a href=\"https:\/\/elpais.com\/internacional\/2025-06-09\/estados-unidos-y-china-buscan-recuperar-la-confianza-con-un-encuentro-sobre-aranceles-en-londres.html\" target=\"_self\" rel=\"nofollow noopener\" title=\"https:\/\/elpais.com\/internacional\/2025-06-09\/estados-unidos-y-china-buscan-recuperar-la-confianza-con-un-encuentro-sobre-aranceles-en-londres.html\">en Londres<\/a>, <a href=\"https:\/\/elpais.com\/internacional\/2025-07-29\/ee-uu-y-china-se-abren-a-una-nueva-ampliacion-de-su-tregua-comercial-pendiente-del-visto-bueno-de-trump.html\" target=\"_self\" rel=\"nofollow noopener\" title=\"https:\/\/elpais.com\/internacional\/2025-07-29\/ee-uu-y-china-se-abren-a-una-nueva-ampliacion-de-su-tregua-comercial-pendiente-del-visto-bueno-de-trump.html\">en Estocolmo<\/a> y, ahora, en Madrid) est\u00e1 sujeto al visto bueno de alguien que ve en \u201carancel\u201d la palabra \u201cm\u00e1s hermosa del diccionario\u201d. Pero si algo demuestra el principio de acuerdo alcanzado en la capital espa\u00f1ola es que, cuando se acerca la hora de la verdad, ambos pa\u00edses son conscientes de lo mucho que se juegan.<\/p>\n","protected":false},"excerpt":{"rendered":"Donald Trump volvi\u00f3 este lunes a adelantarse a las noticias. Mientras sus enviados comerciales se dispon\u00edan a hacer&hellip;\n","protected":false},"author":2,"featured_media":116696,"comment_status":"","ping_status":"","sticky":false,"template":"","format":"standard","meta":{"footnotes":""},"categories":[8],"tags":[889,4135,5854,17,18,1615,5852,5853,5857,352,95,25,24,629,5855,13,14,5850,11,5856,19,20,9,10,15,16,5851,1922,23,5889,12,21,22],"class_list":{"0":"post-116695","1":"post","2":"type-post","3":"status-publish","4":"format-standard","5":"has-post-thumbnail","7":"category-espana","8":"tag-america","9":"tag-aranceles","10":"tag-balanza-comercial","11":"tag-breaking-news","12":"tag-breakingnews","13":"tag-china","14":"tag-comercio-exterior","15":"tag-comercio-internacional","16":"tag-deficit-comercial","17":"tag-donald-trump","18":"tag-economia","19":"tag-es","20":"tag-espana","21":"tag-estados-unidos","22":"tag-exportaciones","23":"tag-featured-news","24":"tag-featurednews","25":"tag-guerra-comercial","26":"tag-headlines","27":"tag-importaciones","28":"tag-latest-news","29":"tag-latestnews","30":"tag-news","31":"tag-noticias","32":"tag-noticias-destacadas","33":"tag-noticiasdestacadas","34":"tag-proteccionismo","35":"tag-redes-sociales","36":"tag-spain","37":"tag-tiktok","38":"tag-titulares","39":"tag-ultimas-noticias","40":"tag-ultimasnoticias"},"share_on_mastodon":{"url":"","error":""},"_links":{"self":[{"href":"https:\/\/www.europesays.com\/es\/wp-json\/wp\/v2\/posts\/116695","targetHints":{"allow":["GET"]}}],"collection":[{"href":"https:\/\/www.europesays.com\/es\/wp-json\/wp\/v2\/posts"}],"about":[{"href":"https:\/\/www.europesays.com\/es\/wp-json\/wp\/v2\/types\/post"}],"author":[{"embeddable":true,"href":"https:\/\/www.europesays.com\/es\/wp-json\/wp\/v2\/users\/2"}],"replies":[{"embeddable":true,"href":"https:\/\/www.europesays.com\/es\/wp-json\/wp\/v2\/comments?post=116695"}],"version-history":[{"count":0,"href":"https:\/\/www.europesays.com\/es\/wp-json\/wp\/v2\/posts\/116695\/revisions"}],"wp:featuredmedia":[{"embeddable":true,"href":"https:\/\/www.europesays.com\/es\/wp-json\/wp\/v2\/media\/116696"}],"wp:attachment":[{"href":"https:\/\/www.europesays.com\/es\/wp-json\/wp\/v2\/media?parent=116695"}],"wp:term":[{"taxonomy":"category","embeddable":true,"href":"https:\/\/www.europesays.com\/es\/wp-json\/wp\/v2\/categories?post=116695"},{"taxonomy":"post_tag","embeddable":true,"href":"https:\/\/www.europesays.com\/es\/wp-json\/wp\/v2\/tags?post=116695"}],"curies":[{"name":"wp","href":"https:\/\/api.w.org\/{rel}","templated":true}]}}