{"id":116699,"date":"2025-09-15T13:43:08","date_gmt":"2025-09-15T13:43:08","guid":{"rendered":"https:\/\/www.europesays.com\/es\/116699\/"},"modified":"2025-09-15T13:43:08","modified_gmt":"2025-09-15T13:43:08","slug":"alejandro-moreno-indulta-y-gana-la-copa-pana-2025","status":"publish","type":"post","link":"https:\/\/www.europesays.com\/es\/116699\/","title":{"rendered":"Alejandro Moreno indulta y gana la \u201cCopa Pana\u201d 2025"},"content":{"rendered":"<p dir=\"ltr\">Tlaxcala vivi\u00f3 un fin de semana intenso de tauromaquia, con dos festejos que dejaron sensaciones distintas: la encerrona en solitario de Angelino de Arriaga en la capital, suspendida por la lluvia, y la gran final de la Copa Pana en Apizaco, marcada por un indulto.<\/p>\n<p dir=\"ltr\">Se consolida la entidad tlaxcalteca como epicentro de la fiesta, teniendo a\u00fan en puerta la celebraci\u00f3n de la feria de Tlaxcala, momento clim\u00e1tico del a\u00f1o.<\/p>\n<p>Indulto en la final de la Copa Pana en Apizaco<\/p>\n<p dir=\"ltr\">La emoci\u00f3n se traslad\u00f3 a Apizaco con la gran final de la Copa Pana, en la que se lidiaron novillos de la prestigiosa ganader\u00eda de De Haro. La tarde fue de contrastes, pero con un cierre apote\u00f3sico que quedar\u00e1 en la memoria de los asistentes.<\/p>\n<p dir=\"ltr\">Los ejemplares de De Haro dieron un juego variado, destacando especialmente el primero, segundo y quinto, que se ganaron arrastre lento, y sobre todo el sexto, de nombre \u00abAcompasado\u00bb, n\u00famero 532, de 320 kilos que fue para recordar y result\u00f3 indultado entre la emoci\u00f3n del p\u00fablico.<\/p>\n<p dir=\"ltr\">En el plano individual, Carlos Valencia abri\u00f3 plaza y salud\u00f3 una ovaci\u00f3n; Isa\u00edas L\u00f3pez tambi\u00e9n fue ovacionado tras mostrar valor y oficio; Abraham Guerrero pas\u00f3 un trago amargo al escuchar los tres avisos; Guillermo Veloz \u201cPausao II\u201d dej\u00f3 detalles de calidad que le valieron una ovaci\u00f3n; Hugo Granados dio la vuelta al ruedo con m\u00e9rito, y finalmente Alejandro Moreno \u201cCastelita\u201d se erigi\u00f3 como gran triunfador tras lograr el indulto del sexto novillo, asegur\u00e1ndose el t\u00edtulo de la Copa Pana.<\/p>\n<p dir=\"ltr\">As\u00ed, la fiesta taurina en Tlaxcala vivi\u00f3 un fin de semana que uni\u00f3 dos caras de la moneda: la frustraci\u00f3n por una encerrona inconclusa en la capital y la euforia por el indulto en Apizaco.<\/p>\n<p dir=\"ltr\">Dos escenarios distintos, pero ambos con un mismo hilo conductor: la pasi\u00f3n y el arraigo de una tierra que sigue respirando tauromaquia en cada rinc\u00f3n.<\/p>\n<p>Lluvia interrumpe valent\u00eda de Angelino\u00a0<\/p>\n<p dir=\"ltr\">La emblem\u00e1tica plaza Jorge \u201cEl Ranchero\u201d Aguilar de Tlaxcala abri\u00f3 sus puertas para una tarde de expectaci\u00f3n: Angelino de Arriaga se encerraba con seis toros de distintas ganader\u00edas tlaxcaltecas y nacionales, un gesto de compromiso y entrega retribuido por la afici\u00f3n que ocup\u00f3 media plaza pese a las inclemencias del tiempo.<\/p>\n<p dir=\"ltr\">En el cartel figuraban ejemplares de Piedras Negras, Zacatepec, Torre\u00f3n de Ca\u00f1as, Felipe Gonz\u00e1lez, Juli\u00e1n Hamdan y Tenopala, en una combinaci\u00f3n que promet\u00eda variedad de encastes y matices en el ruedo para el gran desaf\u00edo del diestro tlaxcalteca.<\/p>\n<p><strong><img loading=\"lazy\" decoding=\"async\" style=\"display: block; margin-left: auto; margin-right: auto;\" src=\"https:\/\/www.europesays.com\/es\/wp-content\/uploads\/2025\/09\/0sp2zlfkkaiyiisy3xweszb1t69r.jpeg\" alt=\"\" width=\"548\" height=\"308\"\/><\/strong><\/p>\n<p dir=\"ltr\">El inicio tuvo emoci\u00f3n, con un primer astado que permiti\u00f3 al matador mostrar su disposici\u00f3n. Sin embargo, la faena no cuaj\u00f3 del todo y el p\u00fablico guard\u00f3 silencio al t\u00e9rmino de la lidia.<\/p>\n<p dir=\"ltr\">Con el segundo, Angelino encontr\u00f3 mejor conexi\u00f3n, dejando momentos templados y de m\u00e9rito que le valieron cortar una oreja. Parec\u00eda que la tarde iba a levantar vuelo, empero, el cielo se encarg\u00f3 de frustrar la gesta: la lluvia arreci\u00f3 con fuerza y el festejo tuvo que ser suspendido, quedando en el aire la ilusi\u00f3n de ver completa la encerrona.<\/p>\n<p dir=\"ltr\">A\u00fan as\u00ed, qued\u00f3 el gesto y el compromiso de Angelino de Arriaga, que en dos toros demostr\u00f3 car\u00e1cter y disposici\u00f3n, dejando la sensaci\u00f3n de que la cita merecer\u00eda una segunda oportunidad.<\/p>\n","protected":false},"excerpt":{"rendered":"Tlaxcala vivi\u00f3 un fin de semana intenso de tauromaquia, con dos festejos que dejaron sensaciones distintas: la encerrona&hellip;\n","protected":false},"author":2,"featured_media":116700,"comment_status":"","ping_status":"","sticky":false,"template":"","format":"standard","meta":{"footnotes":""},"categories":[277],"tags":[373,168,25,24,23,167,374],"class_list":{"0":"post-116699","1":"post","2":"type-post","3":"status-publish","4":"format-standard","5":"has-post-thumbnail","7":"category-toreo","8":"tag-bullfighting","9":"tag-deportes","10":"tag-es","11":"tag-espana","12":"tag-spain","13":"tag-sports","14":"tag-toreo"},"share_on_mastodon":{"url":"","error":""},"_links":{"self":[{"href":"https:\/\/www.europesays.com\/es\/wp-json\/wp\/v2\/posts\/116699","targetHints":{"allow":["GET"]}}],"collection":[{"href":"https:\/\/www.europesays.com\/es\/wp-json\/wp\/v2\/posts"}],"about":[{"href":"https:\/\/www.europesays.com\/es\/wp-json\/wp\/v2\/types\/post"}],"author":[{"embeddable":true,"href":"https:\/\/www.europesays.com\/es\/wp-json\/wp\/v2\/users\/2"}],"replies":[{"embeddable":true,"href":"https:\/\/www.europesays.com\/es\/wp-json\/wp\/v2\/comments?post=116699"}],"version-history":[{"count":0,"href":"https:\/\/www.europesays.com\/es\/wp-json\/wp\/v2\/posts\/116699\/revisions"}],"wp:featuredmedia":[{"embeddable":true,"href":"https:\/\/www.europesays.com\/es\/wp-json\/wp\/v2\/media\/116700"}],"wp:attachment":[{"href":"https:\/\/www.europesays.com\/es\/wp-json\/wp\/v2\/media?parent=116699"}],"wp:term":[{"taxonomy":"category","embeddable":true,"href":"https:\/\/www.europesays.com\/es\/wp-json\/wp\/v2\/categories?post=116699"},{"taxonomy":"post_tag","embeddable":true,"href":"https:\/\/www.europesays.com\/es\/wp-json\/wp\/v2\/tags?post=116699"}],"curies":[{"name":"wp","href":"https:\/\/api.w.org\/{rel}","templated":true}]}}