{"id":116713,"date":"2025-09-15T13:51:15","date_gmt":"2025-09-15T13:51:15","guid":{"rendered":"https:\/\/www.europesays.com\/es\/116713\/"},"modified":"2025-09-15T13:51:15","modified_gmt":"2025-09-15T13:51:15","slug":"javier-tudela-comparte-su-mensaje-mas-conmovedor-hacia-su-pareja-tras-las-palabras-de-dolor-de-makoke","status":"publish","type":"post","link":"https:\/\/www.europesays.com\/es\/116713\/","title":{"rendered":"Javier Tudela comparte su mensaje m\u00e1s conmovedor hacia su pareja tras las palabras de dolor de Makoke"},"content":{"rendered":"<p data-journey-content=\"true\" data-node-id=\"3\" class=\"css-i9p093 emevuu60\"><strong data-node-id=\"3.0\">Javier Tudela, hijo de Makoke, ha emocionado a sus seguidores con el emotivo mensaje que ha dedicado a su pareja, Marina Romero,<\/strong> en sus redes sociales. La joven atraviesa un delicado momento personal y toda la familia se ha volcado con ella, demostrando que es su absoluta prioridad. Fue el pasado 22 de agosto cuando la exconcursante de <a href=\"https:\/\/www.diezminutos.es\/supervivientes-television\/\" target=\"_blank\" data-vars-ga-outbound-link=\"https:\/\/www.diezminutos.es\/supervivientes-television\/\" data-vars-ga-ux-element=\"Hyperlink\" data-vars-ga-call-to-action=\"&#039;Supervivientes 2025&#039;\" data-node-id=\"3.2\" class=\"body-link css-177bzfx emevuu60\" rel=\"nofollow noopener\">&#8216;Supervivientes 2025&#8217;<\/a> anunci\u00f3 que suspend\u00eda temporalmente su boda con Gonzalo Fern\u00e1ndez por un importante problema de salud familiar. La colaboradora televisiva pidi\u00f3 respeto y <a href=\"https:\/\/www.diezminutos.es\/famosos-corazon\/famosos-espanoles\/a65992135\/makoke-safari-animales-nieto-javier-hija-anita\/\" target=\"_blank\" data-vars-ga-outbound-link=\"https:\/\/www.diezminutos.es\/famosos-corazon\/famosos-espanoles\/a65992135\/makoke-safari-animales-nieto-javier-hija-anita\/\" data-vars-ga-ux-element=\"Hyperlink\" data-vars-ga-call-to-action=\"desminti\u00f3 cualquier rumor sobre una posible crisis\" data-node-id=\"3.4\" class=\"body-link css-177bzfx emevuu60\" rel=\"nofollow noopener\">desminti\u00f3 cualquier rumor sobre una posible crisis<\/a> con su pareja. <\/p>\n<p data-journey-content=\"true\" data-node-id=\"6\" class=\"css-i9p093 emevuu60\">El pasado 12 de septiembre, coincidiendo con el d\u00eda en el que Makoke hubiera celebrado su boda, <strong data-node-id=\"6.1\">su nuera <a href=\"https:\/\/www.diezminutos.es\/famosos-corazon\/famosos-espanoles\/a66077996\/mensaje-nuera-makoke-dia-boda-cancelada\/\" target=\"_blank\" data-vars-ga-outbound-link=\"https:\/\/www.diezminutos.es\/famosos-corazon\/famosos-espanoles\/a66077996\/mensaje-nuera-makoke-dia-boda-cancelada\/\" data-vars-ga-ux-element=\"Hyperlink\" data-vars-ga-call-to-action=\"Marina reaparec\u00eda en redes\" data-node-id=\"6.1.1\" class=\"body-link css-177bzfx emevuu60\" rel=\"nofollow noopener\">Marina reaparec\u00eda en redes<\/a> dedicando unas emotivas palabras a Javier Tudela<\/strong>. \u00abHas movido cielo y tierra para que todo vaya lo m\u00e1s r\u00e1pido posible.\u2028No s\u00e9 c\u00f3mo agradecerte todo lo que haces, c\u00f3mo explicarte lo que siento al mirarte y saber que das el 100% de ti en cada momento (&#8230;). <strong data-node-id=\"6.3\">S\u00e9 que nos esperan d\u00edas dif\u00edciles, pero tambi\u00e9n s\u00e9 que contigo a mi lado no hay batalla que no podamos ganar<\/strong> (&#8230;)\u00bb, escrib\u00eda la joven en un post que Tudela tambi\u00e9n comparti\u00f3 en su feed. Un d\u00eda despu\u00e9s del mensaje de Marina, <a href=\"https:\/\/www.diezminutos.es\/famosos-corazon\/famosos-espanoles\/a66079134\/makoke-salud-mujer-hijo-javier-tudela\/\" target=\"_blank\" data-vars-ga-outbound-link=\"https:\/\/www.diezminutos.es\/famosos-corazon\/famosos-espanoles\/a66079134\/makoke-salud-mujer-hijo-javier-tudela\/\" data-vars-ga-ux-element=\"Hyperlink\" data-vars-ga-call-to-action=\"Makoke romp\u00eda en llanto en &#039;Fiesta&#039;\" data-node-id=\"6.5\" class=\"body-link css-177bzfx emevuu60\" rel=\"nofollow noopener\">Makoke romp\u00eda en llanto en &#8216;Fiesta&#8217;<\/a> al recordar las palabras de su nuera. \u00abMe toca a m\u00ed en primera persona, me duele. La carta es preciosa, es una declaraci\u00f3n de amor. <strong data-node-id=\"6.7\">Se <\/strong><strong data-node-id=\"6.8\">quieren much\u00edsimo, est\u00e1n s\u00faper unidos, <\/strong>son s\u00faper fuertes los cuatro. No se merecen esto, no se lo merece nadie, evidentemente no, pero como me toca en primera persona, pues me duele\u00bb, se lamentaba Makoke. <\/p>\n<p><img draggable=\"true\" alt=\"javier tudela\" title=\"Javier Tudela\" loading=\"lazy\" width=\"4800\" height=\"3200\" decoding=\"async\" data-nimg=\"1\" style=\"color:transparent;width:100%;height:auto;\"   src=\"https:\/\/www.europesays.com\/es\/wp-content\/uploads\/2025\/09\/javier-tudela-redes-sociales-68c7d9998898a.jpg\" class=\"css-0 e1g79fud0\"\/><\/p>\n<p>Instagram<\/p>\n<p>Javier Tudela emociona con su mensaje a Marina Romero<\/p>\n<p data-journey-content=\"true\" data-node-id=\"10\" class=\"css-i9p093 emevuu60\"><strong data-node-id=\"10.0\">La colaboradora televisiva tambi\u00e9n desvelaba la lecci\u00f3n de fuerza que le est\u00e1 dando su hijo<\/strong>. \u00abEst\u00e1 fuerte. Y es que hay cosas que no han salido, momentos que son muy duros y que \u00e9l hace re\u00edr, en alg\u00fan momento explotar\u00e1 porque est\u00e1 todo el rato con una sonrisa y con los ni\u00f1os con todo. Nos est\u00e1 dando un ejemplo a todos incre\u00edble. <strong data-node-id=\"10.2\">Yo no sab\u00eda que mi hijo ten\u00eda esa fuerza\u00bb, aseguraba la colaboradora<\/strong>.<\/p>\n<p><img draggable=\"true\" alt=\"javier tudela\" title=\"Javier Tudela\" loading=\"lazy\" width=\"4800\" height=\"3200\" decoding=\"async\" data-nimg=\"1\" style=\"color:transparent;width:100%;height:auto;\"   src=\"https:\/\/www.europesays.com\/es\/wp-content\/uploads\/2025\/09\/javier-tudela-marina-publicacion-68c7d9998c340.jpg\" class=\"css-0 e1g79fud0\"\/><\/p>\n<p>Instagram<\/p>\n<p data-journey-content=\"true\" data-node-id=\"15\" class=\"css-i9p093 emevuu60\">Hasta ahora el empresario no se hab\u00eda pronunciado sobre la dif\u00edcil situaci\u00f3n personal que est\u00e1 viviendo. Pero tras desvelarse <a href=\"https:\/\/www.diezminutos.es\/famosos-corazon\/famosos-espanoles\/a65884608\/makoke-habla-cancelacion-boda-problema-salud-familiar\/\" target=\"_blank\" data-vars-ga-outbound-link=\"https:\/\/www.diezminutos.es\/famosos-corazon\/famosos-espanoles\/a65884608\/makoke-habla-cancelacion-boda-problema-salud-familiar\/\" data-vars-ga-ux-element=\"Hyperlink\" data-vars-ga-call-to-action=\"el problema de salud de su pareja\" data-node-id=\"15.1\" class=\"body-link css-177bzfx emevuu60\" rel=\"nofollow noopener\">el problema de salud de su pareja<\/a>,<strong data-node-id=\"15.3\"> Javier le ha dedicado un emotivo mensaje en sus redes sociales<\/strong>, compartiendo un v\u00eddeo con im\u00e1genes de la pareja en varios destinos, como la Plaza de Espa\u00f1a de Sevilla o un atardecer en la playa, y de distintos a\u00f1os.<strong data-node-id=\"15.5\"> \u00abMesario\u00bb, comenta junto a las im\u00e1genes<\/strong>. Una publicaci\u00f3n que se ha llenado de \u00abMe gusta\u00bb y de mensajes de \u00e1nimo para la pareja. Tamara Gorro, Marta Riesco, Claudia Mart\u00ednez y Makoke han sido de las primeras en reacci\u00f3n. Minutos despu\u00e9s de que su hijo compartiese el v\u00eddeo, la colaboradora televisiva escrib\u00eda:<strong data-node-id=\"15.7\"> \u00abOs quiero much\u00edsimo\u00bb, unas palabras que acompa\u00f1aba de varios emojis de corazones blancos.<\/strong><\/p>\n<p><img src=\"https:\/\/www.europesays.com\/es\/wp-content\/uploads\/2025\/09\/1757944275_546_edf7d479-6cd4-48bc-8600-bcfd6ef75c9d_1734435678.jpg\" alt=\"Headshot of Magdalena Pi\u00f1ero\" title=\"Headshot of Magdalena Pi\u00f1ero\" width=\"100%\" height=\"100%\" decoding=\"async\" loading=\"lazy\" class=\"css-o0wq4v ev8dhu53\"\/><\/p>\n<p>Magdalena Pi\u00f1ero es periodista experta en coraz\u00f3n, celebridades y sociedad. Licenciada en Periodismo por la Universidad de Sevilla, se mud\u00f3 a Madrid para cursar el M\u00e1ster de Periodismo de la Agencia EFE. Hizo pr\u00e1cticas en la secci\u00f3n de Tribunales y en la de Sociedad y Televisi\u00f3n. En ambas disfrut\u00f3 mucho, pero fue en la segunda en la que descubri\u00f3 que cubrir el estreno de la serie de televisi\u00f3n del momento y entrevistar a sus protagonistas le apasionaba mucho m\u00e1s de lo que jam\u00e1s hubiera imaginado. Sonr\u00ede al recordar sus primeras ruedas de prensa, entre ellas &#8216;El programa de Ana Rosa&#8217;.<br \/>\nLleva m\u00e1s de una d\u00e9cada trabajando en la web de Diezminutos.es, pero es una nost\u00e1lgica y recuerda con cari\u00f1o su etapa en el formato de papel de la revista, en la que estuvo colaborando. Un tiempo en el que ha visto y trabajado en las noticias m\u00e1s destacadas del panorama nacional como la boda de Pilar Rubio y Sergio Ramos; el divorcio de Paula Echavarr\u00eda y David Bustamante; y acontecimientos hist\u00f3ricos como la coronaci\u00f3n de Felipe VI como rey de Espa\u00f1a.<br \/>\nAdem\u00e1s del coraz\u00f3n, le encanta la moda y la belleza. De ah\u00ed que ponga el mismo entusiasmo escribiendo sobre los looks de la Reina Letizia que sobre la crema favorita de Isasaweis. Tiene ojo cl\u00ednico para detectar si dos famosas han llevado el mismo vestido y hacer un tema sobre cu\u00e1l de ellas lo lleva mejor.<br \/>\nEn sus ratos libres, adem\u00e1s de seguir form\u00e1ndose en las \u00faltimas novedades digitales para aplicarlas en su trabajo, le encanta ver realities como &#8216;Supervivientes&#8217; y &#8216;Soy Georgina&#8217; (comparte con Georgina Rodr\u00edguez su amor por los ib\u00e9ricos), programas de coraz\u00f3n y todo lo que se emita en la parrilla televisiva de lo que pueda sacar un buen salseo. \u00bfLa excusa que pone siempre para verlos sin que la molesten? : \u00abLo hago por trabajo\u00bb.<\/p>\n","protected":false},"excerpt":{"rendered":"Javier Tudela, hijo de Makoke, ha emocionado a sus seguidores con el emotivo mensaje que ha dedicado a&hellip;\n","protected":false},"author":2,"featured_media":116714,"comment_status":"","ping_status":"","sticky":false,"template":"","format":"standard","meta":{"footnotes":""},"categories":[174],"tags":[255,253,146,147,25,24,256,23],"class_list":{"0":"post-116713","1":"post","2":"type-post","3":"status-publish","4":"format-standard","5":"has-post-thumbnail","7":"category-famosos","8":"tag-celebrities","9":"tag-discover","10":"tag-entertainment","11":"tag-entretenimiento","12":"tag-es","13":"tag-espana","14":"tag-famosos","15":"tag-spain"},"share_on_mastodon":{"url":"","error":""},"_links":{"self":[{"href":"https:\/\/www.europesays.com\/es\/wp-json\/wp\/v2\/posts\/116713","targetHints":{"allow":["GET"]}}],"collection":[{"href":"https:\/\/www.europesays.com\/es\/wp-json\/wp\/v2\/posts"}],"about":[{"href":"https:\/\/www.europesays.com\/es\/wp-json\/wp\/v2\/types\/post"}],"author":[{"embeddable":true,"href":"https:\/\/www.europesays.com\/es\/wp-json\/wp\/v2\/users\/2"}],"replies":[{"embeddable":true,"href":"https:\/\/www.europesays.com\/es\/wp-json\/wp\/v2\/comments?post=116713"}],"version-history":[{"count":0,"href":"https:\/\/www.europesays.com\/es\/wp-json\/wp\/v2\/posts\/116713\/revisions"}],"wp:featuredmedia":[{"embeddable":true,"href":"https:\/\/www.europesays.com\/es\/wp-json\/wp\/v2\/media\/116714"}],"wp:attachment":[{"href":"https:\/\/www.europesays.com\/es\/wp-json\/wp\/v2\/media?parent=116713"}],"wp:term":[{"taxonomy":"category","embeddable":true,"href":"https:\/\/www.europesays.com\/es\/wp-json\/wp\/v2\/categories?post=116713"},{"taxonomy":"post_tag","embeddable":true,"href":"https:\/\/www.europesays.com\/es\/wp-json\/wp\/v2\/tags?post=116713"}],"curies":[{"name":"wp","href":"https:\/\/api.w.org\/{rel}","templated":true}]}}