{"id":116717,"date":"2025-09-15T13:54:08","date_gmt":"2025-09-15T13:54:08","guid":{"rendered":"https:\/\/www.europesays.com\/es\/116717\/"},"modified":"2025-09-15T13:54:08","modified_gmt":"2025-09-15T13:54:08","slug":"me-dijiste-que-era-mala","status":"publish","type":"post","link":"https:\/\/www.europesays.com\/es\/116717\/","title":{"rendered":"Me dijiste que era mala"},"content":{"rendered":"<p class=\"article-text\">\n        <strong>Marta Pe\u00f1ate<\/strong> abandon\u00f3 este domingo el plat\u00f3 de <strong>Supervivientes All Stars<\/strong> despu\u00e9s protagonizar otra fuerte discusi\u00f3n con <strong>Oriana Marzoli<\/strong>. Decimos otra porque la novia y la exnovia de <strong>Tony Spina<\/strong> ven\u00edan de vivir un tenso cara a cara en el primer Conexi\u00f3n Honduras de la edici\u00f3n, aunque fue en este segundo cuando la canaria dijo &#8216;basta&#8217; y se march\u00f3 durante unos minutos del plat\u00f3 de <strong>Telecinco<\/strong>.\n    <\/p>\n<p>    <a href=\"https:\/\/www.eldiario.es\/noticias\/supervivientes-responde-protestas-honduras-da-version-conflicto-han-utilizado-ruido-telecinco-all-stars_1_12601218.html\" data-mrf-recirculation=\"saber-mas\" data-dl-event=\"saber-mas\" rel=\"nofollow noopener\" target=\"_blank\"><\/p>\n<p class=\"know-more__title\">&#8216;Supervivientes&#8217; responde tras las protestas en Honduras y da su versi\u00f3n del conflicto: \u00abNos han utilizado para hacer ruido\u00bb<\/p>\n<p>            <img decoding=\"async\" class=\"lazy\" loading=\"lazy\" data-src=\"https:\/\/static.eldiario.es\/clip\/a425641a-7a2c-4370-93cc-ffdb58f0c804_16-9-aspect-ratio_default_0.jpg\" src=\"data:image\/svg+xml,%3Csvg xmlns=\" http:=\"\" viewbox=\"0 0 880 495\" alt=\"'Supervivientes' responde tras las protestas en Honduras y da su versi\u00f3n del conflicto: &quot;Nos han utilizado para hacer ruido&quot;\"\/><\/p>\n<p>                        <\/a><\/p>\n<p class=\"article-text\">\n        El momento se produjo despu\u00e9s de que Spina hablara en Honduras de los <a href=\"https:\/\/www.eldiario.es\/vertele\/noticias\/supervivientes-all-stars-desato-enemistad-adara-miri-dilema-noel-posible-boda-marta-penate-tony_1_12602432.html\" target=\"_blank\" data-mrf-recirculation=\"links-noticia\" class=\"link\" rel=\"nofollow noopener\">planes de boda<\/a> que tiene con Pe\u00f1ate. <strong>Sandra Barneda<\/strong> quiso poner un poco de picante al asunto y pregunt\u00f3 a Oriana si viajar\u00eda a la isla para asistir al enlace. <strong>\u201cMe descojono, eres muy graciosa\u201d<\/strong>, se limit\u00f3 a responder la tertuliana. \u201cYo la invitar\u00eda a la boda si le apetece. La invitar\u00eda sin ning\u00fan problema\u201d, coment\u00f3 Pe\u00f1ate para poner algo de bueno rollo al tema.\n    <\/p>\n<p class=\"article-text\">\n        Sin embargo, el buen rollo se acab\u00f3 en cuanto Oriana tom\u00f3 la palabra y pas\u00f3 al ataque: \u201cMarta, ya que me vas a invitar a tu boda, lo \u00fanico que te pido es que, cuando yo haga post en mi Instagram sobre mi perrito reci\u00e9n fallecido, y me pongo seria, no te pongas a hablar de mi novio. Aprovecho para dec\u00edrtelo ahora y que quede claro delante de todo el mundo. Que me pongo de buen rollo, pero no me olvido y te metiste cuando estaba comentando una cosa de mi perrito, por el que he sufrido much\u00edsimo, y pensabas que iba por ti y te metiste con mi novio. Me dijiste que <strong>era mala y que era karma<\/strong>\u201d.\n    <\/p>\n<p>    \u201cEl respeto se gana, no se busca en redes\u201d<\/p>\n<p class=\"article-text\">\n        <strong>\u201cQu\u00e9 mentirosa, qu\u00e9 mentirosa\u201d<\/strong>, espet\u00f3 Pe\u00f1ate, que para nada se esperaba este cambio de tema. De hecho, dej\u00f3 clar\u00edsimo que ella no estaba ah\u00ed para hablar de sus problemas con Oriana: \u201cEsta es la \u00faltima vez que lo voy a decir. Lo siento much\u00edsimo porque adoro a este programa, te adoro a ti y quiero a los que est\u00e1n detr\u00e1s trabajando, pero voy a pedir un favor: aqu\u00ed voy a hablar de Supervientes, si no yo, con todo el cari\u00f1o&#8230;\u201d, dijo la ganadora de Supervivientes All Stars 1 a Barneda.\n    <\/p>\n<p class=\"article-text\">\n        Aun as\u00ed, Oriana sigui\u00f3 a lo suyo: \u201cNo te metas conmigo ni aqu\u00ed ni fuera para que yo te respete. Para pedir respeto respeta t\u00fa primero, es lo \u00fanico que te digo. <strong>El respeto se gana, no se busca en redes sociales<\/strong> y aqu\u00ed te haces la v\u00edctima. No. Me cans\u00e9 de ti\u201d. \u201cNo voy a entrar, no voy a entrar\u201d, insisti\u00f3 Pe\u00f1ate mientras su &#8216;archienemiga&#8217; continuaba lanz\u00e1ndole reproches a viva voz: \u201c\u00a1En redes sociales no te cansas de criticarme!\u201d.\n    <\/p>\n<p class=\"article-text\">\n        \u201cSandra, con todo el cari\u00f1o, me voy a levantar y me voy a ir\u201d, avis\u00f3 la ex de <strong>GH<\/strong> y <strong>La isla de las tentaciones<\/strong> para disgusto de la presentadora, que le pidi\u00f3 sin \u00e9xito que no se fuera. \u201c\u00a1Dios m\u00edo, c\u00f3mo est\u00e1 la cosa!\u201d, exclam\u00f3 Barneda antes de conectar con<strong> Laura Madrue\u00f1o<\/strong> y mientras ve\u00eda c\u00f3mo, efectivamente Marta Pe\u00f1ate se iba del plat\u00f3. Finalmente, la tertuliana se ausent\u00f3 varios minutos, que Supervivientes aprovech\u00f3 para emitir im\u00e1genes en directo y grabadas de la vida en la isla, as\u00ed que la ausencia de Pe\u00f1ate apenas se lleg\u00f3 a apreciar. S\u00ed, en cambio, su vuelta al plat\u00f3, que se produjo sin que la novia de Tony Spina quisiera decir nada de lo ocurrido con Oriana.\n    <\/p>\n<p>    \u201cNo se puede fingir de esa manera tan cutre\u201d<\/p>\n<p class=\"article-text\">\n        La marcha de Marta Pe\u00f1ate fue el punto m\u00e1s alto dentro de la tensi\u00f3n que la tertuliana vivi\u00f3 con Oriana. Al inicio de la noche, durante el tramo exclusivo de Mediaset Infinity, ambas tambi\u00e9n se enzarzaron en una discusi\u00f3n despu\u00e9s de que Oriana viera los porcentajes ciegos y manifestara sus ganas de que Tony Spina fuese eliminado del concurso.\n    <\/p>\n<p class=\"article-text\">\n        \u201cCreo que ha entrado demasiado dirigido y que se ha comido un papel que no es el suyo. <strong>Lo est\u00e1 haciendo fatal<\/strong> meti\u00e9ndose en pol\u00e9micas sin venir a cuento e intentado\u00a0rascar un poco de pantalla. Adem\u00e1s, hace poco dijo que yo\u00a0era una fracasada\u00a0por hacer realities con m\u00e1s de 30 a\u00f1os. \u00c9l, que tiene 38, deber\u00eda de estar fuera porque <strong>si no es un fracasado<\/strong>, si es coherente\u201d, dijo para justificar su deseo.\n    <\/p>\n<p class=\"article-text\">\n        \u201cYo no vengo hacer de coach de esta persona\u201d, respondi\u00f3 Pe\u00f1ate que lanz\u00f3 un par de zascas a Marzoli. El primero, acerca de la consabida poca duraci\u00f3n de la influencer en los realities: \u201cLos que han durado 24 horas a lo mejor no saben que all\u00ed se pasa mal\u201d. Y el segundo, sobre las cr\u00edticas que le hab\u00eda dedicado a Spina: \u201cLa gente con <strong>rencor en el cuerpo<\/strong> va a ce\u00f1irse siempre a lo mismo\u201d.\n    <\/p>\n<blockquote class=\"twitter-tweet\" data-lang=\"es\"><p><a href=\"https:\/\/twitter.com\/X\/status\/1967348387239653403?ref_src=twsrc%5Etfw\" rel=\"nofollow noopener\" target=\"_blank\"><\/p><\/blockquote>\n<p class=\"article-text\">\n        Despu\u00e9s, durante el tramo emitido por Telecinco, Pe\u00f1ate <strong>se ech\u00f3 a llorar <\/strong>al ver lo mal que su novio lo est\u00e1 pasando en la isla. Para Oriana, la reacci\u00f3n de la canaria fue de <strong>\u201cverg\u00fcenza ajena\u201d<\/strong>, e incluso se puso a imitar a su compa\u00f1era. \u201cEntiendo que haya gente que ponga caras de asco porque no saben lo que significa lo que es el amor, pero yo siento mucha pena por mi pareja\u201d, contraatac\u00f3 Marta, pero Oriana, lejos de quedarse ah\u00ed, le lanz\u00f3 un ataque m\u00e1s: \u201cDile a tus l\u00e1grimas que salgan. No se puede fingir de esa manera tan cutre\u201d.\n    <\/p>\n<p>    <a href=\"https:\/\/www.eldiario.es\/vertele\/noticias\/supervivientes-all-stars-accidente-fani-honduras-amenazado-gala-gran-telecinco-tormenta-vivio-evacuaciones_1_12602556.html\" data-mrf-recirculation=\"saber-mas-abajo\" data-dl-event=\"saber-mas-abajo\" rel=\"nofollow noopener\" target=\"_blank\"><\/p>\n<p class=\"know-more__title\">As\u00ed se vivi\u00f3 en Honduras el accidente de Fani en &#8216;Supervivientes All Stars&#8217;, que vio amenazada su gala por una tormenta\n<\/p>\n<p>            <img decoding=\"async\" class=\"lazy\" loading=\"lazy\" data-src=\"https:\/\/static.eldiario.es\/clip\/99ecc37c-31ec-4e11-ab50-a7560c185e04_16-9-aspect-ratio_default_0.jpg\" src=\"data:image\/svg+xml,%3Csvg xmlns=\" http:=\"\" viewbox=\"0 0 880 495\" alt=\"As\u00ed se vivi\u00f3 en Honduras el accidente de Fani en 'Supervivientes All Stars', que vio amenazada su gala por una tormenta\"\/><\/p>\n<p>                        <\/a><\/p>\n<p class=\"article-text\">\n        \u201cEspero que al final de esta aventura termin\u00e9is con una\u00a0entente cordial\u00a0entre vosotras dos\u201d, dese\u00f3 Barneda para ambas, aunque, visto lo visto, no parece que esa cordialidad vaya a llegar a corto plazo.\n    <\/p>\n<p>                                    <script async src=\"https:\/\/platform.twitter.com\/widgets.js\" charset=\"utf-8\"><\/script><\/p>\n","protected":false},"excerpt":{"rendered":"Marta Pe\u00f1ate abandon\u00f3 este domingo el plat\u00f3 de Supervivientes All Stars despu\u00e9s protagonizar otra fuerte discusi\u00f3n con Oriana&hellip;\n","protected":false},"author":2,"featured_media":116718,"comment_status":"","ping_status":"","sticky":false,"template":"","format":"standard","meta":{"footnotes":""},"categories":[171],"tags":[2302,9261,39046,146,147,25,24,4879,31412,39045,9721,23,26028,214],"class_list":{"0":"post-116717","1":"post","2":"type-post","3":"status-publish","4":"format-standard","5":"has-post-thumbnail","7":"category-tv","8":"tag-abandona","9":"tag-bronca","10":"tag-dijiste","11":"tag-entertainment","12":"tag-entretenimiento","13":"tag-es","14":"tag-espana","15":"tag-mala","16":"tag-marta-penate","17":"tag-oriana","18":"tag-plato","19":"tag-spain","20":"tag-supervivientes-all-stars","21":"tag-tv"},"share_on_mastodon":{"url":"","error":""},"_links":{"self":[{"href":"https:\/\/www.europesays.com\/es\/wp-json\/wp\/v2\/posts\/116717","targetHints":{"allow":["GET"]}}],"collection":[{"href":"https:\/\/www.europesays.com\/es\/wp-json\/wp\/v2\/posts"}],"about":[{"href":"https:\/\/www.europesays.com\/es\/wp-json\/wp\/v2\/types\/post"}],"author":[{"embeddable":true,"href":"https:\/\/www.europesays.com\/es\/wp-json\/wp\/v2\/users\/2"}],"replies":[{"embeddable":true,"href":"https:\/\/www.europesays.com\/es\/wp-json\/wp\/v2\/comments?post=116717"}],"version-history":[{"count":0,"href":"https:\/\/www.europesays.com\/es\/wp-json\/wp\/v2\/posts\/116717\/revisions"}],"wp:featuredmedia":[{"embeddable":true,"href":"https:\/\/www.europesays.com\/es\/wp-json\/wp\/v2\/media\/116718"}],"wp:attachment":[{"href":"https:\/\/www.europesays.com\/es\/wp-json\/wp\/v2\/media?parent=116717"}],"wp:term":[{"taxonomy":"category","embeddable":true,"href":"https:\/\/www.europesays.com\/es\/wp-json\/wp\/v2\/categories?post=116717"},{"taxonomy":"post_tag","embeddable":true,"href":"https:\/\/www.europesays.com\/es\/wp-json\/wp\/v2\/tags?post=116717"}],"curies":[{"name":"wp","href":"https:\/\/api.w.org\/{rel}","templated":true}]}}