{"id":116719,"date":"2025-09-15T13:56:07","date_gmt":"2025-09-15T13:56:07","guid":{"rendered":"https:\/\/www.europesays.com\/es\/116719\/"},"modified":"2025-09-15T13:56:07","modified_gmt":"2025-09-15T13:56:07","slug":"mark-hamill-confirma-como-the-mandalorian-completo-su-vision-de-star-wars-nunca-habiamos-visto-a-luke-como-maestro-jedi-vandal","status":"publish","type":"post","link":"https:\/\/www.europesays.com\/es\/116719\/","title":{"rendered":"Mark Hamill confirma c\u00f3mo &#039;The Mandalorian&#039; complet\u00f3 su visi\u00f3n de Star Wars: &#039;Nunca hab\u00edamos visto a Luke como Maestro Jedi&#039; &#8211; Vandal"},"content":{"rendered":"<ol>\n<li><a href=\"https:\/\/news.google.com\/rss\/articles\/CBMi-gFBVV95cUxNNEc0VDFNY3hid1V3ZFlYbWtYQzdIY2ZKaFBDTXllTkQ3Zy1Ka19JTzE0WUhoR2hFTXVQMHBib2xRVll3cGdIemZzbW50RnpBNGZmSWhqOEszMXlVOThpcno1bS0zQ1E1bTRwUGNVZ2dGRDFmejNDaWhPNVJRWXdkTW9WX1BFSWpqTTYwYm5nekFqVm1lWWxoOHAtNW5jaDZRRzZNUElLa08yVHI5N0FWM3Q0TU1CY09xeE14eUpRUHFoTmZadWZRc0JEWDFWdEczMzZPOHZmMHgxR1dwSWJsT0dFM0ZJaDNvenpNSkdad1RoOFlwWjI4UG930gH_AUFVX3lxTE9hNWdJVFJWbE1qU1d0dWVPWDZsWDhkMkxJWFBiUjhoTHEtLV9WdklnSnRtQi13TkJHdml0aFlaOFQtcjd4WExjNWx5NnZHM2QycGpUOVRaWGhZaFlwdkVDeHF5S0tac1ZheTNsQndxRlNrOWRhUWNYZEl2QkxSQ1JISU82ZEZmUXU1dEFUZGk0NTFuNVVic0pnOTFNdXdZamJQXzJnWDFwZGRHaWxBaXdWa3JPVFVzaUQ0a3B2YnktQngycGp4aHpwQmxMc19vODdWX1ZZUG56bDBXdWRqWjNrZE5lS0ZIdHFvM3J0NW51V05WMFE4b2JUT1IxWFRxOA?oc=5\" target=\"_blank\" rel=\"nofollow noopener\">Mark Hamill confirma c\u00f3mo &#8216;The Mandalorian&#8217; complet\u00f3 su visi\u00f3n de Star Wars: &#8216;Nunca hab\u00edamos visto a Luke como Maestro Jedi&#8217;<\/a>&nbsp;&nbsp;Vandal<\/li>\n<li><a href=\"https:\/\/news.google.com\/rss\/articles\/CBMi0wFBVV95cUxQTjV0bXg2Si1PSGYyOFRKUkxXVFpxeHlBVTFtWVBqaldRX3lvTFRLY09SdlJRVjFzc2IzYTF6RzBjVC1uRnh0MjBOZm1BOHdOLThFQ0xybkxTWjM5WjR3OEZCaEwwVTB0aHY1WjRhY0JnNFNET0JlaGt2M2x5V0JoLUlmaklTYXA4ekVGbmFqZXdYZHhqNVlCeUpwRG9reWlVSHV5TEpxeTVpa0tSaTZNZTZrOHdmQ1ZZT3U2dW44TmdOMHN5eXl6MjBmdjVlNmEzSndj0gHYAUFVX3lxTFBCYS1pOXpTa2hvZHpacDdzT0ctMmgtLTJzQTRLR3FJYW5WZjBVWkVOMTYzZFRRNWF2dlRGUnUzRjEzaEhxbV9YQ0dTZVJyWDBueFJZMkNhQVN6X0N3bmVvWWV3clBDdzVvd2ZBOWVCVndKa0YwUTY1enhucldzMldpNmhzbE9pT3RzekJ0clgtUGFGM1VKTFNYcVhvWVdiSFhaNkZvVHB6OE00MDlDVU9NZERCSnczX1dralM4Q2JWZ3dMci1zVzFWZ3hpMkFUVXNYR3puOHloNg?oc=5\" target=\"_blank\" rel=\"nofollow noopener\">El motivo que llev\u00f3 a Mark Hamill a volver a &#8216;Star Wars&#8217; aunque no quer\u00eda: \u00abPens\u00e9 que ser\u00eda un error\u00bb<\/a>&nbsp;&nbsp;El Debate<\/li>\n<li><a href=\"https:\/\/news.google.com\/rss\/articles\/CBMi_gFBVV95cUxQakpFMUV6RkIzTWJHaUR3alhRYy1yY1lCaEplTFJ0VV90R3ZPRVhOZTZtWGg2RFFOdWhOQVpoWWh1enZrWEViMlNCeXo2RzV5T2tLTFUyTmhTX2VCVU1QVXdlbXJOZHJEU0ZyN3R3Mmt0VkRVZVNNN1F3LTR4angzTS1ObC1HZk81MWZnV3RiMjNQSW1zNVpFTGVxWFlPVHBZTUFIN3VuVWZHNlRZai1Bb0VfN1NhcWgwUkE1RDNwQVlwWVhIUWtkZExiVC1ZejVnckZIcFlpRE02RkxIOU1SX1g0dXBpd2s0TjItV19HTGlSSVZLbXg5UUJNZEg0d9IBkgJBVV95cUxPRkxRY0VNM0JXN3ZHSW1aazk3R0YyNTVjdFE3X2xqcEhMbVlLQ1R4SEZxblltX0NzTzc2UldBelBPUjJTMmM4WWFRSkRSSmNGalpFejNwTFVMYTRRUUp5TVlfQmtJTXp6Mm1CSERRLXlncFNhQnBjbHFYRUoyRVUtV3hWZEVvVzBuWG1tMEpyenV6X0F1aFVoTUpPVzBjemRwam1OMUpkcFg5Ml9PNjBieDJrU2FYNmVDYTdheThqOUVrUGVIOENUbEVabDNHRWZrMzBpdzR2NkxYa3Y4MHpUbUJEbDZlcEJnZkdrWkd1Y0JuZW96ZlZmUnpORUxLRGFFcXFUU2hfc0lxcGdWWC1BTEF3?oc=5\" target=\"_blank\" rel=\"nofollow noopener\">Mark Hamill revela por qu\u00e9 acept\u00f3 volver a ser Luke Skywalker en \u2018Star Wars: The Mandalorian\u2019: \u201cNo lo hab\u00edamos<\/a>&nbsp;&nbsp;Diario AS<\/li>\n<li><a href=\"https:\/\/news.google.com\/rss\/articles\/CBMitgFBVV95cUxOanVpVFBTa01IOHFZX1hsdzJIN1I0ZFYtN3BzLUM4RGNVdG9aa3dSRjJZS1AtcjNyV1Qwa0h2VC1DaW9HdDFaRkxRZy1BaTJtNS13cXJNUW1KVEY1RDM5TEhyT3NHTnl3Q0pKVkg0bGxlWVdqZmhRM3ZreTc0Vnk3ZV9VY05VMGlyZ01ia0VMazFNdmxkTGlDeHI4cVNQY0Nlck9LaVNRQnpieDRJYlFiempsZEQ3QdIB0AFBVV95cUxPY1VacGpyNFc5NFA4WFVsYzR5UHBXUTFhNGQyRlhEVnpIRW5jN0VwdlIyakRqaVB0THo3MlRvOUlhQk5mR0RRZXpNUS01RWdxT3ljTzVfcTVTR0lGbDBicHRZRktvTVJCZWNKYzBBc2VqVmlXSGpuRU9wbVZVMnV2dGY1YWROU1JYdEZPRlN6RlNxR3JXR2JpcXN3dXp4eXpIdjQtcVhKWGQ3WkNtd3lyZnF5TGc1NzhXaU82U2VfQWdyUHZTVlplV2JDNWRaUGFV?oc=5\" target=\"_blank\" rel=\"nofollow noopener\">Mark Hamill revela por qu\u00e9 perdi\u00f3 el papel de Mozart en Amadeus<\/a>&nbsp;&nbsp;Infobae<\/li>\n<li><a href=\"https:\/\/news.google.com\/rss\/articles\/CBMi1AFBVV95cUxPUlN5N01lUTJmRkhEalEwVS11cjZEd0pJUEdERW1VdE81NzhydlFoZ05KTTc5b3JwTHNfTDk2eUc1RlNEMHJqUzZSSUd2MmdmTWZGS0hxZnF4elMyMXNZMGZhNUVIczl4OUlISmlpU09zcG5jeTBnY3hmRGlFNHE4X2ZkVTFPbGpyRlBxY2lNM0hzbmRHQTUtTFQyUWFMa2xySVJFbzY1Qm8yVlppUmhubU9DOVliN3RWOHpBaDMyMnV5NjFUSlVzdHVQWFJ1eDFMT1pyMA?oc=5\" target=\"_blank\" rel=\"nofollow noopener\">Mark Hamill revela que rechaz\u00f3 la idea de ser una estrella al estilo Tom Cruise: \u00abNo necesito ser protagonista\u00bb<\/a>&nbsp;&nbsp;Hobby Consolas<\/li>\n<\/ol>\n","protected":false},"excerpt":{"rendered":"Mark Hamill confirma c\u00f3mo &#8216;The Mandalorian&#8217; complet\u00f3 su visi\u00f3n de Star Wars: &#8216;Nunca hab\u00edamos visto a Luke como&hellip;\n","protected":false},"author":2,"featured_media":113496,"comment_status":"","ping_status":"","sticky":false,"template":"","format":"standard","meta":{"footnotes":""},"categories":[169],"tags":[177,146,147,25,24,176,175,23],"class_list":{"0":"post-116719","1":"post","2":"type-post","3":"status-publish","4":"format-standard","5":"has-post-thumbnail","7":"category-cine","8":"tag-cine","9":"tag-entertainment","10":"tag-entretenimiento","11":"tag-es","12":"tag-espana","13":"tag-film","14":"tag-movies","15":"tag-spain"},"share_on_mastodon":{"url":"","error":""},"_links":{"self":[{"href":"https:\/\/www.europesays.com\/es\/wp-json\/wp\/v2\/posts\/116719","targetHints":{"allow":["GET"]}}],"collection":[{"href":"https:\/\/www.europesays.com\/es\/wp-json\/wp\/v2\/posts"}],"about":[{"href":"https:\/\/www.europesays.com\/es\/wp-json\/wp\/v2\/types\/post"}],"author":[{"embeddable":true,"href":"https:\/\/www.europesays.com\/es\/wp-json\/wp\/v2\/users\/2"}],"replies":[{"embeddable":true,"href":"https:\/\/www.europesays.com\/es\/wp-json\/wp\/v2\/comments?post=116719"}],"version-history":[{"count":0,"href":"https:\/\/www.europesays.com\/es\/wp-json\/wp\/v2\/posts\/116719\/revisions"}],"wp:featuredmedia":[{"embeddable":true,"href":"https:\/\/www.europesays.com\/es\/wp-json\/wp\/v2\/media\/113496"}],"wp:attachment":[{"href":"https:\/\/www.europesays.com\/es\/wp-json\/wp\/v2\/media?parent=116719"}],"wp:term":[{"taxonomy":"category","embeddable":true,"href":"https:\/\/www.europesays.com\/es\/wp-json\/wp\/v2\/categories?post=116719"},{"taxonomy":"post_tag","embeddable":true,"href":"https:\/\/www.europesays.com\/es\/wp-json\/wp\/v2\/tags?post=116719"}],"curies":[{"name":"wp","href":"https:\/\/api.w.org\/{rel}","templated":true}]}}