{"id":116720,"date":"2025-09-15T13:57:07","date_gmt":"2025-09-15T13:57:07","guid":{"rendered":"https:\/\/www.europesays.com\/es\/116720\/"},"modified":"2025-09-15T13:57:07","modified_gmt":"2025-09-15T13:57:07","slug":"del-pozo-destaca-en-marbella-que-la-eliminatoria-de-copa-davis-tiene-un-impacto-economico-en-andalucia-de-mas-de-2-millones-de-euros-noticias","status":"publish","type":"post","link":"https:\/\/www.europesays.com\/es\/116720\/","title":{"rendered":"Del Pozo destaca en Marbella que la eliminatoria de Copa Davis tiene un impacto econ\u00f3mico en Andaluc\u00eda de m\u00e1s de 2 millones de euros &#8211; Noticias"},"content":{"rendered":"<p>La consejera de Cultura y Deporte de la Junta de Andaluc\u00eda, Patricia del Pozo, ha asistido a la primera jornada de la eliminatoria de Copa Davis que enfrenta en el Club de Tenis Puente Romano de Marbella (M\u00e1laga) a los combinados nacionales de Espa\u00f1a y Dinamarca y que dar\u00e1 acceso a la Final 8 a disputar en la localidad italiana de Bolonia.<\/p>\n<p>Del Pozo, ha destacado que \u201cesta eliminatoria de Copa Davis en Marbella tendr\u00e1 un impacto econ\u00f3mico en Andaluc\u00eda de m\u00e1s de dos millones de euros\u201d y ha mostrado su deseo \u201cporque Espa\u00f1a consiga este fin de semana su clasificaci\u00f3n para la Final 8 de Bolonia. Estoy convencida de que con el apoyo de todos los espa\u00f1oles que hoy est\u00e1n en las gradas de Puente Romano y la calidad de nuestros jugadores lo conseguiremos\u201d.<\/p>\n<p>La consejera tambi\u00e9n ha hecho balance durante la competici\u00f3n de la inversi\u00f3n de la Junta de Andaluc\u00eda en competiciones de tenis y ha destacado \u201cla apuesta del Gobierno andaluz de Juanma Moreno por este deporte es clara, como lo demuestran los m\u00e1s de 35 millones de euros invertidos en esta modalidad deportiva desde 2019, en un deporte con mucha tradici\u00f3n y afici\u00f3n en Andaluc\u00eda\u201d. <\/p>\n<p>Por \u00faltimo, Patricia del Pozo se ha congratulado de que en esta eliminatoria en Andaluc\u00eda \u201cse realice un merecido homenaje al equipo espa\u00f1ol que gan\u00f3 la primera Copa Davis para nuestro pa\u00eds, con jugadores de la talla de Juan Carlos Ferrero, \u00c1lex Corretja, Albert Costa y Joan Balcells, cuando se cumple el 25 aniversario de aquella efem\u00e9ride\u201d. <\/p>\n<p>En ese sentido, los aficionados que se desplacen a la Fan Zone habilitada en el Club de Tenis Puente Romano, tienen la oportunidad de visitar una exposici\u00f3n sobre el triunfo de Espa\u00f1a en aquella final del a\u00f1o 2000, y sobre los otros cinco entorchados conquistados en ediciones posteriores.<\/p>\n<p>Con esta eliminatoria, segunda ronda clasificatoria de la edici\u00f3n de este a\u00f1o de la competici\u00f3n, ser\u00e1 la quinta vez que la Copa Davis visite Marbella. Anteriormente lo hab\u00eda hecho en la Plaza de Toros de Puerto Ban\u00fas en 2009, y en el mismo Club Tenis Hotel Puente Romano en 1989, 2018 y 2022.<\/p>\n<p>Es el sexto enfrentamiento entre ambas naciones, con un balance favorable a Espa\u00f1a por 3-2. El \u00faltimo precedente se disput\u00f3 hace 10 a\u00f1os en Odense, con triunfo para el equipo formado entonces por Rafael Nadal, David Ferrer, Roberto Bautista y Fernando Verdasco.<\/p>\n<p>El equipo espa\u00f1ol de esta eliminatoria ante Dinamarca en Marbella est\u00e1 formado por Jaume Munar, Pablo Carre\u00f1o \u2013 que juegan los dos partidos individuales de esta primera jornada -, Pedro Mart\u00ednez y el granadino Roberto Carball\u00e9s, con David Ferrer como seleccionador.<\/p>\n<p>En el primer partido del d\u00eda, Pablo Carre\u00f1o perdi\u00f3 ante el n\u00famero 1 dan\u00e9s, Holger Rune, por 7-5 y 6-3; y el mallorqu\u00edn Jaume Munar ante Elmer Moeller, por 2-6, 6-1 y 6-4, por lo que la eliminatoria se complica para el combinado espa\u00f1ol, que tratar\u00e1 de remontar ma\u00f1ana domingo.<\/p>\n","protected":false},"excerpt":{"rendered":"La consejera de Cultura y Deporte de la Junta de Andaluc\u00eda, Patricia del Pozo, ha asistido a la&hellip;\n","protected":false},"author":2,"featured_media":116721,"comment_status":"","ping_status":"","sticky":false,"template":"","format":"standard","meta":{"footnotes":""},"categories":[93],"tags":[634,168,25,24,23,167],"class_list":{"0":"post-116720","1":"post","2":"type-post","3":"status-publish","4":"format-standard","5":"has-post-thumbnail","7":"category-deportes","8":"tag-deporte","9":"tag-deportes","10":"tag-es","11":"tag-espana","12":"tag-spain","13":"tag-sports"},"share_on_mastodon":{"url":"","error":""},"_links":{"self":[{"href":"https:\/\/www.europesays.com\/es\/wp-json\/wp\/v2\/posts\/116720","targetHints":{"allow":["GET"]}}],"collection":[{"href":"https:\/\/www.europesays.com\/es\/wp-json\/wp\/v2\/posts"}],"about":[{"href":"https:\/\/www.europesays.com\/es\/wp-json\/wp\/v2\/types\/post"}],"author":[{"embeddable":true,"href":"https:\/\/www.europesays.com\/es\/wp-json\/wp\/v2\/users\/2"}],"replies":[{"embeddable":true,"href":"https:\/\/www.europesays.com\/es\/wp-json\/wp\/v2\/comments?post=116720"}],"version-history":[{"count":0,"href":"https:\/\/www.europesays.com\/es\/wp-json\/wp\/v2\/posts\/116720\/revisions"}],"wp:featuredmedia":[{"embeddable":true,"href":"https:\/\/www.europesays.com\/es\/wp-json\/wp\/v2\/media\/116721"}],"wp:attachment":[{"href":"https:\/\/www.europesays.com\/es\/wp-json\/wp\/v2\/media?parent=116720"}],"wp:term":[{"taxonomy":"category","embeddable":true,"href":"https:\/\/www.europesays.com\/es\/wp-json\/wp\/v2\/categories?post=116720"},{"taxonomy":"post_tag","embeddable":true,"href":"https:\/\/www.europesays.com\/es\/wp-json\/wp\/v2\/tags?post=116720"}],"curies":[{"name":"wp","href":"https:\/\/api.w.org\/{rel}","templated":true}]}}