{"id":116724,"date":"2025-09-15T13:59:10","date_gmt":"2025-09-15T13:59:10","guid":{"rendered":"https:\/\/www.europesays.com\/es\/116724\/"},"modified":"2025-09-15T13:59:10","modified_gmt":"2025-09-15T13:59:10","slug":"este-es-el-dinero-que-cuesta-directo-al-grano-el-nuevo-programa-de-marta-flich-y-gonzalo-miro-en-la-1-de-tve","status":"publish","type":"post","link":"https:\/\/www.europesays.com\/es\/116724\/","title":{"rendered":"Este es el dinero que cuesta &#8216;Directo al grano&#8217;, el nuevo programa de Marta Flich y Gonzalo Mir\u00f3 en La 1 de TVE"},"content":{"rendered":"<p><img decoding=\"async\" class=\"voc-author__img\" src=\"https:\/\/www.europesays.com\/es\/wp-content\/uploads\/2025\/08\/autor-5052-foto-4.png\" alt=\"M. A.\"\/><\/p>\n<p class=\"voc-p\" style=\"\"><strong>RTVE<\/strong> lo tiene todo ya listo para una temporada que vendr\u00e1 cargada de nuevos proyectos televisivos. Al \u00e9xito de <a href=\"https:\/\/www.abc.es\/estilo\/belleza\/radical-cambio-look-david-broncano-estrenar-nueva-20250908115438-nt.html\" title=\"www.abc.es\" data-voc-vtm-id=\"in-text-traffic\" data-mrf-link=\"www.abc.es\" rel=\"nofollow noopener\" target=\"_blank\">&#8216;La Revuelta&#8217;<\/a>, &#8216;Ma\u00f1aneros 360&#8217; y <a href=\"https:\/\/www.abc.es\/play\/television\/noticias\/siete-millones-capitulos-fiasco-familia-tele-20250617190349-nt.html\" title=\"www.abc.es\" data-voc-vtm-id=\"in-text-traffic\" data-mrf-link=\"www.abc.es\" rel=\"nofollow noopener\" target=\"_blank\">&#8216;Malas lenguas&#8217;<\/a> tratar\u00e1 de sumarse este <strong>lunes 15 de septiembre<\/strong> un nuevo magac\u00edn vespertino: <strong>&#8216;Directo al grano&#8217;<\/strong>, presentado por <strong>Marta Flich y Gonzal\u00f3 Mir\u00f3<\/strong> y que se emitir\u00e1 de lunes a viernes, desde las 15.50 hasta las 17.25 horas, en La 1.<\/p>\n<p class=\"voc-p\" style=\"\">El fichaje de ambos presentadores, que hasta hace unos meses colaboraban <a href=\"https:\/\/www.abc.es\/play\/television\/noticias\/marta-flich-20250903103150-nt.html\" title=\"www.abc.es\" data-voc-vtm-id=\"in-text-traffic\" data-mrf-link=\"www.abc.es\" rel=\"nofollow noopener\" target=\"_blank\">en Mediaset<\/a> (&#8216;Todo es mentira&#8217;) y Atresmedia (&#8216;Espejo P\u00fablico&#8217;), respectivamente, ha sido toda una sorpresa. \u00ab<strong>Afronto con mucha ilusi\u00f3n este proyecto<\/strong> junto a una gran profesional que admiro por su estilo desenfadado y cercano. Buscaremos analizar la actualidad y acercarla a los espectadores de una manera clara, directa y entretenida, sin manipulaciones ni rodeos\u00bb, contaba el propio Mir\u00f3 tras anunciar <a href=\"https:\/\/www.abc.es\/play\/television\/rtve-confirma-fichaje-gonzalo-miro-copresentara-nuevo-20250823125637-nt.html\" title=\"www.abc.es\" data-voc-vtm-id=\"in-text-traffic\" data-mrf-link=\"www.abc.es\" rel=\"nofollow noopener\" target=\"_blank\">su fichaje por la cadena p\u00fablica<\/a>.<\/p>\n<p class=\"voc-p\" style=\"\">Este nuevo formato, que llega de la mano de <strong>La Osa Producciones Audiovisuales<\/strong> y <strong>Big Bang Media<\/strong> (THE MEDIAPRO STUDIO), se prepara ya para debutar por las tardes. El objetivo, explican desde la cadena p\u00fablica, es \u00ababordar la agenda diaria de <strong>temas sociales, pol\u00edticos y de consumo<\/strong> que m\u00e1s preocupan a la ciudadan\u00eda\u00bb con investigaciones y reportajes exclusivos y con \u00abun enfoque cercano, din\u00e1mico y plural\u00bb.<\/p>\n<p class=\"voc-p\" style=\"\">La corporaci\u00f3n ha vuelto a apostar para la ocasi\u00f3n por la productora de <strong>\u00d3scar Cornejo<\/strong>, a pesar de las bajas audiencias que <a href=\"https:\/\/www.abc.es\/play\/television\/gesto-principio-fin-familia-tele-20250612181039-nt.html\" title=\"www.abc.es\" data-voc-vtm-id=\"in-text-traffic\" data-mrf-link=\"www.abc.es\" rel=\"nofollow noopener\" target=\"_blank\">obtuvo con &#8216;La familia de la tele&#8217;<\/a> y que obligaron a cancelar el programa. Para este nuevo espacio en las tardes de La 1, como ya hizo en su momento con el fallido proyecto dirigido por <a href=\"https:\/\/www.abc.es\/play\/television\/noticias\/maria-patino-confiesa-sobre-fracaso-familia-tele-20250730180726-nt.html\" title=\"www.abc.es\" data-voc-vtm-id=\"in-text-traffic\" data-mrf-link=\"www.abc.es\" rel=\"nofollow noopener\" target=\"_blank\">Mar\u00eda Pati\u00f1o<\/a> y Bel\u00e9n Esteban, han destinado buena parte de su presupuesto al magac\u00edn: este es <strong>el dinero que ha pagado RTVE por &#8216;Directo al grano&#8217;<\/strong>.<\/p>\n<p>\nEl dinero que ha pagado RTVE por &#8216;Directo al grano&#8217;\n<\/p>\n<p class=\"voc-p\" style=\"\">RTVE ha contratado este nuevo programa, &#8216;Directo al grano&#8217;, por <strong>m\u00e1s de tres millones y medio de euros (3.511.081 euros, exactamente)<\/strong>, seg\u00fan el portal de Transparencia de RTVE. Medios como &#8216;<a href=\"https:\/\/dircomfidencial.com\/medios\/esto-es-lo-que-paga-rtve-por-directo-al-grano-el-nuevo-magazine-vespertino-20250905-0404\/\" title=\"dircomfidencial.com\" data-voc-vtm-id=\"in-text-traffic\" data-mrf-link=\"dircomfidencial.com\" rel=\"nofollow noopener\" target=\"_blank\">Dircomfidencial&#8217; <\/a>aseguran que &#8216;Directo al grano&#8217; tiene firmadas 91 emisiones, por lo que cada entrega del espacio presentado por Flich y Mir\u00f3 costar\u00e1 a la Corporaci\u00f3n p\u00fablica <strong>unos 38.583 euros<\/strong>.<\/p>\n<p class=\"voc-p\" style=\"\">El precio de este magac\u00edn es algo inferior al de las otras grandes apuestas de la cadena p\u00fablica. Seg\u00fan ha confirmado el citado medio, <strong>&#8216;Malas lenguas&#8217;<\/strong>, el programa presentado por Jes\u00fas Cintora, que tambi\u00e9n est\u00e1 producido por Big Bang Media, ha tenido un presupuesto de en torno a <strong>6,3 millones de euros<\/strong>, casi el doble que el espacio vespertino de La 1.<\/p>\n<p class=\"voc-p\" style=\"\">Por su parte, el coste de otro de los grandes programas de la p\u00fablica, <strong>&#8216;Ma\u00f1aneros&#8217;<\/strong>, producido por La Cometa TV, est\u00e1 cifrado en <strong>6,2 millones<\/strong>. As\u00ed, los principales programas de actualidad de RTVE suponen un coste de 16 millones de euros a la corporaci\u00f3n.<\/p>\n<p>Reportar un error<\/p>\n","protected":false},"excerpt":{"rendered":"RTVE lo tiene todo ya listo para una temporada que vendr\u00e1 cargada de nuevos proyectos televisivos. Al \u00e9xito&hellip;\n","protected":false},"author":2,"featured_media":116725,"comment_status":"","ping_status":"","sticky":false,"template":"","format":"standard","meta":{"footnotes":""},"categories":[91],"tags":[5191,534,2125,146,147,25,24,20689,4799,22509,14494,10288,524,2145,23,3156],"class_list":{"0":"post-116724","1":"post","2":"type-post","3":"status-publish","4":"format-standard","5":"has-post-thumbnail","7":"category-entretenimiento","8":"tag-cuesta","9":"tag-dinero","10":"tag-directo","11":"tag-entertainment","12":"tag-entretenimiento","13":"tag-es","14":"tag-espana","15":"tag-flich","16":"tag-gonzalo","17":"tag-grano","18":"tag-marta","19":"tag-miro","20":"tag-nuevo","21":"tag-programa","22":"tag-spain","23":"tag-tve"},"share_on_mastodon":{"url":"","error":""},"_links":{"self":[{"href":"https:\/\/www.europesays.com\/es\/wp-json\/wp\/v2\/posts\/116724","targetHints":{"allow":["GET"]}}],"collection":[{"href":"https:\/\/www.europesays.com\/es\/wp-json\/wp\/v2\/posts"}],"about":[{"href":"https:\/\/www.europesays.com\/es\/wp-json\/wp\/v2\/types\/post"}],"author":[{"embeddable":true,"href":"https:\/\/www.europesays.com\/es\/wp-json\/wp\/v2\/users\/2"}],"replies":[{"embeddable":true,"href":"https:\/\/www.europesays.com\/es\/wp-json\/wp\/v2\/comments?post=116724"}],"version-history":[{"count":0,"href":"https:\/\/www.europesays.com\/es\/wp-json\/wp\/v2\/posts\/116724\/revisions"}],"wp:featuredmedia":[{"embeddable":true,"href":"https:\/\/www.europesays.com\/es\/wp-json\/wp\/v2\/media\/116725"}],"wp:attachment":[{"href":"https:\/\/www.europesays.com\/es\/wp-json\/wp\/v2\/media?parent=116724"}],"wp:term":[{"taxonomy":"category","embeddable":true,"href":"https:\/\/www.europesays.com\/es\/wp-json\/wp\/v2\/categories?post=116724"},{"taxonomy":"post_tag","embeddable":true,"href":"https:\/\/www.europesays.com\/es\/wp-json\/wp\/v2\/tags?post=116724"}],"curies":[{"name":"wp","href":"https:\/\/api.w.org\/{rel}","templated":true}]}}