{"id":116736,"date":"2025-09-15T14:11:07","date_gmt":"2025-09-15T14:11:07","guid":{"rendered":"https:\/\/www.europesays.com\/es\/116736\/"},"modified":"2025-09-15T14:11:07","modified_gmt":"2025-09-15T14:11:07","slug":"dax-una-fiesta-taurina-por-todo-lo-alto","status":"publish","type":"post","link":"https:\/\/www.europesays.com\/es\/116736\/","title":{"rendered":"Dax, una fiesta taurina por todo lo alto"},"content":{"rendered":"<p style=\"\">Siempre me molest\u00f3 esta expresi\u00f3n en el famoso aria del Toreador en la Carmen de Bizet, por considerarla un tanto rimbombante y t\u00f3pica, pero esta vez encaj\u00f3 perfectamente a lo largo de esta tarde de Dax. Jos\u00e9 Fernando <a href=\"https:\/\/www.abc.es\/cultura\/toros\/ambicion-navalon-descerraja-puerta-grande-albacete-20250908214230-nt.html\" target=\"_self\" data-voc-vtm-id=\"in-text-traffic\" title=\"Molina\" data-mrf-link=\"www.abc.es\" rel=\"nofollow noopener\">Molina<\/a> y Juan de Castilla, cogidos  &#8230; hace pocos d\u00edas en la vecina <a href=\"https:\/\/www.abc.es\/cultura\/toros\/jesus-salas-juan-castilla-milagro-piton-paso-20250831130230-nt.html\" target=\"_self\" data-voc-vtm-id=\"in-text-traffic\" title=\"Bayona\" data-mrf-link=\"www.abc.es\" rel=\"nofollow noopener\">Bayona<\/a> &#8211; este \u00faltimo de gravedad -, reaparec\u00edan al lado de Esa\u00fa Fern\u00e1ndez ante toros de Robert Marg\u00e9 de mucho respeto en cuanto al trap\u00edo, encastados, de bravura variada y con complicaciones por su falta de humillaci\u00f3n en algunos casos, y por sus embestidas desordenadas los tres \u00faltimos. Lo dicho: el valor fue el protagonista de todo el festejo, marcado adem\u00e1s por momentos de susto; una cogida en toda regla de Esa\u00fa Fern\u00e1ndez en su segunda porta gayola, lo que no le impidi\u00f3 dar una larga en tablas al recuperarse inmediatamente, un revolc\u00f3n propiciado por el sexto al subalterno lidiador, no atendiendo a su capote y viniendo a por \u00e9l, y varios tropezones sufridos por los toreros ante caras sueltas de astados avisados, que se reservaban al discurrir las faenas. <\/p>\n<p class=\"voc-p\" style=\"\">El p\u00fablico de Dax, generalmente alegre y serio a la vez en este ciclo Toros y Salsa que cierra la temporada de la ciudad termal, sigui\u00f3 con respeto los acontecimientos. Ovacion\u00f3 la salida del colombiano Juan de Castilla a su primer oponente, y aplaudi\u00f3 con fuerza el detalle que tuvo Esa\u00fa Fern\u00e1ndez de brindar la muerte de su toro a sus compa\u00f1eros rescatados de las cogidas de Bayona. <\/p>\n<p class=\"voc-p\" style=\"\">En sus comparecencias el sevillano Esa\u00fa Fern\u00e1ndez demostr\u00f3 su oficio y la amplitud de su repertorio, con la preocupaci\u00f3n de sacar de sus toros la mejor calidad de sus embestidas. Lo hizo con el primer Marg\u00e9, coloc\u00e1ndole de largo para el caballo, en la segunda vara desde el tercio de toriles, instrumentando series redondas con las dos manos y rematando la faena con ligaz\u00f3n ojedista y luquecinas. Tuvo que aplicar mucha habilidad para mantener en el enga\u00f1o su segundo oponente que tend\u00eda a marcharse, y el conjunto del p\u00fablico, aunque respetuoso, no percibi\u00f3 el m\u00e9rito.<\/p>\n<p class=\"voc-p\" style=\"\">La tranquilidad con la que se present\u00f3 y actu\u00f3 Juan de Castilla no permiti\u00f3 adivinar cualquier merma de facultades. Para m\u00e1s inri inici\u00f3 su primera faena citando de rodillas y desde los medios su toro que estaba en las tablas, enlaz\u00f3 unas muy dignas series con la derecha, y termin\u00f3 otra vez de rodillas con manoletinas antes de cortar la oreja de la tarde despu\u00e9s de una buena estocada. Con el quinto, corret\u00f3n, sin humillar y defendi\u00e9ndose, poco se pod\u00eda hacer sino mantenerse en el sitio para sacar los pocos pases que cab\u00edan. La estocada muy h\u00e1bil y contundente le vali\u00f3 la ovaci\u00f3n y la vuelta. <\/p>\n<p class=\"voc-p\" style=\"\">Tambi\u00e9n se gan\u00f3 el respeto de los aficionados de Dax el albacete\u00f1o Jos\u00e9 Fernando Molina por la seriedad de su lidia con su primer toro que no tard\u00f3 en reservarse y en protestar en los remates de los pases. En el sexto, todav\u00eda m\u00e1s reticente, logr\u00f3 alargar algunos pases, propiciando dos o tres naturales muy amplios y rematados. Una faena muy valiente de verdad, que no valor\u00f3 del todo gran parte del respetable, como en el caso de Esa\u00fa Fern\u00e1ndez. <\/p>\n<p class=\"voc-p\" style=\"\">Una tarde donde el m\u00e9rito humano de los toreros, y la emoci\u00f3n despertada por \u00e9ste, predominaron sobre los logros art\u00edsticos.<\/p>\n<p>\n14 de septiembre: Y fin de fiesta en todo lo alto\n<\/p>\n<p class=\"voc-p\" style=\"\">Cinco orejas y rabo, dos toros de vuelta al ruedo y sendas salidas a hombros son el saldo de este mano a mano para el recuerdo de Daniel Luque y Clemente con toros de Santiago Domecq, de alta casta y bravura en el conjunto. \u00bfQui\u00e9n dice que el p\u00fablico franc\u00e9s no suele levantarse de sus asientos y gritar con oles ensordecedores? Los aficionados de Dax se prestaron a ello durante toda la tarde, y despertaron, por el sue\u00f1o torero que se apoder\u00f3 del ruedo, de su &#8211; a veces- medida admiraci\u00f3n. Ovacionaron con fuerza la despedida del alguacil despu\u00e9s de cuarenta a\u00f1os de buenos oficios, y hasta algunos alardes de los clarines y timbales que amenizaron este cierre de temporada al lado de varias bandas, pues esto era el ciclo Toros y Salsa, con la m\u00fasica de protagonista. <\/p>\n<p class=\"voc-p\" style=\"\">Como era de esperar Daniel Luque, actualmente el torero consentido de esta plaza, sent\u00f3 c\u00e1tedra sin prisa y sin pausa. Con sus doblones iniciales al hilo de las tablas, y su manera de conducirlas con la muleta, dio ritmo a las embestidas del primer toro, que no lo ten\u00edan al principio, y concluy\u00f3 con una gran estocada cortando oreja. Su oficio result\u00f3 verdaderamente imponente con el tercero, que se embarcaba con cabeza humillada en los enga\u00f1os, pero con arrancada corta y cierta brusquedad. A ese toro un tanto protest\u00f3n Luque le marco cada vez m\u00e1s las salidas con sus cambios de mano,hasta fijarlo con un pase del desd\u00e9n. Luego le llam\u00f3 moviendo los dedos de manera confidencial para invitarle a la confianza, y de su paciencia con el animal surgi\u00f3 su maestr\u00eda en plena luz. Remat\u00f3 la faena con luquecinas imperiales y propiciando una estocada en los medios. Como el toro aguant\u00f3 de pie, Luque hizo el gesto de tirarle al suelo su muleta para que el astado se echara embisti\u00e9ndola, y \u00e9ste al final se derrumb\u00f3. Delirio en los tendidos, corte de dos orejas, y vuelta inmerecida al toro cuya embestida fue en gran parte edificada por el torero. Poco permit\u00eda el quinto. <\/p>\n<p class=\"voc-p\" style=\"\">Con su primero Clemente dio muestras esperanzadoras de su toreo lento y profundo, pero el animal se vino un poco abajo y con la espada el franc\u00e9s no fue muy fino. Con el cuarto Santiago Domecq, y con la porta gayola desde el centro del anillo, se supo que el torero iba a por todas. Para ello la fijeza y la bravura del toro fue un regalo del cielo; un portento de embestidas largas e incansable a cualquier llamada de los capotes, caballos, banderillas y muletas. El gran m\u00e9rito de Clemente fue de corresponder a tanta altura, de enlazar sin soluci\u00f3n de continuidad todas las tandas que permit\u00eda ese gran animal, y de cerrarlas en redondo con delicadeza y firmeza en su ligaz\u00f3n a medida que un clamor huracanado cund\u00eda en los tendidos. El indulto estaba en el aire, pedido por voces cada vez m\u00e1s sonoras &#8211; merecido a mi modo de ver, salvo un peque\u00f1o fallo en la primera vara, en la que el toro sali\u00f3 suelto &#8211; y esperado por el torero, que segu\u00eda inventando pases hasta ser cogido en un despiste, y mirando al palco. No fue as\u00ed. Solo una vuelta fue la recompensa para el Santiago Domecq, y las dos orejas y el rabo para el torero. Clemente cumpli\u00f3 con el \u00faltimo de la tarde, falto de fuerza y sin mucha humillaci\u00f3n. <\/p>\n<p class=\"voc-p\" style=\"\">Se acabaron la fiesta y la temporada, y ya van a despertar los recuerdos en la tranquilidad recobrada de la ciudad landesa y termal, a orillas del r\u00edo Adour.<\/p>\n","protected":false},"excerpt":{"rendered":"Siempre me molest\u00f3 esta expresi\u00f3n en el famoso aria del Toreador en la Carmen de Bizet, por considerarla&hellip;\n","protected":false},"author":2,"featured_media":116737,"comment_status":"","ping_status":"","sticky":false,"template":"","format":"standard","meta":{"footnotes":""},"categories":[277],"tags":[3196,373,17373,168,25,24,2328,23,167,600,374],"class_list":{"0":"post-116736","1":"post","2":"type-post","3":"status-publish","4":"format-standard","5":"has-post-thumbnail","7":"category-toreo","8":"tag-alto","9":"tag-bullfighting","10":"tag-dax","11":"tag-deportes","12":"tag-es","13":"tag-espana","14":"tag-fiesta","15":"tag-spain","16":"tag-sports","17":"tag-taurina","18":"tag-toreo"},"share_on_mastodon":{"url":"","error":""},"_links":{"self":[{"href":"https:\/\/www.europesays.com\/es\/wp-json\/wp\/v2\/posts\/116736","targetHints":{"allow":["GET"]}}],"collection":[{"href":"https:\/\/www.europesays.com\/es\/wp-json\/wp\/v2\/posts"}],"about":[{"href":"https:\/\/www.europesays.com\/es\/wp-json\/wp\/v2\/types\/post"}],"author":[{"embeddable":true,"href":"https:\/\/www.europesays.com\/es\/wp-json\/wp\/v2\/users\/2"}],"replies":[{"embeddable":true,"href":"https:\/\/www.europesays.com\/es\/wp-json\/wp\/v2\/comments?post=116736"}],"version-history":[{"count":0,"href":"https:\/\/www.europesays.com\/es\/wp-json\/wp\/v2\/posts\/116736\/revisions"}],"wp:featuredmedia":[{"embeddable":true,"href":"https:\/\/www.europesays.com\/es\/wp-json\/wp\/v2\/media\/116737"}],"wp:attachment":[{"href":"https:\/\/www.europesays.com\/es\/wp-json\/wp\/v2\/media?parent=116736"}],"wp:term":[{"taxonomy":"category","embeddable":true,"href":"https:\/\/www.europesays.com\/es\/wp-json\/wp\/v2\/categories?post=116736"},{"taxonomy":"post_tag","embeddable":true,"href":"https:\/\/www.europesays.com\/es\/wp-json\/wp\/v2\/tags?post=116736"}],"curies":[{"name":"wp","href":"https:\/\/api.w.org\/{rel}","templated":true}]}}