{"id":116738,"date":"2025-09-15T14:15:07","date_gmt":"2025-09-15T14:15:07","guid":{"rendered":"https:\/\/www.europesays.com\/es\/116738\/"},"modified":"2025-09-15T14:15:07","modified_gmt":"2025-09-15T14:15:07","slug":"incidentes-en-la-vuelta-a-espana-reacciones-en-directo-y-ultima-hora-de-la-carrera-en-madrid","status":"publish","type":"post","link":"https:\/\/www.europesays.com\/es\/116738\/","title":{"rendered":"Incidentes en la Vuelta a Espa\u00f1a: reacciones en directo y \u00faltima hora de la carrera en Madrid"},"content":{"rendered":"<p class=\"ev-title\">Ayuso lamenta que Madrid diera imagen de \u00abun Sarajevo en guerra\u00bb y donde \u00abse persigue a los jud\u00edos\u00bb<\/p>\n<p><strong>Isabel D\u00edaz Ayuso<\/strong> ha lamentado que este domingo Madrid diera una imagen de \u00ab<strong>un Sarajevo en guerra<\/strong>\u00bb y de una ciudad en la que \u00abse persigue a los jud\u00edos\u00bb, refiri\u00e9ndose las protestas propalestinas durante el paso de La Vuelta que dejaron ayer <strong>dos detenidos y 22 polic\u00edas heridos leves.<\/strong><\/p>\n<p>\u00abMuchos de los turistas ayer tuvieron que salir corriendo por las calles de Madrid dando una imagen de un Sarajevo en guerra, <strong>probablemente hoy en el aeropuerto se han encontrado encima colas kilom\u00e9tricas<\/strong>, incluso algunos habr\u00e1n perdido sus aviones por la nefasta gesti\u00f3n que el Gobierno hace\u00bb, ha valorado el respecto la dirigente auton\u00f3mica en una entrevista en &#8216;esRadio&#8217; recogida por Europa Press.<\/p>\n<p>As\u00ed, ha criticado que muchas personas se van a ir de la capital con la sensaci\u00f3n de que es \u00abun desastre\u00bb y de que es una ciudad en la que hay \u00abinseguridad\u00bb. Adem\u00e1s<strong>, ha querido trasladar todo su apoyo a los jud\u00edos que viven en Madrid <\/strong>y a todos los israel\u00edes que no son jud\u00edos y que viven en la regi\u00f3n.<\/p>\n<p>\u00ab<strong>Un deportista no es culpable de su gobierno, ni un artista, ni un empresario<\/strong>, sino por ejemplo Alcaraz no podr\u00eda ir por el mundo. Imag\u00ednate si cada vez que nuestros deportistas tienen que pedir perd\u00f3n por el mundo por tener este Gobierno, si empez\u00e1ramos a boicotear el deporte, y todos los dem\u00e1s como lo est\u00e1n haciendo con la universidad, con tantas cosas, nos llevar\u00edan a los peores episodios del siglo XX, contra los jud\u00edos, contra Israel, pero tambi\u00e9n contra Occidente, y contra el Estado\u00bb, ha subrayado.<\/p>\n<p>En esta l\u00ednea, <strong>D\u00edaz Ayuso se ha referido a la Fiscal\u00eda de Delitos de Odio<\/strong>, que \u00abalg\u00fan d\u00eda habr\u00e1 que analizar lo subjetivo que puede llegar a ser, y que \u00abact\u00faa para lo que le conviene\u00bb. \u00abSi no es un delito de odio contra un grupo \u00e9tnico, contra una religi\u00f3n, contra una serie de personas determinadas, que venga Dios y lo vea\u00bb, ha defendido.<\/p>\n<p>Adem\u00e1s, y sobre las protestas por \u00ablos derechos humanos\u00bb, <strong>ha indicado que en Francia o en Italia la gente tambi\u00e9n \u00abtendr\u00e1 principios\u00bb<\/strong>, al considerar que las protestas iban contra \u00abla Vuelta Ciclista, contra Madrid y contra Espa\u00f1a\u00bb y no por los derechos de los ciudadanos palestinos.<\/p>\n<p>\u00ab<strong>El s\u00e1bado ya me intentaron con cuatro carteles coaccionar en la Puerta del Sol para que no celebr\u00e1ramos el inicio ya del contador (de la F\u00f3rmula 1)<\/strong>. Pero la inmensa mayor\u00eda de la gente de la plaza, que hab\u00eda gente de todos los colores, de todos los lugares de Espa\u00f1a y del mundo, se echaron. O sea, es que la gente no quiere eso. No era un mitin del PP. Y no pod\u00e9is imaginar c\u00f3mo especialmente hab\u00eda hispanos y hab\u00eda gente de Catalu\u00f1a, hab\u00eda gente de todas partes, que los echaron a voces. Largaos de aqu\u00ed. Es que la gente no quiere esto\u00bb, ha subrayado.<\/p>\n","protected":false},"excerpt":{"rendered":"Ayuso lamenta que Madrid diera imagen de \u00abun Sarajevo en guerra\u00bb y donde \u00abse persigue a los jud\u00edos\u00bb&hellip;\n","protected":false},"author":2,"featured_media":116739,"comment_status":"","ping_status":"","sticky":false,"template":"","format":"standard","meta":{"footnotes":""},"categories":[273],"tags":[313,312,168,25,24,23,167],"class_list":{"0":"post-116738","1":"post","2":"type-post","3":"status-publish","4":"format-standard","5":"has-post-thumbnail","7":"category-ciclismo","8":"tag-ciclismo","9":"tag-cycling","10":"tag-deportes","11":"tag-es","12":"tag-espana","13":"tag-spain","14":"tag-sports"},"share_on_mastodon":{"url":"","error":""},"_links":{"self":[{"href":"https:\/\/www.europesays.com\/es\/wp-json\/wp\/v2\/posts\/116738","targetHints":{"allow":["GET"]}}],"collection":[{"href":"https:\/\/www.europesays.com\/es\/wp-json\/wp\/v2\/posts"}],"about":[{"href":"https:\/\/www.europesays.com\/es\/wp-json\/wp\/v2\/types\/post"}],"author":[{"embeddable":true,"href":"https:\/\/www.europesays.com\/es\/wp-json\/wp\/v2\/users\/2"}],"replies":[{"embeddable":true,"href":"https:\/\/www.europesays.com\/es\/wp-json\/wp\/v2\/comments?post=116738"}],"version-history":[{"count":0,"href":"https:\/\/www.europesays.com\/es\/wp-json\/wp\/v2\/posts\/116738\/revisions"}],"wp:featuredmedia":[{"embeddable":true,"href":"https:\/\/www.europesays.com\/es\/wp-json\/wp\/v2\/media\/116739"}],"wp:attachment":[{"href":"https:\/\/www.europesays.com\/es\/wp-json\/wp\/v2\/media?parent=116738"}],"wp:term":[{"taxonomy":"category","embeddable":true,"href":"https:\/\/www.europesays.com\/es\/wp-json\/wp\/v2\/categories?post=116738"},{"taxonomy":"post_tag","embeddable":true,"href":"https:\/\/www.europesays.com\/es\/wp-json\/wp\/v2\/tags?post=116738"}],"curies":[{"name":"wp","href":"https:\/\/api.w.org\/{rel}","templated":true}]}}