{"id":116770,"date":"2025-09-15T14:33:12","date_gmt":"2025-09-15T14:33:12","guid":{"rendered":"https:\/\/www.europesays.com\/es\/116770\/"},"modified":"2025-09-15T14:33:12","modified_gmt":"2025-09-15T14:33:12","slug":"el-mejor-balonmano-en-imagenes-regresa-a-burgos-con-triunfo-en-el-plantio","status":"publish","type":"post","link":"https:\/\/www.europesays.com\/es\/116770\/","title":{"rendered":"El mejor balonmano (en im\u00e1genes) regresa a Burgos con triunfo en El Plant\u00edo"},"content":{"rendered":"<p>El balonmano regres\u00f3 a Burgos con el primer partido liguero del UBU San Pablo Burgos, que recib\u00eda al reci\u00e9n descendido Benidorm. Un choque en el que los de Jorge Berzosa se impusieron con rotundidad (31-19) al conjunto alicantino.\u00a0<\/p>\n<p class=\"c-detail__media__subtitle\">\n<p>                Imagen del partido entre el UBU San Pablo Burgos y el Benidorm.TOMAS ALONSO<\/p>\n<p>        Debut arrollador del UBU San Pablo Burgos<\/p>\n<p class=\"c-detail__media__subtitle\">\n<p>                Imagen del partido entre el UBU San Pablo Burgos y el Benidorm.TOMAS ALONSO<\/p>\n<p>        Debut arrollador del UBU San Pablo Burgos<\/p>\n<p class=\"c-detail__media__subtitle\">\n<p>                Imagen del partido entre el UBU San Pablo Burgos y el Benidorm.TOMAS ALONSO<\/p>\n<p>        Debut arrollador del UBU San Pablo Burgos<\/p>\n<p class=\"c-detail__media__subtitle\">\n<p>                Imagen del partido entre el UBU San Pablo Burgos y el Benidorm.TOMAS ALONSO<\/p>\n<p>        Debut arrollador del UBU San Pablo Burgos<\/p>\n<p class=\"c-detail__media__subtitle\">\n<p>                Imagen del partido entre el UBU San Pablo Burgos y el Benidorm.TOMAS ALONSO<\/p>\n<p>        Debut arrollador del UBU San Pablo Burgos<\/p>\n<p class=\"c-detail__media__subtitle\">\n<p>                Imagen del partido entre el UBU San Pablo Burgos y el Benidorm.TOMAS ALONSO<\/p>\n<p>        Debut arrollador del UBU San Pablo Burgos<\/p>\n<p class=\"c-detail__media__subtitle\">\n<p>                Imagen del partido entre el UBU San Pablo Burgos y el Benidorm.TOMAS ALONSO<\/p>\n<p>        Debut arrollador del UBU San Pablo Burgos<\/p>\n<p class=\"c-detail__media__subtitle\">\n<p>                Imagen del partido entre el UBU San Pablo Burgos y el Benidorm.TOMAS ALONSO<\/p>\n<p>        Debut arrollador del UBU San Pablo Burgos<\/p>\n<p class=\"c-detail__media__subtitle\">\n<p>                Imagen del partido entre el UBU San Pablo Burgos y el Benidorm.TOMAS ALONSO<\/p>\n<p>        Debut arrollador del UBU San Pablo Burgos<\/p>\n<p class=\"c-detail__media__subtitle\">\n<p>                Imagen del partido entre el UBU San Pablo Burgos y el Benidorm.TOMAS ALONSO<\/p>\n<p>        Debut arrollador del UBU San Pablo Burgos<\/p>\n<p class=\"c-detail__media__subtitle\">\n<p>                Imagen del partido entre el UBU San Pablo Burgos y el Benidorm.TOMAS ALONSO<\/p>\n<p>        Debut arrollador del UBU San Pablo Burgos<\/p>\n<p class=\"c-detail__media__subtitle\">\n<p>                Imagen del partido entre el UBU San Pablo Burgos y el Benidorm.TOMAS ALONSO<\/p>\n<p>        Debut arrollador del UBU San Pablo Burgos<\/p>\n<p class=\"c-detail__media__subtitle\">\n<p>                Imagen del partido entre el UBU San Pablo Burgos y el Benidorm.TOMAS ALONSO<\/p>\n<p>        Debut arrollador del UBU San Pablo Burgos<\/p>\n<p class=\"c-detail__media__subtitle\">\n<p>                Imagen del partido entre el UBU San Pablo Burgos y el Benidorm.TOMAS ALONSO<\/p>\n<p>        Debut arrollador del UBU San Pablo Burgos<\/p>\n<p class=\"c-detail__media__subtitle\">\n<p>                Imagen del partido entre el UBU San Pablo Burgos y el Benidorm.TOMAS ALONSO<\/p>\n<p>        Debut arrollador del UBU San Pablo Burgos<\/p>\n<p class=\"c-detail__media__subtitle\">\n<p>                Imagen del partido entre el UBU San Pablo Burgos y el Benidorm.TOMAS ALONSO<\/p>\n<p>        Debut arrollador del UBU San Pablo Burgos<\/p>\n<p class=\"c-detail__media__subtitle\">\n<p>                Imagen del partido entre el UBU San Pablo Burgos y el Benidorm.TOMAS ALONSO<\/p>\n<p>        Debut arrollador del UBU San Pablo Burgos<\/p>\n<p class=\"c-detail__media__subtitle\">\n<p>                Imagen del partido entre el UBU San Pablo Burgos y el Benidorm.TOMAS ALONSO<\/p>\n<p>        Debut arrollador del UBU San Pablo Burgos<\/p>\n<p class=\"c-detail__media__subtitle\">\n<p>                Imagen del partido entre el UBU San Pablo Burgos y el Benidorm.TOMAS ALONSO<\/p>\n<p>        Debut arrollador del UBU San Pablo Burgos<\/p>\n<p class=\"c-detail__media__subtitle\">\n<p>                Imagen del partido entre el UBU San Pablo Burgos y el Benidorm.TOMAS ALONSO<\/p>\n<p>        Debut arrollador del UBU San Pablo Burgos<\/p>\n<p class=\"c-detail__media__subtitle\">\n<p>                Imagen del partido entre el UBU San Pablo Burgos y el Benidorm.TOMAS ALONSO<\/p>\n<p>        Debut arrollador del UBU San Pablo Burgos<\/p>\n<p class=\"c-detail__media__subtitle\">\n<p>                Imagen del partido entre el UBU San Pablo Burgos y el Benidorm.TOMAS ALONSO<\/p>\n<p>        Debut arrollador del UBU San Pablo Burgos<\/p>\n<p class=\"c-detail__media__subtitle\">\n<p>                Imagen del partido entre el UBU San Pablo Burgos y el Benidorm.TOMAS ALONSO<\/p>\n<p>        Debut arrollador del UBU San Pablo Burgos<\/p>\n<p class=\"c-detail__media__subtitle\">\n<p>                Imagen del partido entre el UBU San Pablo Burgos y el Benidorm.TOMAS ALONSO<\/p>\n<p>        Debut arrollador del UBU San Pablo Burgos<\/p>\n<p class=\"c-detail__media__subtitle\">\n<p>                Imagen del partido entre el UBU San Pablo Burgos y el Benidorm.TOMAS ALONSO<\/p>\n<p>        Debut arrollador del UBU San Pablo Burgos<\/p>\n<p class=\"c-detail__media__subtitle\">\n<p>                Imagen del partido entre el UBU San Pablo Burgos y el Benidorm.TOMAS ALONSO<\/p>\n<p>        Debut arrollador del UBU San Pablo Burgos<\/p>\n<p class=\"c-detail__media__subtitle\">\n<p>                Imagen del partido entre el UBU San Pablo Burgos y el Benidorm.TOMAS ALONSO<\/p>\n<p>        Debut arrollador del UBU San Pablo Burgos<\/p>\n<p class=\"c-detail__media__subtitle\">\n<p>                Imagen del partido entre el UBU San Pablo Burgos y el Benidorm.TOMAS ALONSO<\/p>\n<p>        Debut arrollador del UBU San Pablo Burgos<\/p>\n<p class=\"c-detail__media__subtitle\">\n<p>                Imagen del partido entre el UBU San Pablo Burgos y el Benidorm.TOMAS ALONSO<\/p>\n<p>        Debut arrollador del UBU San Pablo Burgos<\/p>\n<p class=\"c-detail__media__subtitle\">\n<p>                Imagen del partido entre el UBU San Pablo Burgos y el Benidorm.TOMAS ALONSO<\/p>\n<p>        Debut arrollador del UBU San Pablo Burgos<\/p>\n<p class=\"c-detail__media__subtitle\">\n<p>                Imagen del partido entre el UBU San Pablo Burgos y el Benidorm.TOMAS ALONSO<\/p>\n<p>        Debut arrollador del UBU San Pablo Burgos<\/p>\n<p class=\"c-detail__media__subtitle\">\n<p>                Imagen del partido entre el UBU San Pablo Burgos y el Benidorm.TOMAS ALONSO<\/p>\n<p>        Debut arrollador del UBU San Pablo Burgos<\/p>\n<p class=\"c-detail__media__subtitle\">\n<p>                Imagen del partido entre el UBU San Pablo Burgos y el Benidorm.TOMAS ALONSO<\/p>\n<p>        Debut arrollador del UBU San Pablo Burgos<\/p>\n<p class=\"c-detail__media__subtitle\">\n<p>                Imagen del partido entre el UBU San Pablo Burgos y el Benidorm.TOMAS ALONSO<\/p>\n<p>        Debut arrollador del UBU San Pablo Burgos<\/p>\n<p class=\"c-detail__media__subtitle\">\n<p>                Imagen del partido entre el UBU San Pablo Burgos y el Benidorm.TOMAS ALONSO<\/p>\n<p>        Debut arrollador del UBU San Pablo Burgos<\/p>\n<p class=\"c-detail__media__subtitle\">\n<p>                Imagen del partido entre el UBU San Pablo Burgos y el Benidorm.TOMAS ALONSO<\/p>\n<p>        Debut arrollador del UBU San Pablo Burgos<\/p>\n<p class=\"c-detail__media__subtitle\">\n<p>                Imagen del partido entre el UBU San Pablo Burgos y el Benidorm.TOMAS ALONSO<\/p>\n<p>        Debut arrollador del UBU San Pablo Burgos<\/p>\n<p class=\"c-detail__media__subtitle\">\n<p>                Imagen del partido entre el UBU San Pablo Burgos y el Benidorm.TOMAS ALONSO<\/p>\n<p>        Debut arrollador del UBU San Pablo Burgos<\/p>\n<p class=\"c-detail__media__subtitle\">\n<p>                Imagen del partido entre el UBU San Pablo Burgos y el Benidorm.TOMAS ALONSO<\/p>\n<p>        Debut arrollador del UBU San Pablo Burgos<\/p>\n<p class=\"c-detail__media__subtitle\">\n<p>                Imagen del partido entre el UBU San Pablo Burgos y el Benidorm.TOMAS ALONSO<\/p>\n<p>        Debut arrollador del UBU San Pablo Burgos<\/p>\n<p class=\"c-detail__media__subtitle\">\n<p>                Imagen del partido entre el UBU San Pablo Burgos y el Benidorm.TOMAS ALONSO<\/p>\n<p>        Debut arrollador del UBU San Pablo Burgos<\/p>\n<p class=\"c-detail__media__subtitle\">\n<p>                Imagen del partido entre el UBU San Pablo Burgos y el Benidorm.TOMAS ALONSO<\/p>\n<p>        Debut arrollador del UBU San Pablo Burgos<\/p>\n<p class=\"c-detail__media__subtitle\">\n<p>                Imagen del partido entre el UBU San Pablo Burgos y el Benidorm.TOMAS ALONSO<\/p>\n<p>        Debut arrollador del UBU San Pablo Burgos<\/p>\n<p class=\"c-detail__media__subtitle\">\n<p>                Imagen del partido entre el UBU San Pablo Burgos y el Benidorm.TOMAS ALONSO<\/p>\n<p>        Debut arrollador del UBU San Pablo Burgos<\/p>\n<p class=\"c-detail__media__subtitle\">\n<p>                Imagen del partido entre el UBU San Pablo Burgos y el Benidorm.TOMAS ALONSO<\/p>\n<p>        Debut arrollador del UBU San Pablo Burgos<\/p>\n<p class=\"c-detail__media__subtitle\">\n<p>                Imagen del partido entre el UBU San Pablo Burgos y el Benidorm.TOMAS ALONSO<\/p>\n<p>        Debut arrollador del UBU San Pablo Burgos<\/p>\n<p class=\"c-detail__media__subtitle\">\n<p>                Imagen del partido entre el UBU San Pablo Burgos y el Benidorm.TOMAS ALONSO<\/p>\n<p>        Debut arrollador del UBU San Pablo Burgos<\/p>\n<p class=\"c-detail__media__subtitle\">\n<p>                Imagen del partido entre el UBU San Pablo Burgos y el Benidorm.TOMAS ALONSO<\/p>\n<p>        Debut arrollador del UBU San Pablo Burgos<\/p>\n<p class=\"c-detail__media__subtitle\">\n<p>                Imagen del partido entre el UBU San Pablo Burgos y el Benidorm.TOMAS ALONSO<\/p>\n<p>        Debut arrollador del UBU San Pablo Burgos<\/p>\n","protected":false},"excerpt":{"rendered":"El balonmano regres\u00f3 a Burgos con el primer partido liguero del UBU San Pablo Burgos, que recib\u00eda al&hellip;\n","protected":false},"author":2,"featured_media":116771,"comment_status":"","ping_status":"","sticky":false,"template":"","format":"standard","meta":{"footnotes":""},"categories":[278],"tags":[376,7092,2770,168,25,24,375,23,167,23118,31396],"class_list":{"0":"post-116770","1":"post","2":"type-post","3":"status-publish","4":"format-standard","5":"has-post-thumbnail","7":"category-balonmano","8":"tag-balonmano","9":"tag-benidorm","10":"tag-complejo-deportivo-el-plantio","11":"tag-deportes","12":"tag-es","13":"tag-espana","14":"tag-handball","15":"tag-spain","16":"tag-sports","17":"tag-ubu-san-pablo-burgos","18":"tag-universidad-de-burgos"},"share_on_mastodon":{"url":"","error":""},"_links":{"self":[{"href":"https:\/\/www.europesays.com\/es\/wp-json\/wp\/v2\/posts\/116770","targetHints":{"allow":["GET"]}}],"collection":[{"href":"https:\/\/www.europesays.com\/es\/wp-json\/wp\/v2\/posts"}],"about":[{"href":"https:\/\/www.europesays.com\/es\/wp-json\/wp\/v2\/types\/post"}],"author":[{"embeddable":true,"href":"https:\/\/www.europesays.com\/es\/wp-json\/wp\/v2\/users\/2"}],"replies":[{"embeddable":true,"href":"https:\/\/www.europesays.com\/es\/wp-json\/wp\/v2\/comments?post=116770"}],"version-history":[{"count":0,"href":"https:\/\/www.europesays.com\/es\/wp-json\/wp\/v2\/posts\/116770\/revisions"}],"wp:featuredmedia":[{"embeddable":true,"href":"https:\/\/www.europesays.com\/es\/wp-json\/wp\/v2\/media\/116771"}],"wp:attachment":[{"href":"https:\/\/www.europesays.com\/es\/wp-json\/wp\/v2\/media?parent=116770"}],"wp:term":[{"taxonomy":"category","embeddable":true,"href":"https:\/\/www.europesays.com\/es\/wp-json\/wp\/v2\/categories?post=116770"},{"taxonomy":"post_tag","embeddable":true,"href":"https:\/\/www.europesays.com\/es\/wp-json\/wp\/v2\/tags?post=116770"}],"curies":[{"name":"wp","href":"https:\/\/api.w.org\/{rel}","templated":true}]}}