{"id":116778,"date":"2025-09-15T14:38:07","date_gmt":"2025-09-15T14:38:07","guid":{"rendered":"https:\/\/www.europesays.com\/es\/116778\/"},"modified":"2025-09-15T14:38:07","modified_gmt":"2025-09-15T14:38:07","slug":"la-fiesta-que-un-empresario-argentino-ofrecio-a-israel-premier-tech","status":"publish","type":"post","link":"https:\/\/www.europesays.com\/es\/116778\/","title":{"rendered":"La fiesta que un empresario argentino ofreci\u00f3 a Israel Premier Tech"},"content":{"rendered":"<p>Tras una jornada marcada por <a href=\"https:\/\/www.elindependiente.com\/deportes\/2025\/09\/14\/los-manifestantes-propalestinos-cortan-el-recorrido-de-la-vuelta-en-el-centro-de-madrid\/\" target=\"_blank\" rel=\"noreferrer noopener nofollow\">las multitudinarias protestas pro palestinas que obligaron a suspender la \u00faltima etapa de La Vuelta<\/a>, el empresario argentino de ra\u00edces jud\u00edas <strong>Mart\u00edn Varsavsky<\/strong> ofreci\u00f3 su casa en Madrid para acoger una cena y una fiesta en honor al <a href=\"https:\/\/www.elindependiente.com\/internacional\/2025\/09\/06\/magnate-del-israel-premier-tech-embajador-de-israel\/\" target=\"_blank\" rel=\"noreferrer noopener nofollow\">Israel Premier Tech, el club del magnate israel\u00ed Sylvan Adams<\/a> cuya participaci\u00f3n ha suscitado la movilizaci\u00f3n popular en mitad de denuncias de sportswashing y en solidaridad con <a href=\"https:\/\/www.elindependiente.com\/internacional\/2025\/03\/18\/62000-muertos-ataques-israelies-franja-gaza\/\" target=\"_blank\" rel=\"noreferrer noopener nofollow\">una operaci\u00f3n militar israel\u00ed en Gaza que ha dejado cerca de 65.000 muertos.<\/a><\/p>\n<p>Tanto Martin como su esposa Nina han compartido en las \u00faltimas horas algunos de los momentos de la cena con la que cortejaron a los ciclistas y el equipo t\u00e9cnico del club israel\u00ed. En la velada, los asistentes incluso homenajearon a <strong>Matthew Riccitello<\/strong>, el ciclista del club que deb\u00eda haber subido a un podio finalmente cancelado. \u201c Matthew Riccitello del Israel Premier Tech no pudo recoger su maillot blanco al mejor corredor joven de La Vuelta por motivos de seguridad, pero le hicimos una bonita celebraci\u00f3n en casa\u201d, presume el empresario.<\/p>\n<blockquote class=\"twitter-tweet\" data-width=\"550\" data-dnt=\"true\">\n<p lang=\"es\" dir=\"ltr\">Matthew Riccitello del Israel Premier Tech no pudo recoger su maillot blanco al mejor corredor joven de La Vuelta por motivos de seguridad, pero le hicimos una bonita celebraci\u00f3n en casa. <a href=\"https:\/\/t.co\/70QvB7Ktqm\" rel=\"nofollow\">pic.twitter.com\/70QvB7Ktqm<\/a><\/p>\n<p>\u2014 Martin Varsavsky (@martinvars) <a href=\"https:\/\/twitter.com\/martinvars\/status\/1967354817741046201?ref_src=twsrc%5Etfw\" rel=\"nofollow noopener\" target=\"_blank\">September 14, 2025<\/a><\/p><\/blockquote>\n<p>Amigo de Milei y fundador de Jazztel<\/p>\n<p>En su perfil de X, Martin se define como \u201cemprendedor tecnol\u00f3gico, fundador de cinco unicornios\u201d adem\u00e1s de \u201cinversor tecnol\u00f3gico y padre de siete hijos\u201d. \u201cBloqueo a los antisemitas\u201d, advierte. Nacido en Argentina en 1960 en el seno de una familia jud\u00eda, <strong>Martin es firme defensor del presidente argentino Javier Milei y de su ideario libertario<\/strong>. Fue uno de los organizadores de su gira por Silicon Valley. Tambi\u00e9n comparte habitualmente comentarios cr\u00edticos contra el Gobierno espa\u00f1ol y censura cualquier cr\u00edtica a Israel, calific\u00e1ndola de \u00abantisemita\u00bb.<\/p>\n<p>Su esposa Nina, de nacionalidad alemana, tambi\u00e9n ha compartido en sus redes fotogramas de la velada que ofrecieron al club. \u201cT\u00fa a lo tuyo, quemando calles\u2026 nosotros a lo nuestro, cenando en casa con el equipazo Israel Premier Tech despu\u00e9s de la Vuelta\u201d, se jacta en su cuenta de X.<\/p>\n<p>Martin se mud\u00f3 a Estados Unidos despu\u00e9s de que uno de sus primos desapareciera durante la dictadura militar argentina. Se form\u00f3 en la universidad de Nueva York y realiz\u00f3 un m\u00e1ster en Asuntos Internacionales y un MBA en la Universidad de Columbia. Durante su trayectoria como empresario, ha ido creando empresas en los sectores de telecomunicaciones, biotecnolog\u00eda o inmobiliario. E<strong>n Espa\u00f1a fund\u00f3 Jazztel, adquirida por Orange en 2014, Ya.com y Eolia.<\/strong> Tambi\u00e9n ha lanzado varias aventuras empresariales en el campo de la fertilidad y ha firmado iniciativas filantr\u00f3picas.<\/p>\n<p>Su herencia jud\u00eda le ha llevado a protagonizar varias pol\u00e9micas, vinculadas a su defensa cerrada de Israel. Varsavsky ha invertido en startups israel\u00edes y ha colaborado con el ecosistema tecnol\u00f3gico israel\u00ed, un elemento en com\u00fan con el due\u00f1o del club ciclista, canadiense de origen que se estableci\u00f3 en Tel Aviv en 2015. <strong>\u201cIsrael es un Silicon Valley en el Medio Oriente, pr\u00f3spero, una cuna de innovaci\u00f3n\u201d<\/strong>, ha dicho.<\/p>\n<p>As\u00ed, en marzo de 2025, dimiti\u00f3 del consejo de administraci\u00f3n de <strong>Axel Springer <\/strong>(propietario de Politico) tras acusar al medio de publicar una cobertura \u201cfavorable a Ham\u00e1s\u201d. <\/p>\n<blockquote class=\"twitter-tweet\" data-width=\"550\" data-dnt=\"true\">\n<p lang=\"es\" dir=\"ltr\">Directivo del equipo Israel Premier Tech. Me dice que en el Giro todo muy bien,  en el Tour todo bien y en Espa\u00f1a el antisemitismo dirigido por el socialismo casi le cuesta la vida a dos ciclistas. Que fue un horror. Que el deporte que sirve para unir a la gente se us\u00f3 en este\u2026 <a href=\"https:\/\/t.co\/JAwoApTG1m\" rel=\"nofollow\">pic.twitter.com\/JAwoApTG1m<\/a><\/p>\n<p>\u2014 Martin Varsavsky (@martinvars) <a href=\"https:\/\/twitter.com\/martinvars\/status\/1967309414664139214?ref_src=twsrc%5Etfw\" rel=\"nofollow noopener\" target=\"_blank\">September 14, 2025<\/a><\/p><\/blockquote>\n<p>En la \u00faltima entrada de su blog, fechada en noviembre de 2023, escribi\u00f3: \u201cDesde el 7 de octubre, he experimentado un cambio significativo en mis ideas pol\u00edticas, inclin\u00e1ndome hacia la derecha. En el pasado fui un donante del partido Dem\u00f3crata estando en el consejo de la fundaci\u00f3n Clinton. Ahora he dejado ese partido. El 7 de octubre marc\u00f3 un punto de inflexi\u00f3n, alterando profundamente mi percepci\u00f3n pol\u00edtica del mundo\u201d. <\/p>\n<p>\u201cEs as\u00ed que he llegado a ver que Vox no representa una amenaza a la democracia liberal. Mucho m\u00e1s preocupante me parece la actitud de Pedro S\u00e1nchez en su intenci\u00f3n de reconocer a Palestina tras la masacre de jud\u00edos. <strong>Esto lo percibo como un premio a Hamas qu\u00e9 llega como una bofetada a los ideales democr\u00e1ticos<\/strong>, al pueblo jud\u00edo y a todos los espa\u00f1oles qu\u00e9 est\u00e1n en contra de recompensar al terrorismo\u201d, agreg\u00f3.<\/p>\n<p>            <a class=\"articulo-relacionado__media\" href=\"https:\/\/www.elindependiente.com\/internacional\/2025\/09\/15\/el-ex-primer-ministro-frances-dominique-de-villepin-sobre-el-rechazo-a-israel-espana-esta-salvando-el-honor-de-europa\/\" title=\"El ex primer ministro franc\u00e9s Dominique de Villepin sobre el rechazo a Israel: \u201cEspa\u00f1a est\u00e1 salvando el honor de Europa\u201d\" rel=\"nofollow noopener\" target=\"_blank\"><\/p>\n<p>                <img loading=\"lazy\" decoding=\"async\" src=\"data:image\/svg+xml,%3Csvg%20xmlns=\" http:=\"\" width=\"390\" height=\"220\" alt=\"El ex primer ministro franc\u00e9s Dominique de Villepin sobre el rechazo a Israel: \u201cEspa\u00f1a est\u00e1 salvando el honor de Europa\u201d\" data-lazy-src=\"https:\/\/www.europesays.com\/es\/wp-content\/uploads\/2025\/09\/europapress-3833786-08-july-2021-greece-athens-former-french-prime-minister-dominique-villepin-390x2.jpeg\"\/><\/p>\n<p>\t\t\t            <\/a><\/p>\n<p>\t<script async src=\"https:\/\/platform.twitter.com\/widgets.js\" charset=\"utf-8\"><\/script><\/p>\n","protected":false},"excerpt":{"rendered":"Tras una jornada marcada por las multitudinarias protestas pro palestinas que obligaron a suspender la \u00faltima etapa de&hellip;\n","protected":false},"author":2,"featured_media":116779,"comment_status":"","ping_status":"","sticky":false,"template":"","format":"standard","meta":{"footnotes":""},"categories":[273],"tags":[313,312,168,25,24,74,24267,76,23,167],"class_list":{"0":"post-116778","1":"post","2":"type-post","3":"status-publish","4":"format-standard","5":"has-post-thumbnail","7":"category-ciclismo","8":"tag-ciclismo","9":"tag-cycling","10":"tag-deportes","11":"tag-es","12":"tag-espana","13":"tag-israel","14":"tag-la-vuelta-a-espana","15":"tag-palestina","16":"tag-spain","17":"tag-sports"},"share_on_mastodon":{"url":"","error":""},"_links":{"self":[{"href":"https:\/\/www.europesays.com\/es\/wp-json\/wp\/v2\/posts\/116778","targetHints":{"allow":["GET"]}}],"collection":[{"href":"https:\/\/www.europesays.com\/es\/wp-json\/wp\/v2\/posts"}],"about":[{"href":"https:\/\/www.europesays.com\/es\/wp-json\/wp\/v2\/types\/post"}],"author":[{"embeddable":true,"href":"https:\/\/www.europesays.com\/es\/wp-json\/wp\/v2\/users\/2"}],"replies":[{"embeddable":true,"href":"https:\/\/www.europesays.com\/es\/wp-json\/wp\/v2\/comments?post=116778"}],"version-history":[{"count":0,"href":"https:\/\/www.europesays.com\/es\/wp-json\/wp\/v2\/posts\/116778\/revisions"}],"wp:featuredmedia":[{"embeddable":true,"href":"https:\/\/www.europesays.com\/es\/wp-json\/wp\/v2\/media\/116779"}],"wp:attachment":[{"href":"https:\/\/www.europesays.com\/es\/wp-json\/wp\/v2\/media?parent=116778"}],"wp:term":[{"taxonomy":"category","embeddable":true,"href":"https:\/\/www.europesays.com\/es\/wp-json\/wp\/v2\/categories?post=116778"},{"taxonomy":"post_tag","embeddable":true,"href":"https:\/\/www.europesays.com\/es\/wp-json\/wp\/v2\/tags?post=116778"}],"curies":[{"name":"wp","href":"https:\/\/api.w.org\/{rel}","templated":true}]}}