{"id":116787,"date":"2025-09-15T14:44:08","date_gmt":"2025-09-15T14:44:08","guid":{"rendered":"https:\/\/www.europesays.com\/es\/116787\/"},"modified":"2025-09-15T14:44:08","modified_gmt":"2025-09-15T14:44:08","slug":"la-biblioteca-de-poio-programa-cine-clasico-cuentos-para-bebes-intercambio-de-libros-y-mucho-mas","status":"publish","type":"post","link":"https:\/\/www.europesays.com\/es\/116787\/","title":{"rendered":"La Biblioteca de Poio programa cine cl\u00e1sico, cuentos para beb\u00e9s, intercambio de libros y mucho m\u00e1s"},"content":{"rendered":"<p>La Biblioteca Municipal de Poio da la bienvenida al \u00faltimo tramo del a\u00f1o con una programaci\u00f3n cultural cargada de actividades pensadas para todos los p\u00fablicos. Cine cl\u00e1sico, cuentacuentos para beb\u00e9s, intercambio de libros, talleres, juegos y muchas m\u00e1s sorpresas que invitan a descubrir (o redescubrir) el placer de la lectura y la cultura compartida.<\/p>\n<p>Desde el Concello, la concejala de Cultura e Educaci\u00f3n, Natalia Sabar\u00eds, destaca que esta programaci\u00f3n es diversa, original y pensada para todas las edades. \u00abQueremos que la biblioteca sea un espacio vivo, de encuentro y participaci\u00f3n\u00bb, ha afirmado.<\/p>\n<p><strong>Cuentos para beb\u00e9s.\u00a0<\/strong>Este <strong>viernes 19<\/strong> arrancan\u00a0en el Casal de Ferreir\u00f3s con <strong>Raquel Queiz\u00e1s<\/strong>, una narradora que presenta \u00abCambio e\u00a0Conto\u00bb, un espect\u00e1culo interactivo para beb\u00e9s y familias, cargado de humor, tradici\u00f3n y participaci\u00f3n. A las <strong>17:30 horas<\/strong>, con entrada libre hasta completar aforo.<\/p>\n<p><strong>Taller \u201cEscritoras\u201d.\u00a0<\/strong>El <strong>lunes 13 de octubre<\/strong>, celebrando\u00a0el D\u00eda Internacional de las Escritoras con una lectura compartida de textos seleccionados por la bibliotecaria. Un homenaje a las grandes voces femeninas de la literatura universal.<\/p>\n<p><strong>El Gran Quiz Familiar.\u00a0<\/strong>El <strong>24 de octubre<\/strong>, D\u00eda de la Biblioteca, trae\u00a0un divertido y educativo concurso para toda la familia.<\/p>\n<p><strong>Ciclo de Cine Cl\u00e1sico.\u00a0<\/strong>Una de las grandes apuestas de este oto\u00f1o: todos los <strong>viernes de noviembre a las 17:00 horas<\/strong>, recupera\u00a0el esp\u00edritu de los antiguos cineclubs con pel\u00edculas inolvidables como:\u00a0City Lights (Chaplin),\u00a0\u00a0El Verdugo (Berlanga),\u00a0Una noche en la \u00f3pera (Hermanos Marx),\u00a0Cantando bajo la lluvia (Gene Kelly).<\/p>\n<p><strong>Mercado Literario en Diciembre.\u00a0<\/strong>\u00bfTienes libros en casa que ya le\u00edste? Tr\u00e1elos (hasta 3 en buen estado) y ll\u00e9vate otros a cambio. la Biblioteca promueve la reutilizaci\u00f3n, el intercambio y el amor por la lectura entre vecinos.<\/p>\n<p><strong>Reto Lector 2025\u00a0<\/strong>Sigue en marcha este divertido reto que invita a leer algo distinto cada mes:\u00a0Septiembre: una biograf\u00eda;\u00a0Octubre: un audiolibro;\u00a0\u00a0Noviembre: una novela epistolar;\u00a0\u00a0Diciembre: un libro publicado el a\u00f1o de tu nacimiento.<\/p>\n<p>Adem\u00e1s como en a\u00f1os anteriores la Biblioteca animar\u00e1 a decorar\u00a0juntos el espacio de Navidad, hablar\u00a0sobre el Sama\u00edn y la lucha contra la violencia machista, y cerrar\u00e1\u00a0el a\u00f1o con la tradicional <strong>Loter\u00eda de Libros<\/strong>, donde la persona que m\u00e1s pr\u00e9stamos realice en diciembre se llevar\u00e1 una fabulosa <strong>cesta de libros<\/strong>.<\/p>\n","protected":false},"excerpt":{"rendered":"La Biblioteca Municipal de Poio da la bienvenida al \u00faltimo tramo del a\u00f1o con una programaci\u00f3n cultural cargada&hellip;\n","protected":false},"author":2,"featured_media":116788,"comment_status":"","ping_status":"","sticky":false,"template":"","format":"standard","meta":{"footnotes":""},"categories":[172],"tags":[224,146,147,25,24,225,23],"class_list":{"0":"post-116787","1":"post","2":"type-post","3":"status-publish","4":"format-standard","5":"has-post-thumbnail","7":"category-libros","8":"tag-books","9":"tag-entertainment","10":"tag-entretenimiento","11":"tag-es","12":"tag-espana","13":"tag-libros","14":"tag-spain"},"share_on_mastodon":{"url":"","error":""},"_links":{"self":[{"href":"https:\/\/www.europesays.com\/es\/wp-json\/wp\/v2\/posts\/116787","targetHints":{"allow":["GET"]}}],"collection":[{"href":"https:\/\/www.europesays.com\/es\/wp-json\/wp\/v2\/posts"}],"about":[{"href":"https:\/\/www.europesays.com\/es\/wp-json\/wp\/v2\/types\/post"}],"author":[{"embeddable":true,"href":"https:\/\/www.europesays.com\/es\/wp-json\/wp\/v2\/users\/2"}],"replies":[{"embeddable":true,"href":"https:\/\/www.europesays.com\/es\/wp-json\/wp\/v2\/comments?post=116787"}],"version-history":[{"count":0,"href":"https:\/\/www.europesays.com\/es\/wp-json\/wp\/v2\/posts\/116787\/revisions"}],"wp:featuredmedia":[{"embeddable":true,"href":"https:\/\/www.europesays.com\/es\/wp-json\/wp\/v2\/media\/116788"}],"wp:attachment":[{"href":"https:\/\/www.europesays.com\/es\/wp-json\/wp\/v2\/media?parent=116787"}],"wp:term":[{"taxonomy":"category","embeddable":true,"href":"https:\/\/www.europesays.com\/es\/wp-json\/wp\/v2\/categories?post=116787"},{"taxonomy":"post_tag","embeddable":true,"href":"https:\/\/www.europesays.com\/es\/wp-json\/wp\/v2\/tags?post=116787"}],"curies":[{"name":"wp","href":"https:\/\/api.w.org\/{rel}","templated":true}]}}