{"id":116810,"date":"2025-09-15T14:57:07","date_gmt":"2025-09-15T14:57:07","guid":{"rendered":"https:\/\/www.europesays.com\/es\/116810\/"},"modified":"2025-09-15T14:57:07","modified_gmt":"2025-09-15T14:57:07","slug":"encierros-y-corridas-del-15-al-19-de-septiembre","status":"publish","type":"post","link":"https:\/\/www.europesays.com\/es\/116810\/","title":{"rendered":"encierros y corridas del 15 al 19 de septiembre"},"content":{"rendered":"<p>La segunda mitad de septiembre mantiene viva la llama taurina en la televisi\u00f3n.<b> Desde las ferias tradicionales de Guadalajara y Albacete hasta el impulso a los j\u00f3venes en Higuera la Real,<\/b> las cadenas auton\u00f3micas y plataformas especializadas renuevan su compromiso con la tauromaquia. <a title=\"Canal Extremadura\" href=\"https:\/\/www.larazon.es\/cultura\/toros\/canal-extremadura-apuesta-futuro-toreo-dos-retransmisiones_20250804689084ad9db33905c4e2a703.html\" target=\"_blank\" rel=\"nofollow noopener\">Canal Extremadura<\/a>, <a title=\"Castilla-La Mancha Media\" href=\"https:\/\/www.larazon.es\/cultura\/toros\/castillala-mancha-epicentro-toreo-television_20250507681b224d319ae75da4c41e3a.html\" target=\"_blank\" rel=\"nofollow noopener\">Castilla-La Mancha Media<\/a> y <a title=\"OneToro TV\" href=\"https:\/\/www.larazon.es\/tags\/victorino-martin\/\" target=\"_blank\" rel=\"nofollow noopener\">OneToro TV<\/a> ofrecen esta semana un recorrido televisivo por distintos formatos: clases pr\u00e1cticas, encierros, corridas de figuras y un mano a mano de mucho inter\u00e9s.<\/p>\n<p>La oferta arranca con el <strong data-start=\"998\" data-end=\"1061\">XIII Ciclo de Clases Pr\u00e1cticas Trofeo Diputaci\u00f3n de Badajoz<\/strong>, donde Canal Extremadura apuesta por mostrar el futuro del toreo desde la base, con j\u00f3venes de escuelas andaluzas y extreme\u00f1as. <a title=\"Castilla-La Mancha Media\" href=\"https:\/\/www.larazon.es\/cultura\/toros\/castillala-mancha-epicentro-toreo-television_20250507681b224d319ae75da4c41e3a.html\" target=\"_blank\" rel=\"nofollow noopener\">Castilla-La Mancha Media<\/a> mantiene su cobertura diaria de los encierros de Guadalajara y ofrece uno de los carteles m\u00e1s esperados de la Feria de la Virgen de los Llanos, con toros de <a title=\"Victorino Mart\u00edn\" href=\"https:\/\/www.larazon.es\/tags\/victorino-martin\/\" target=\"_blank\" rel=\"nofollow noopener\">Victorino Mart\u00edn<\/a> para <b>Rub\u00e9n Pinar, David Galv\u00e1n y Gin\u00e9s Mar\u00edn.<\/b><\/p>\n<p>La Feria de La Antigua en Guadalajara ser\u00e1 protagonista en <a title=\"OneToro TV\" href=\"https:\/\/www.larazon.es\/tags\/victorino-martin\/\" target=\"_blank\" rel=\"nofollow noopener\">OneToro TV<\/a>, con dos corridas consecutivas que re\u00fanen a primeras figuras del escalaf\u00f3n y promesas emergentes, <b>con el a\u00f1adido de un mano a mano entre Gin\u00e9s Mar\u00edn y V\u00edctor Hern\u00e1ndez.<\/b><\/p>\n<p><strong data-start=\"1762\" data-end=\"1788\">Programaci\u00f3n taurina del 15 al 19 de septiembre de 2025 en televisi\u00f3n:<\/strong><\/p>\n<p><strong data-start=\"1762\" data-end=\"1788\">Lunes 15 de septiembre<\/strong><\/p>\n<ul>\n<li><b>21:00 h \u2013 Canal Extremadura.<\/b> Higuera la Real (Badajoz), XIII Ciclo de Clases Pr\u00e1cticas Trofeo Diputaci\u00f3n de Badajoz. Novillos de Zalduendo para <b>Pepe Mart\u00ednez (Escuela de Badajoz), Manuel Le\u00f3n (Escuela de Badajoz) y el triunfador del certamen de la Junta de Andaluc\u00eda.<\/b><\/li>\n<\/ul>\n<p><strong data-start=\"2066\" data-end=\"2096\">Mi\u00e9rcoles 17 de septiembre<\/strong><\/p>\n<ul>\n<li><b>18:00 h \u2013 Castilla-La Mancha Media. <\/b>Albacete, Feria de la Virgen de los Llanos. Corrida de toros. Toros de Victorino Mart\u00edn para <b>Rub\u00e9n Pinar, David Galv\u00e1n y Gin\u00e9s Mar\u00edn.<\/b><\/li>\n<\/ul>\n<p><strong data-start=\"2276\" data-end=\"2303\">Jueves 18 de septiembre<\/strong><\/p>\n<ul>\n<li><b>07:45 h \u2013 Castilla-La Mancha Media. <\/b>Guadalajara, Encierro.<\/li>\n<li><b>18:00 h \u2013 OneToro TV.<\/b> Guadalajara, Feria de La Antigua. Toros de El Capea para Jos\u00e9 Mar\u00eda Manzanares, Alejandro Talavante y Borja Jim\u00e9nez (que sustituye a Morante de la Puebla).<\/li>\n<\/ul>\n<p><strong data-start=\"2568\" data-end=\"2596\">Viernes 19 de septiembre<\/strong><\/p>\n<ul>\n<li><b>07:45 h \u2013 Castilla-La Mancha Media.<\/b> Guadalajara, Encierro.<\/li>\n<li><b>18:00 h \u2013 OneToro TV. <\/b>Guadalajara, Feria de La Antigua. Toros de Jos\u00e9 V\u00e1zquez para Gin\u00e9s Mar\u00edn y V\u00edctor Hern\u00e1ndez (mano a mano).<\/li>\n<\/ul>\n","protected":false},"excerpt":{"rendered":"La segunda mitad de septiembre mantiene viva la llama taurina en la televisi\u00f3n. Desde las ferias tradicionales de&hellip;\n","protected":false},"author":2,"featured_media":116811,"comment_status":"","ping_status":"","sticky":false,"template":"","format":"standard","meta":{"footnotes":""},"categories":[277],"tags":[373,168,25,24,23,167,374],"class_list":{"0":"post-116810","1":"post","2":"type-post","3":"status-publish","4":"format-standard","5":"has-post-thumbnail","7":"category-toreo","8":"tag-bullfighting","9":"tag-deportes","10":"tag-es","11":"tag-espana","12":"tag-spain","13":"tag-sports","14":"tag-toreo"},"share_on_mastodon":{"url":"","error":""},"_links":{"self":[{"href":"https:\/\/www.europesays.com\/es\/wp-json\/wp\/v2\/posts\/116810","targetHints":{"allow":["GET"]}}],"collection":[{"href":"https:\/\/www.europesays.com\/es\/wp-json\/wp\/v2\/posts"}],"about":[{"href":"https:\/\/www.europesays.com\/es\/wp-json\/wp\/v2\/types\/post"}],"author":[{"embeddable":true,"href":"https:\/\/www.europesays.com\/es\/wp-json\/wp\/v2\/users\/2"}],"replies":[{"embeddable":true,"href":"https:\/\/www.europesays.com\/es\/wp-json\/wp\/v2\/comments?post=116810"}],"version-history":[{"count":0,"href":"https:\/\/www.europesays.com\/es\/wp-json\/wp\/v2\/posts\/116810\/revisions"}],"wp:featuredmedia":[{"embeddable":true,"href":"https:\/\/www.europesays.com\/es\/wp-json\/wp\/v2\/media\/116811"}],"wp:attachment":[{"href":"https:\/\/www.europesays.com\/es\/wp-json\/wp\/v2\/media?parent=116810"}],"wp:term":[{"taxonomy":"category","embeddable":true,"href":"https:\/\/www.europesays.com\/es\/wp-json\/wp\/v2\/categories?post=116810"},{"taxonomy":"post_tag","embeddable":true,"href":"https:\/\/www.europesays.com\/es\/wp-json\/wp\/v2\/tags?post=116810"}],"curies":[{"name":"wp","href":"https:\/\/api.w.org\/{rel}","templated":true}]}}