{"id":116812,"date":"2025-09-15T15:00:07","date_gmt":"2025-09-15T15:00:07","guid":{"rendered":"https:\/\/www.europesays.com\/es\/116812\/"},"modified":"2025-09-15T15:00:07","modified_gmt":"2025-09-15T15:00:07","slug":"rune-carga-contra-espana-y-su-aficion-tras-la-eliminacion-de-la-copa-davis-la-educacion","status":"publish","type":"post","link":"https:\/\/www.europesays.com\/es\/116812\/","title":{"rendered":"Rune carga contra Espa\u00f1a y su afici\u00f3n tras la eliminaci\u00f3n de la Copa Davis: \u00abLa educaci\u00f3n&#8230;\u00bb"},"content":{"rendered":"<p class=\"L6-news-detail__text\"><b><a title=\"Espa\u00f1a\" href=\"https:\/\/www.lasexta.com\/noticias\/deportes\/tenis\/record-historico-que-batio-espana-remontar-dinamarca-copa-davis_2025091568c806ef0e72636c5e8ab7ea.html\" target=\"_blank\" rel=\"nofollow noopener\">Espa\u00f1a<\/a><\/b> cerr\u00f3 su clasificaci\u00f3n para las finales de la Copa Davis despu\u00e9s de remontarle a <b>Dinamarca un 0-2<\/b> a su favor en el global de la eliminatoria. Al final de la jornada del s\u00e1bado, todo parec\u00eda estar de cara para que los daneses sentenciaran el cruce pero <b>Jaume Munar y Pedro Mart\u00ednez<\/b> consiguieron el punto de dobles.<\/p>\n<p class=\"L6-news-detail__text\">Fue el propio Pedro quien, ante la estrella danesa, <b>Holger Rune<\/b>, igual\u00f3 la eliminatoria en un partido que tuvo de todo. Rune lleg\u00f3 a disponer de una bola de partido. Sin embargo, Mart\u00ednez lo llev\u00f3 al desempate del tercer y definitivo set y ah\u00ed puso el 2-2.<\/p>\n<p class=\"L6-news-detail__text\">Antes, <b>David Ferrer<\/b> hab\u00eda tenido una fuerte discusi\u00f3n con el juez de silla por ciertos comportamientos de Rune que no fueron sancionados. El dan\u00e9s, sorprendentemente, le neg\u00f3 el saludo al colegiado tras el encuentro.<\/p>\n<p class=\"L6-news-detail__text\">\u00ab<b>No se lo merec\u00eda (que le saludara)<\/b>. Eso pienso yo. Fue bastante evidente, demasiados errores. No fue un buen trabajo, en mi opini\u00f3n. As\u00ed que s\u00ed, no se lo merec\u00eda\u00bb, asegur\u00f3 Holger en unas declaraciones para el medio &#8216;Ekstrabladet&#8217;.<\/p>\n<p class=\"L6-news-detail__text\">El dan\u00e9s tambi\u00e9n dej\u00f3 caer un &#8216;dardo&#8217; por el comportamiento de la afici\u00f3n: \u00abSimplemente, creo que <b>hay diferencias entre los modales daneses y espa\u00f1oles. Hay algunas diferencias en la educaci\u00f3n<\/b>. Pero eso es parte del juego, y he vivido situaciones peores. Hay algunas cosas que, por supuesto, son un poco antideportivas. Pero, de nuevo, he vivido situaciones peores\u00bb.<\/p>\n<p class=\"L6-support-news-video__title\">11 de septiembre de 2026, el gran d\u00eda<\/p>\n<p>            <a href=\"https:\/\/www.lasexta.com\/noticias\/deportes\/motor\/formula1\/ano-que-formula-1-llegue-madrid-como-estan-obras-madring_2025091168c2df16ca99f73feeeb7499.html\" class=\"L6-news__link\" rel=\"nofollow noopener\" target=\"_blank\"><br \/>\n                Un a\u00f1o para que la F\u00f3rmula 1 llegue a Madrid: \u00bfC\u00f3mo est\u00e1n las obras de Madring?<\/p>\n<p class=\"recirculation-video-desc\">&#8216;Jugones&#8217; ha estado este jueves en los alrededores de IFEMA para presenciar de primera mano en qu\u00e9 punto se encuentra la construcci\u00f3n del trazado madrile\u00f1o.<\/p>\n<p>            <\/a><\/p>\n","protected":false},"excerpt":{"rendered":"Espa\u00f1a cerr\u00f3 su clasificaci\u00f3n para las finales de la Copa Davis despu\u00e9s de remontarle a Dinamarca un 0-2&hellip;\n","protected":false},"author":2,"featured_media":116813,"comment_status":"","ping_status":"","sticky":false,"template":"","format":"standard","meta":{"footnotes":""},"categories":[274],"tags":[168,25,24,23,167,327,326],"class_list":{"0":"post-116812","1":"post","2":"type-post","3":"status-publish","4":"format-standard","5":"has-post-thumbnail","7":"category-tenis","8":"tag-deportes","9":"tag-es","10":"tag-espana","11":"tag-spain","12":"tag-sports","13":"tag-tenis","14":"tag-tennis"},"share_on_mastodon":{"url":"","error":""},"_links":{"self":[{"href":"https:\/\/www.europesays.com\/es\/wp-json\/wp\/v2\/posts\/116812","targetHints":{"allow":["GET"]}}],"collection":[{"href":"https:\/\/www.europesays.com\/es\/wp-json\/wp\/v2\/posts"}],"about":[{"href":"https:\/\/www.europesays.com\/es\/wp-json\/wp\/v2\/types\/post"}],"author":[{"embeddable":true,"href":"https:\/\/www.europesays.com\/es\/wp-json\/wp\/v2\/users\/2"}],"replies":[{"embeddable":true,"href":"https:\/\/www.europesays.com\/es\/wp-json\/wp\/v2\/comments?post=116812"}],"version-history":[{"count":0,"href":"https:\/\/www.europesays.com\/es\/wp-json\/wp\/v2\/posts\/116812\/revisions"}],"wp:featuredmedia":[{"embeddable":true,"href":"https:\/\/www.europesays.com\/es\/wp-json\/wp\/v2\/media\/116813"}],"wp:attachment":[{"href":"https:\/\/www.europesays.com\/es\/wp-json\/wp\/v2\/media?parent=116812"}],"wp:term":[{"taxonomy":"category","embeddable":true,"href":"https:\/\/www.europesays.com\/es\/wp-json\/wp\/v2\/categories?post=116812"},{"taxonomy":"post_tag","embeddable":true,"href":"https:\/\/www.europesays.com\/es\/wp-json\/wp\/v2\/tags?post=116812"}],"curies":[{"name":"wp","href":"https:\/\/api.w.org\/{rel}","templated":true}]}}