{"id":116820,"date":"2025-09-15T15:06:31","date_gmt":"2025-09-15T15:06:31","guid":{"rendered":"https:\/\/www.europesays.com\/es\/116820\/"},"modified":"2025-09-15T15:06:31","modified_gmt":"2025-09-15T15:06:31","slug":"del-aviso-de-los-egos-al-triunfo-de-un-equipo","status":"publish","type":"post","link":"https:\/\/www.europesays.com\/es\/116820\/","title":{"rendered":"del aviso de los egos al triunfo de \u00abun equipo\u00bb"},"content":{"rendered":"<p class=\"ft-text ft-helper-closenews\">En dos semanas, y con la mayor\u00eda de los jugadores desperdigados por medio mundo con sus selecciones, ese mensaje (\u201cel ego mata el \u00e9xito\u201d, dijo <strong>Hansi Flick<\/strong> tras el frustrante 1-1 de Vallecas) se transform\u00f3 en un desaf\u00edo por resolver antes de que cangrenara las entra\u00f1as del grupo. Lleg\u00f3 el retorno a la Liga, con el Valencia de <strong>Carlos Corber\u00e1n<\/strong> como testigo, y el Bar\u00e7a enterr\u00f3 todos los egos, adem\u00e1s de lanzar un potente discurso futbol\u00edstico, capaz de sobrevivir sin<strong> Lamine Yamal<\/strong>.<\/p>\n<p><img decoding=\"async\" src=\"https:\/\/www.europesays.com\/es\/wp-content\/uploads\/2025\/09\/4a4d54b0-2beb-4c63-b4e5-b68dadb39b31_alta-libre-aspect-ratio_default_0.jpg\" width=\"1200\" height=\"704\" alt=\"Sant Joan Despi. 14.09.2025. Deportes. Pedri controla el bal\u00f3n ante Guerra en el estadio Johan Cruyff durante el partido de liga entre el FC Barcelona y el Valencia. Fotograf\u00eda de Jordi Cotrina\" class=\"ft-helper-img-rd\" loading=\"lazy\" hasdataaida=\"true\"\/><\/p>\n<p class=\"ft-helper-fontColor-quaternary ft-helper-fontSize-body-S ft-helper-spacer-t-xxs\">Pedri controla el bal\u00f3n ante Guerra en el estadio Johan Cruyff durante el partido de liga entre el FC Barcelona y el Valencia.  \/ JORDI COTRINA \/ EPC<\/p>\n<p class=\"ft-text\">De un serio problema, la ausencia de su estrella siempre lo ser\u00e1, el t\u00e9cnico, cuya actitud ha cambiado en este verano (\u00bfalguien habr\u00eda imaginado un <strong>Flick <\/strong>tan belicoso con<strong> De la Fuente<\/strong> meses atr\u00e1s?) encontr\u00f3 una oportunidad. Ni le tembl\u00f3 el pulso cuando el reloj le brind\u00f3 la ocasi\u00f3n de sentar a <strong>Raphinha <\/strong>en el banquillo de suplentes, tal si fuera el <strong>Kound\u00e9 <\/strong>de la pasada temporada, porque lleg\u00f3 tarde a la sesi\u00f3n de activaci\u00f3n. Ni con Lamine en la grada salv\u00f3 al capit\u00e1n brasile\u00f1o de su impuntualidad. Quien la hace, la paga.<\/p>\n<p class=\"ft-text\"><strong>Flick <\/strong>est\u00e1 m\u00e1s serio que nunca. M\u00e1s atento. Tiene el radar abierto desde hace semanas. En permanente estado de vigilancia porque no quiere que la obra levantada en tiempo r\u00e9cord el curso pasado -fue uno de los equipos de referencia del mundo aplastando al Madrid de <strong>Ancelotti <\/strong>al que conden\u00f3 al despido, precipitando el proyecto de <strong>Xabi Alonso<\/strong>&#8211; se estropee tan pronto y por motivos que no sean puramente deportivos.<\/p>\n<p><img decoding=\"async\" src=\"https:\/\/www.europesays.com\/es\/wp-content\/uploads\/2025\/09\/eff4d50f-66fd-4b0d-b62b-d19f04529acd_alta-libre-aspect-ratio_default_0.jpg\" width=\"1200\" height=\"645\" alt=\"Sant Joan Despi. 14.09.2025. Deportes. Raphinha celebra el cuarto gol en el estadio Johan Cruyff durante el partido de liga entre el FC Barcelona y el Valencia. Fotograf\u00eda de Jordi Cotrina\" class=\"ft-helper-img-rd\" loading=\"lazy\" hasdataaida=\"true\"\/><\/p>\n<p class=\"ft-helper-fontColor-quaternary ft-helper-fontSize-body-S ft-helper-spacer-t-xxs\">Raphinha celebra el cuarto gol en el estadio Johan Cruyff durante el partido de liga entre el FC Barcelona y el Valencia.  \/ JORDI COTRINA \/ EPC<\/p>\n<p class=\"ft-text\">Hasta seis cambios -algunos obligados; otros, no- introdujo el entrenador del Bar\u00e7a en el once inicial que aline\u00f3 ante el Rayo justo antes de que se viviera el par\u00f3n. Y su equipo capt\u00f3 a la primera, aunque tuviera una delantera inusual &#8211;<strong>Roony, Ferran Torres y Rashford<\/strong>-, la idea del alem\u00e1n. Abandon\u00f3 los egos en el viejo vestuario de Vallecas y rescat\u00f3 el traje del viejo Bar\u00e7a. Del Bar\u00e7a de Flick. O sea, un grupo comprometido, generoso, intenso en la presi\u00f3n -el primer remate a puerta del Valencia lleg\u00f3 en el minuto 70, ya con el 4-0-, din\u00e1mico, capaz de construir un caudal ofensivo de manera equilibrada y coherente. Hasta 24 remates firm\u00f3 el ins\u00f3lito grupo que dise\u00f1\u00f3 el t\u00e9cnico azulgrana, 10 a puerta, seis goles (uno en la primera mitad, cinco en la segunda), ensanchando la profundidad de la plantilla, donde nadie se puede sentir imprescindible.<\/p>\n<p><img decoding=\"async\" src=\"https:\/\/www.europesays.com\/es\/wp-content\/uploads\/2025\/09\/f85ac2fb-0aae-47b2-81d7-cb2efaf3754d_alta-libre-aspect-ratio_default_0.jpg\" width=\"1200\" height=\"661\" alt=\"Sant Joan Despi. 14.09.2025. Deportes. Flick ordenando a sus jugadores en el estadio Johan Cruyff durante el partido de liga entre el FC Barcelona y el Valencia. Fotograf\u00eda de Jordi Cotrina\" class=\"ft-helper-img-rd\" loading=\"lazy\" hasdataaida=\"true\"\/><\/p>\n<p class=\"ft-helper-fontColor-quaternary ft-helper-fontSize-body-S ft-helper-spacer-t-xxs\">Flick ordena a sus jugadores en el estadio Johan Cruyff durante el partido de liga entre el FC Barcelona y el Valencia.  \/ JORDI COTRINA \/ EPC<\/p>\n<p class=\"ft-text\">Y fue <strong>Ferm\u00edn<\/strong>, el media punta mentiroso, ese que nadie ve pero es todo un tesoro porque desatasca partidos con una naturalidad asombrosa, simboliza todo lo contrario al ego. Tipo altruista, a quien algunos empujaban a marcharse este mismo verano. Pero \u00e9l se resisti\u00f3, convencido de que tendr\u00eda su momento. Y lleg\u00f3 cuando m\u00e1s lo necesitaba el propio <strong>Ferm\u00edn<\/strong>, adem\u00e1s del Bar\u00e7a. Y, por supuesto, Flick, quien comenz\u00f3 su reencuentro con la Liga sin <strong>Lamine Yamal<\/strong> (lesionado),<strong> De Jong<\/strong> (lesionado), sin <strong>Balde <\/strong>(lesionado), sin <strong>Araujo o Christensen <\/strong>(suplentes y ni un minuto ante el Valencia), sin <strong>Raphinha<\/strong> (sali\u00f3 en el descanso y marc\u00f3 dos goles), sin <strong>Lewandowski <\/strong>(apareci\u00f3 en el minuto 68 y anot\u00f3 dos tantos) y sin <strong>Dani Olmo<\/strong> (compareci\u00f3 en el c\u00e9sped del<strong> Estadi Johan Cruyff <\/strong>tras el 4-0 supliendo a <strong>Rashford <\/strong>y le dio tiempo a regalar una asistencia al \u20189\u2019 polaco).<\/p>\n<p> <img decoding=\"async\" src=\"https:\/\/estaticos-cdn.elperiodico.com\/epc\/resourcescas\/infographics\/2025\/septiembre\/campito-asi-acabo-bar\u00e7a-ante-el-valencia.jpg\" style=\"width:350px; height:540px;\"\/> \u00abLo m\u00e1s importante es el equipo\u00bb<\/p>\n<p class=\"ft-text\">El Bar\u00e7a, en la b\u00fasqueda de su reencuentro consigo mismo, logr\u00f3 enterrar los egos que pululaban por el vestuario. \u00abHemos ganado como un equipo, como en la pasada temporada, con la relaci\u00f3n entre los jugadores. Siempre se trata de un equipo y no pensar solo en un jugador individual. Lo m\u00e1s importante es el equipo\u00bb, confes\u00f3 orgulloso el alem\u00e1n, quien termin\u00f3 con un Bar\u00e7a nacido en La Masia donde cohabitaron hasta siete jugadores en la goleada al Valencia -Flick ha firmado un 20-2 al grupo de Corberan en 13 meses- para rubricar otro once ins\u00f3lito: <strong>Joan Garcia, Kound\u00e9, Eric Garcia, Pau Cubars\u00ed, Jofre Torrents, Marc Bernal<\/strong>, que retorn\u00f3 tras m\u00e1s de un a\u00f1o de ausencia por la grave lesi\u00f3n que padeci\u00f3 en Vallecas, <strong>Marc Casad\u00f3, Dani Olmo, Raphinha, Lewandowski y Ferm\u00edn<\/strong>.<\/p>\n<p><img decoding=\"async\" src=\"https:\/\/www.europesays.com\/es\/wp-content\/uploads\/2025\/09\/604f69f1-2767-43cf-b1a0-bb56a1cd9ccf_alta-libre-aspect-ratio_default_0.jpg\" width=\"1200\" height=\"811\" alt=\"Sant Joan Despi. 14.09.2025. Deportes. Hansi Flick se dirige a Marc Bernal en la banda en el estadio Johan Cruyff durante el partido de liga entre el FC Barcelona y el Valencia. Fotograf\u00eda de Jordi Cotrina\" class=\"ft-helper-img-rd\" loading=\"lazy\" hasdataaida=\"true\"\/><\/p>\n<p class=\"ft-helper-fontColor-quaternary ft-helper-fontSize-body-S ft-helper-spacer-t-xxs\">Hansi Flick se dirige a Marc Bernal en la banda en el estadio Johan Cruyff durante el partido de liga entre el FC Barcelona y el Valencia.  \/ JORDI COTRINA \/ EPC<\/p>\n<p class=\"ft-text\">\u201cDesde el principio hicimos lo que yo quer\u00eda, estoy muy contento. Nos hemos concentrado en el trabajo y en comportarnos como un equipo\u201d, admiti\u00f3 el t\u00e9cnico del equipo m\u00e1s goleador de la Liga. Sum\u00f3 seis tantos en el peque\u00f1o Johan Cruyff en un solo partido, mientras el fastuoso Madrid de <strong>Mbapp\u00e9 <\/strong>suma ocho goles en cuatro jornadas. El Bar\u00e7a de Flick suma ya 13. Se sali\u00f3 <strong>Hansi <\/strong>con la suya y enterraron los egos en dos semanas.<\/p>\n<p data-close=\"closedContent\" class=\"subscribeHideForDisplay\">Suscr\u00edbete para seguir leyendo<\/p>\n","protected":false},"excerpt":{"rendered":"En dos semanas, y con la mayor\u00eda de los jugadores desperdigados por medio mundo con sus selecciones, ese&hellip;\n","protected":false},"author":2,"featured_media":116821,"comment_status":"","ping_status":"","sticky":false,"template":"","format":"standard","meta":{"footnotes":""},"categories":[268],"tags":[2977,168,39055,25,24,23811,4970,280,282,13342,11679,17499,281,23,167,2886,235,5419],"class_list":{"0":"post-116820","1":"post","2":"type-post","3":"status-publish","4":"format-standard","5":"has-post-thumbnail","7":"category-futbol","8":"tag-aviso","9":"tag-deportes","10":"tag-egos","11":"tag-es","12":"tag-espana","13":"tag-fermin-lopez","14":"tag-flick","15":"tag-football","16":"tag-futbol","17":"tag-hansi-flick","18":"tag-raphinha","19":"tag-robert-lewandowski","20":"tag-soccer","21":"tag-spain","22":"tag-sports","23":"tag-triunfo","24":"tag-valencia","25":"tag-valencia-cf"},"share_on_mastodon":{"url":"","error":""},"_links":{"self":[{"href":"https:\/\/www.europesays.com\/es\/wp-json\/wp\/v2\/posts\/116820","targetHints":{"allow":["GET"]}}],"collection":[{"href":"https:\/\/www.europesays.com\/es\/wp-json\/wp\/v2\/posts"}],"about":[{"href":"https:\/\/www.europesays.com\/es\/wp-json\/wp\/v2\/types\/post"}],"author":[{"embeddable":true,"href":"https:\/\/www.europesays.com\/es\/wp-json\/wp\/v2\/users\/2"}],"replies":[{"embeddable":true,"href":"https:\/\/www.europesays.com\/es\/wp-json\/wp\/v2\/comments?post=116820"}],"version-history":[{"count":0,"href":"https:\/\/www.europesays.com\/es\/wp-json\/wp\/v2\/posts\/116820\/revisions"}],"wp:featuredmedia":[{"embeddable":true,"href":"https:\/\/www.europesays.com\/es\/wp-json\/wp\/v2\/media\/116821"}],"wp:attachment":[{"href":"https:\/\/www.europesays.com\/es\/wp-json\/wp\/v2\/media?parent=116820"}],"wp:term":[{"taxonomy":"category","embeddable":true,"href":"https:\/\/www.europesays.com\/es\/wp-json\/wp\/v2\/categories?post=116820"},{"taxonomy":"post_tag","embeddable":true,"href":"https:\/\/www.europesays.com\/es\/wp-json\/wp\/v2\/tags?post=116820"}],"curies":[{"name":"wp","href":"https:\/\/api.w.org\/{rel}","templated":true}]}}