{"id":116822,"date":"2025-09-15T15:07:09","date_gmt":"2025-09-15T15:07:09","guid":{"rendered":"https:\/\/www.europesays.com\/es\/116822\/"},"modified":"2025-09-15T15:07:09","modified_gmt":"2025-09-15T15:07:09","slug":"papel-pintado-muebles-especiales-y-mucha-luz","status":"publish","type":"post","link":"https:\/\/www.europesays.com\/es\/116822\/","title":{"rendered":"papel pintado, muebles especiales y mucha luz"},"content":{"rendered":"<p><strong><a href=\"https:\/\/theobjective.com\/etiqueta\/marilo-montero\/\" rel=\"nofollow noopener\" target=\"_blank\">Maril\u00f3 Montero<\/a><\/strong> fue una de las protagonistas indiscutibles de la semana pasada tras su paso por La revuelta de David Broncano. Sin embargo, todo pas\u00f3 y <strong>hoy respira tranquila en su casa<\/strong>. La navarra, de 60 a\u00f1os, ha hecho de su vivienda en Madrid algo m\u00e1s que un espacio para descansar. <strong>Su casa es un refugio personal donde convergen calidez, est\u00e9tica y recuerdos<\/strong>. Con los a\u00f1os ha mostrado fragmentos de ella en redes sociales y reportajes, lo que nos permite asomarnos a c\u00f3mo es su decoraci\u00f3n.<\/p>\n<p>Una de las caracter\u00edsticas que m\u00e1s llaman la atenci\u00f3n de la casa de Maril\u00f3 Montero es la <strong>luminosidad<\/strong>. Grandes ventanales permiten que<strong> la luz natural inunde las estancias principales<\/strong>, resaltando los tonos suaves de las paredes y los muebles. Esa claridad refuerza la sensaci\u00f3n de amplitud, de calma, muy presente en su decoraci\u00f3n, seg\u00fan Vanitatis.<\/p>\n<p><strong>Los colores neutros predominan<\/strong>: blancos, arena, tonos crema, suaves matices de madera natural\u2026 aunque no es una casa fr\u00eda; los elementos de contraste \u2014madera oscura en ventanas, mobiliario con piezas vintage, detalles florales\u2014 le dan personalidad y un car\u00e1cter acogedor.<\/p>\n<p>El sal\u00f3n de Maril\u00f3 Montero es lo mejor de su casa<\/p>\n<p><strong>El sal\u00f3n-comedor<\/strong> es el coraz\u00f3n de la vivienda. En \u00e9l se combinan funcionalidad y est\u00e9tica. Hay estanter\u00edas de capacidad generosa, una mesa central para recibir visitas, sof\u00e1s confortables,<strong> recuerdos personales y fotograf\u00edas que llenan las paredes<\/strong>. Es un espacio vivido, un lugar donde se siente la presencia de los libros, los objetos con historia, las piezas decorativas que hablan de qui\u00e9n vive all\u00ed.<\/p>\n<p><strong>El despacho tambi\u00e9n tiene un lugar destacado<\/strong>. All\u00ed Maril\u00f3 prepara sus proyectos profesionales. Hay un escritorio frente al ventanal con buena luz, estanter\u00edas blancas amplias, muebles auxiliares de madera y algunos detalles vintage \u2014una radio antigua, alg\u00fan tel\u00e9fono retro\u2014 que dan un aire c\u00e1lido y personal, afirman desde <a href=\"https:\/\/decoracion.trendencias.com\/casas\/asi-casa-marilo-montero-madrid-cuatro-ideas-que-podemos-copiar?utm_source=chatgpt.com\" target=\"_blank\" rel=\"noreferrer noopener nofollow\">Decoesfera<\/a><a href=\"https:\/\/decoracion.trendencias.com\/casas\/asi-casa-marilo-montero-madrid-cuatro-ideas-que-podemos-copiar?utm_source=chatgpt.com\" target=\"_blank\" rel=\"noreferrer noopener nofollow\">.<\/a><\/p>\n<blockquote class=\"instagram-media\" data-instgrm-permalink=\"https:\/\/www.instagram.com\/reel\/DBWh7-To8bp\/?utm_source=ig_embed&amp;utm_campaign=loading\" data-instgrm-version=\"14\" style=\" background:#FFF; border:0; border-radius:3px; box-shadow:0 0 1px 0 rgba(0,0,0,0.5),0 1px 10px 0 rgba(0,0,0,0.15); margin: 1px; max-width:540px; min-width:326px; padding:0; width:99.375%; width:-webkit-calc(100% - 2px); width:calc(100% - 2px);\"\/>\n<p>El <strong>dormitorio principal <\/strong>se muestra como<strong> un refugio<\/strong>. Predominan los<strong> tonos suaves<\/strong>. Hay una gran c\u00f3moda de madera con cajones, mesitas de noche decoradas con flores, fotograf\u00edas, objetos personales, y un mural floral en una de las paredes \u2014un \u00e1rbol de flores rosas o cerezo en rama\u2014 que aporta un acento decorativo distintivo.<\/p>\n<p>Estilo decorativo: sobriedad con alma<\/p>\n<p><strong>La casa de Maril\u00f3 Montero mezcla sobriedad y calidez<\/strong>. No es minimalista en el sentido estricto; al contrario, se permite tener muchos elementos personales, libros, fotograf\u00edas, cuadros en blanco y negro. Pero lo hace manteniendo un equilibrio, ya que<strong> los espacios no se saturan, los colores ayudan a armonizar<\/strong>, y la madera, los textiles, las plantas y los detalles florales suavizan el ambiente.<\/p>\n<blockquote class=\"instagram-media\" data-instgrm-permalink=\"https:\/\/www.instagram.com\/reel\/DBnq6ihOcHS\/?utm_source=ig_embed&amp;utm_campaign=loading\" data-instgrm-version=\"14\" style=\" background:#FFF; border:0; border-radius:3px; box-shadow:0 0 1px 0 rgba(0,0,0,0.5),0 1px 10px 0 rgba(0,0,0,0.15); margin: 1px; max-width:540px; min-width:326px; padding:0; width:99.375%; width:-webkit-calc(100% - 2px); width:calc(100% - 2px);\"\/>\n<p>Un rasgo que aparece repetido es el<strong> uso del papel pintado de inspiraci\u00f3n vegetal en el dormitorio<\/strong>, con motivos florales que dan vida a la pared y contrastan con el resto de la estancia. Tambi\u00e9n los <strong>muebles auxiliares<\/strong>, con tiradores llamativos en algunas piezas de madera, que ayudan a dar ese car\u00e1cter personal a la estancia.<\/p>\n<p>Funcionalidad y detalles especiales<\/p>\n<p>Adem\u00e1s de est\u00e9tica, <strong>Maril\u00f3 Montero tambi\u00e9n cuida lo pr\u00e1ctico<\/strong>. Hay mucho espacio de almacenaje \u2014armarios empotrados, muebles auxiliares, c\u00f3modas\u2014 para mantener el orden. Se cuida que cada estancia tenga aquello que se necesita: iluminaci\u00f3n adecuada, rincones de lectura, vestidor en la habitaci\u00f3n principal, zonas de transici\u00f3n c\u00f3modas.<\/p>\n<p>Tambi\u00e9n, como dec\u00edamos, destaca la presencia de <strong>elementos decorativos con valor sentimental<\/strong>: fotograf\u00edas de sus hijos, marcos repartidos por varias paredes, objetos heredados o con historia personal. Es algo que aparece una y otra vez en las im\u00e1genes que la presentadora comparte, lo que sugiere que estos detalles no son meros accesorios sino parte del relato personal que ella quiere construir.<\/p>\n<blockquote class=\"instagram-media\" data-instgrm-captioned=\"\" data-instgrm-permalink=\"https:\/\/www.instagram.com\/p\/C9AE6HooJgT\/?utm_source=ig_embed&amp;utm_campaign=loading\" data-instgrm-version=\"14\" style=\" background:#FFF; border:0; border-radius:3px; box-shadow:0 0 1px 0 rgba(0,0,0,0.5),0 1px 10px 0 rgba(0,0,0,0.15); margin: 1px; max-width:540px; min-width:326px; padding:0; width:99.375%; width:-webkit-calc(100% - 2px); width:calc(100% - 2px);\"\/>\n<p>La vivienda de Maril\u00f3 Montero, por tanto, muestra que un hogar puede ser <strong>elegante, actual, luminoso y, al mismo tiempo, acogedor, pr\u00e1ctico y personal<\/strong>. Es un espacio construido no solo para mostrarse, sino para vivirse.<\/p>\n<p>                                                    <script async src=\"\/\/www.instagram.com\/embed.js\"><\/script><\/p>\n","protected":false},"excerpt":{"rendered":"Maril\u00f3 Montero fue una de las protagonistas indiscutibles de la semana pasada tras su paso por La revuelta&hellip;\n","protected":false},"author":2,"featured_media":116823,"comment_status":"","ping_status":"","sticky":false,"template":"","format":"standard","meta":{"footnotes":""},"categories":[174],"tags":[3738,255,1467,35663,146,147,25,24,256,36497,23],"class_list":{"0":"post-116822","1":"post","2":"type-post","3":"status-publish","4":"format-standard","5":"has-post-thumbnail","7":"category-famosos","8":"tag-casas","9":"tag-celebrities","10":"tag-comunidad-de-madrid","11":"tag-diseu00f1o","12":"tag-entertainment","13":"tag-entretenimiento","14":"tag-es","15":"tag-espana","16":"tag-famosos","17":"tag-marilu00f3-montero","18":"tag-spain"},"share_on_mastodon":{"url":"","error":""},"_links":{"self":[{"href":"https:\/\/www.europesays.com\/es\/wp-json\/wp\/v2\/posts\/116822","targetHints":{"allow":["GET"]}}],"collection":[{"href":"https:\/\/www.europesays.com\/es\/wp-json\/wp\/v2\/posts"}],"about":[{"href":"https:\/\/www.europesays.com\/es\/wp-json\/wp\/v2\/types\/post"}],"author":[{"embeddable":true,"href":"https:\/\/www.europesays.com\/es\/wp-json\/wp\/v2\/users\/2"}],"replies":[{"embeddable":true,"href":"https:\/\/www.europesays.com\/es\/wp-json\/wp\/v2\/comments?post=116822"}],"version-history":[{"count":0,"href":"https:\/\/www.europesays.com\/es\/wp-json\/wp\/v2\/posts\/116822\/revisions"}],"wp:featuredmedia":[{"embeddable":true,"href":"https:\/\/www.europesays.com\/es\/wp-json\/wp\/v2\/media\/116823"}],"wp:attachment":[{"href":"https:\/\/www.europesays.com\/es\/wp-json\/wp\/v2\/media?parent=116822"}],"wp:term":[{"taxonomy":"category","embeddable":true,"href":"https:\/\/www.europesays.com\/es\/wp-json\/wp\/v2\/categories?post=116822"},{"taxonomy":"post_tag","embeddable":true,"href":"https:\/\/www.europesays.com\/es\/wp-json\/wp\/v2\/tags?post=116822"}],"curies":[{"name":"wp","href":"https:\/\/api.w.org\/{rel}","templated":true}]}}