{"id":116824,"date":"2025-09-15T15:09:07","date_gmt":"2025-09-15T15:09:07","guid":{"rendered":"https:\/\/www.europesays.com\/es\/116824\/"},"modified":"2025-09-15T15:09:07","modified_gmt":"2025-09-15T15:09:07","slug":"una-vida-de-leyenda","status":"publish","type":"post","link":"https:\/\/www.europesays.com\/es\/116824\/","title":{"rendered":"Una vida de leyenda"},"content":{"rendered":"<p>El libro sobre Lorenzo Queipo de Llano, publicado por Ediciones El Viso, es mucho m\u00e1s que un recorrido por su trayectoria profesional en el mundo del dise\u00f1o y la decoraci\u00f3n: es, en realidad, una cr\u00f3nica de vida que se mueve entre lo autobiogr\u00e1fico, lo testimonial y lo legendario. La obra se construye como un mosaico de recuerdos, impresiones y voces de amigos, clientes y personalidades que, desde distintos \u00e1ngulos, dibujan el retrato de un hombre que ha hecho camino al andar \u2014como evoca la cita machadiana que abre el volumen\u2014 y que ha logrado convertir su existencia en un testimonio vital de creatividad, libertad y pasi\u00f3n.<\/p>\n<p>Desde las primeras p\u00e1ginas, se percibe que la narrativa no pretende seguir un orden lineal o cronol\u00f3gico. Al contrario, se articula como una serie de estampas y reflexiones que oscilan entre la evocaci\u00f3n personal y la valoraci\u00f3n est\u00e9tica. Juan Abell\u00f3 lo resume con claridad: Lorenzo es de aquellos que no siguen un camino fijado, sino que lo inventan a cada paso. Esa actitud vital impregna toda la obra, que se convierte en un relato de b\u00fasqueda permanente y de fidelidad a s\u00ed mismo.<\/p>\n<p>Una de las constantes del libro es la referencia a \u00c1frica, y en particular a Kenia. La experiencia africana no solo transform\u00f3 su mirada art\u00edstica, sino que le dio un sentido vital profundo: la convivencia con tribus, la inspiraci\u00f3n en tatuajes, abalorios, puertas y colores, o el contacto con la naturaleza salvaje, conformaron un imaginario que se refleja en sus dise\u00f1os. Las piezas que proyecta \u2014muebles, l\u00e1mparas, espacios\u2014 llevan siempre consigo esa impronta africana que \u00e9l logr\u00f3 reelaborar con un sello inconfundible. El texto, al hilo de sus propias confesiones, revela c\u00f3mo esa etapa africana marc\u00f3 el inicio de una f\u00e1brica en Kenia que lleg\u00f3 a emplear a una treintena de trabajadores, convirtiendo lo que naci\u00f3 como un ejercicio personal de dise\u00f1o en un aut\u00e9ntico proyecto empresarial.<\/p>\n<p>Carolina Herrera aporta un testimonio de gran valor en el libro: conoci\u00f3 a Lorenzo en Madrid hace a\u00f1os y destaca no solo la calidad de sus creaciones, sino la dimensi\u00f3n casi espiritual de sus dise\u00f1os. Subraya c\u00f3mo la mesa que encarg\u00f3 para su despacho no solo ha resistido el paso del tiempo, sino que le ha tra\u00eddo suerte y admiraci\u00f3n. Esta an\u00e9cdota ilustra perfectamente el sentido del trabajo de Lorenzo: objetos que trascienden su materialidad y se convierten en compa\u00f1eros de vida.<\/p>\n<p>El estilo de Queipo de Llano aparece descrito como \u00fanico y dif\u00edcil de copiar, no tanto por cuestiones t\u00e9cnicas sino porque est\u00e1 impregnado de su personalidad. \u00c9l mismo reconoce haber cometido numerosos errores, pero lejos de ocultarlos, los asume como parte esencial de su aprendizaje y como una marca de autenticidad. En sus propias palabras, la disciplina puede ser sustituida por la inteligencia y la planificaci\u00f3n, y esa filosof\u00eda vital se plasma en su manera de crear y de vivir.<\/p>\n<p>El libro tambi\u00e9n insiste en su car\u00e1cter bohemio y, a veces, incomprendido. No haber tenido nunca un jefe ni un camino prefijado se convierte en un signo de identidad. Esta libertad, que algunos podr\u00edan ver como desorden, es en realidad lo que le ha permitido construir un mundo propio y coherente, en el que los animales, los viajes y las personas que han marcado su trayectoria se entrelazan con los espacios que dise\u00f1a.<\/p>\n<p>La obra no se limita a la descripci\u00f3n de muebles o interiores: es una meditaci\u00f3n sobre el sentido de la est\u00e9tica como prolongaci\u00f3n de la vida. La decoraci\u00f3n, afirma, es la expresi\u00f3n de un estilo de vida, y en su caso, una manera de comunicar su manera de ver el mundo. Los elementos que introduce en sus proyectos \u2014luces nocturnas, hogueras, candiles\u2014 evocan siempre la memoria africana, donde las noches se llenaban de destellos sutiles que \u00e9l intenta trasladar a cualquier espacio que crea.<\/p>\n<p>De fondo, se percibe un legado que trasciende la mera biograf\u00eda personal. Lorenzo Queipo de Llano aparece como heredero de una tradici\u00f3n ilustre: bisabuelo del Conde de Toreno , destacado constituyente de las Cortes de C\u00e1diz de 1812, encarna la continuidad de una estirpe marcada por el compromiso con la creaci\u00f3n, la libertad y la innovaci\u00f3n. Esa referencia hist\u00f3rica, lejos de ser anecd\u00f3tica, a\u00f1ade una dimensi\u00f3n casi \u00e9pica a su figura: la de alguien que, desde su \u00e1mbito particular, prolonga un linaje de hombres que hicieron historia y que supieron abrir caminos en contextos distintos, pero siempre bajo el signo de la audacia.<\/p>\n<p>En conjunto, La leyenda de mi vida es un libro que combina memoria, testimonio y reflexi\u00f3n est\u00e9tica. No se limita a registrar la obra de un dise\u00f1ador y decorador excepcional, sino que ofrece al lector una invitaci\u00f3n a comprender la vida como un proceso creativo en s\u00ed mismo. La estructura fragmentaria, las voces de quienes lo conocieron y admiraron, las fotograf\u00edas y los detalles biogr\u00e1ficos conforman un retrato coral que resulta al mismo tiempo \u00edntimo y universal.<\/p>\n<p>El lector que se acerque a estas p\u00e1ginas encontrar\u00e1 no solo la cr\u00f3nica de una carrera art\u00edstica, sino tambi\u00e9n una filosof\u00eda de vida: la de alguien que ha hecho del riesgo, la pasi\u00f3n y la libertad sus br\u00fajulas, y que ha sabido transformar cada experiencia \u2014\u00e9xitos y errores, viajes y encuentros\u2014 en parte de un camino propio, irrepetible. Esa es, en definitiva, la leyenda de su vida: la de un hombre que hizo del arte y de la vida una misma cosa.<\/p>\n","protected":false},"excerpt":{"rendered":"El libro sobre Lorenzo Queipo de Llano, publicado por Ediciones El Viso, es mucho m\u00e1s que un recorrido&hellip;\n","protected":false},"author":2,"featured_media":116825,"comment_status":"","ping_status":"","sticky":false,"template":"","format":"standard","meta":{"footnotes":""},"categories":[172],"tags":[224,146,147,25,24,225,23],"class_list":{"0":"post-116824","1":"post","2":"type-post","3":"status-publish","4":"format-standard","5":"has-post-thumbnail","7":"category-libros","8":"tag-books","9":"tag-entertainment","10":"tag-entretenimiento","11":"tag-es","12":"tag-espana","13":"tag-libros","14":"tag-spain"},"share_on_mastodon":{"url":"","error":""},"_links":{"self":[{"href":"https:\/\/www.europesays.com\/es\/wp-json\/wp\/v2\/posts\/116824","targetHints":{"allow":["GET"]}}],"collection":[{"href":"https:\/\/www.europesays.com\/es\/wp-json\/wp\/v2\/posts"}],"about":[{"href":"https:\/\/www.europesays.com\/es\/wp-json\/wp\/v2\/types\/post"}],"author":[{"embeddable":true,"href":"https:\/\/www.europesays.com\/es\/wp-json\/wp\/v2\/users\/2"}],"replies":[{"embeddable":true,"href":"https:\/\/www.europesays.com\/es\/wp-json\/wp\/v2\/comments?post=116824"}],"version-history":[{"count":0,"href":"https:\/\/www.europesays.com\/es\/wp-json\/wp\/v2\/posts\/116824\/revisions"}],"wp:featuredmedia":[{"embeddable":true,"href":"https:\/\/www.europesays.com\/es\/wp-json\/wp\/v2\/media\/116825"}],"wp:attachment":[{"href":"https:\/\/www.europesays.com\/es\/wp-json\/wp\/v2\/media?parent=116824"}],"wp:term":[{"taxonomy":"category","embeddable":true,"href":"https:\/\/www.europesays.com\/es\/wp-json\/wp\/v2\/categories?post=116824"},{"taxonomy":"post_tag","embeddable":true,"href":"https:\/\/www.europesays.com\/es\/wp-json\/wp\/v2\/tags?post=116824"}],"curies":[{"name":"wp","href":"https:\/\/api.w.org\/{rel}","templated":true}]}}