{"id":116828,"date":"2025-09-15T15:12:55","date_gmt":"2025-09-15T15:12:55","guid":{"rendered":"https:\/\/www.europesays.com\/es\/116828\/"},"modified":"2025-09-15T15:12:55","modified_gmt":"2025-09-15T15:12:55","slug":"este-es-el-record-historico-que-pertenecia-a-pokemon-y-que-kimetsu-no-yaiba-la-fortaleza-infinita-ha-batido-diario-as","status":"publish","type":"post","link":"https:\/\/www.europesays.com\/es\/116828\/","title":{"rendered":"Este es el r\u00e9cord hist\u00f3rico que pertenec\u00eda a Pok\u00e9mon y que \u2018Kimetsu no Yaiba: La fortaleza infinita\u2019 ha batido &#8211; Diario AS"},"content":{"rendered":"<ol>\n<li><a href=\"https:\/\/news.google.com\/rss\/articles\/CBMi-AFBVV95cUxOVC1VRS1nZ3RWUU8zdWNaYmVYc3hET2FvaFRCalZvY0E2Y0pqVFktdDNLVXRjQ2l5cmd5SDh0NFhRVHR5a2d6Z3dfMmxDdmY2Q2lVVmJ6V0s3WFNlS0tGWkUza0RfSXg4Zk5ueVNlRnlkMHRLYUZndzdPakFGRnlqU0hEaDBBeEdseUxjRTQ4azhKQVJjc1ZDSHdGVTNPa1VxSVJaYVM2akxJTzc2ai1rU0dVZ2p0RURHbUtDRUt2anhsemtmSzU4Q2tJTkxrYk05NVljalE0WHkwLXowM1dpNGNGbWw0OXYyRHU5OEhSbUNyck96ck4yTdIBjAJBVV95cUxNSXIzZElfWUV1UnUxandKTlJEMUpoZTBZZWNEdGNCT2Vybmdwa3Q0RTJzZmZGLUFlSkN1emVFYk1UV1htZEJONEJ1RnlwTm9GWXZpRmpwd3RBWHZGYkZaOHU5aEY0WE1tX2dNMXVPS1ZnZkFFQVBBNXkwRHdWckZoVHhfM0NxTjRmZzhoYlB5N00wY3prUEpCcmRrLXpVZVRyZEdUNG9RSTdzS3plRHFBU2V2X1hrX2Z2UmxTRUZMUW43VldpM1VlLUlBS25yeVdBZjlmbjdES0lXLUQwaS1vZ0lPZkppOWM2a1FWZkRFLXRuVWF3S0NwdGNXaGtUcW1idnNMTTR2UDJlTF9N?oc=5\" target=\"_blank\" rel=\"nofollow noopener\">Este es el r\u00e9cord hist\u00f3rico que pertenec\u00eda a Pok\u00e9mon y que \u2018Kimetsu no Yaiba: La fortaleza infinita\u2019 ha batido<\/a>&nbsp;&nbsp;Diario AS<\/li>\n<li><a href=\"https:\/\/news.google.com\/rss\/articles\/CBMinwFBVV95cUxNSkRBZWJFWEF2MVVhN3QtUUxHVlJkbExsenZjb3lkZ2hrVlJwalM4MnppWVJzUi1Dc2drQklCVjM0bVNDRC1pOVZlS0c5UTRta0xSaFVjRXVsS1oxaDhMMzBjY2dPQ2VJSEtiUllISmtnMkFnbG1WZW1Xam8yVXlmalJaZkNacVY4N3FzZlNGQ1l1dFdVdkpKeXQ3VzBTejg?oc=5\" target=\"_blank\" rel=\"nofollow noopener\">GUARDIANES DE LA NOCHE: KIMETSU NO YAIBA LA FORTALEZA INFINITA | OFERTAS EXCLUSIVAS<\/a>&nbsp;&nbsp;Cinesa<\/li>\n<li><a href=\"https:\/\/news.google.com\/rss\/articles\/CBMiqAFBVV95cUxQUXBYRWE3MXlBQ203ZFRsZFFwbkxMekdGTzZvR3ZDV25VLXd0M3JSak9ERXlzMHpQUVJWRDZuMUxSSlhiUjMyX0Z0bEFWNHkxQzZFRFdJNjBXa2RzQVhab3lCU0Rfb0NpTUswVUw1amg1QWUzU2taQUlTRERiTUFZNDNFWFBpRDRUQkdsemdKbWVOV1Z4WnZnR3FDYlB1SVVRRjRGWmUtR1U?oc=5\" target=\"_blank\" rel=\"nofollow noopener\">&#8216;Guardianes de la Noche&#8217; arrasa en Espa\u00f1a y rompe r\u00e9cords de taquilla<\/a>&nbsp;&nbsp;ABC<\/li>\n<li><a href=\"https:\/\/news.google.com\/rss\/articles\/CBMiqwFBVV95cUxNUm44Zm1nMDF2NWp3WWQxWlUyTlVEenYybm9TTVpObnhSLXVKMUN0RVBaelR0TnRfQm1LZjlUSXZOMmN1QXlOeE9wdUhjVnV4ZEYyRWhRcG5uNEZfSkZKcmpvRkVBU0plbno0OVdTREd0Wk5OZmdFclFUazh6b19jNjBfMXdBYnAwTHV3OHZxNnN5Q2QxUHdSY0hvamZnektnblNMcmJJaHRSYknSAbABQVVfeXFMTkpxTkJhbEJLZ1VmcXY0RUprSkR5dmk0X1pzLUNSUVRQdnhBYnUxZ3JBRjZoTHNxUHRNOTUyQndOQlF5Z0xBMFp6MXhWcFJVbkV3ZFptVjdFTmxISUx6OHZJd3p2NHVHRW42SThuRHRHY0NtSldTNUZwc0lrUXVnUkpzdklRUHFkT19PTnBidC1BQ1ByUlpET1VzbFEtclFXbnR5RWxjbzFrWXZzNF9idmU?oc=5\" target=\"_blank\" rel=\"nofollow noopener\">Demon Slayer arrebata este r\u00e9cord que Pok\u00e9mon llevaba teniendo 27 a\u00f1os<\/a>&nbsp;&nbsp;Nintenderos<\/li>\n<li><a href=\"https:\/\/news.google.com\/rss\/articles\/CBMiwAFBVV95cUxNV1I4UmlUM1RJNUhNRjB1VGVjLWhLUlpSaXNBMFI1ZDlHb25KcjdjTzBLcDg5RjFjaTRpRElvZW9xN1BBbnpsVGFJOHF4UmwxLWVqOUw1WE1LR3dTUWFtYnlxb2V3SUtsdUVfVE8tcmFVWng2TzdrQ0pERG1UNmRhbURIUTJXVTBFZVFFUnQxVUhHTlA4Ym9hWGNEaUJyLU5ib242RWtWU1BpMHhPUl9Xa09wZDFwV1FsX1NiaWQyMmM?oc=5\" target=\"_blank\" rel=\"nofollow noopener\">&#8216;Demon Slayer: Kimetsu no Yaiba&#8217;: en qu\u00e9 orden ver las pel\u00edculas y temporadas de la serie<\/a>&nbsp;&nbsp;Fotogramas<\/li>\n<\/ol>\n","protected":false},"excerpt":{"rendered":"Este es el r\u00e9cord hist\u00f3rico que pertenec\u00eda a Pok\u00e9mon y que \u2018Kimetsu no Yaiba: La fortaleza infinita\u2019 ha&hellip;\n","protected":false},"author":2,"featured_media":113496,"comment_status":"","ping_status":"","sticky":false,"template":"","format":"standard","meta":{"footnotes":""},"categories":[169],"tags":[177,146,147,25,24,176,175,23],"class_list":{"0":"post-116828","1":"post","2":"type-post","3":"status-publish","4":"format-standard","5":"has-post-thumbnail","7":"category-cine","8":"tag-cine","9":"tag-entertainment","10":"tag-entretenimiento","11":"tag-es","12":"tag-espana","13":"tag-film","14":"tag-movies","15":"tag-spain"},"share_on_mastodon":{"url":"","error":""},"_links":{"self":[{"href":"https:\/\/www.europesays.com\/es\/wp-json\/wp\/v2\/posts\/116828","targetHints":{"allow":["GET"]}}],"collection":[{"href":"https:\/\/www.europesays.com\/es\/wp-json\/wp\/v2\/posts"}],"about":[{"href":"https:\/\/www.europesays.com\/es\/wp-json\/wp\/v2\/types\/post"}],"author":[{"embeddable":true,"href":"https:\/\/www.europesays.com\/es\/wp-json\/wp\/v2\/users\/2"}],"replies":[{"embeddable":true,"href":"https:\/\/www.europesays.com\/es\/wp-json\/wp\/v2\/comments?post=116828"}],"version-history":[{"count":0,"href":"https:\/\/www.europesays.com\/es\/wp-json\/wp\/v2\/posts\/116828\/revisions"}],"wp:featuredmedia":[{"embeddable":true,"href":"https:\/\/www.europesays.com\/es\/wp-json\/wp\/v2\/media\/113496"}],"wp:attachment":[{"href":"https:\/\/www.europesays.com\/es\/wp-json\/wp\/v2\/media?parent=116828"}],"wp:term":[{"taxonomy":"category","embeddable":true,"href":"https:\/\/www.europesays.com\/es\/wp-json\/wp\/v2\/categories?post=116828"},{"taxonomy":"post_tag","embeddable":true,"href":"https:\/\/www.europesays.com\/es\/wp-json\/wp\/v2\/tags?post=116828"}],"curies":[{"name":"wp","href":"https:\/\/api.w.org\/{rel}","templated":true}]}}