{"id":116829,"date":"2025-09-15T15:13:11","date_gmt":"2025-09-15T15:13:11","guid":{"rendered":"https:\/\/www.europesays.com\/es\/116829\/"},"modified":"2025-09-15T15:13:11","modified_gmt":"2025-09-15T15:13:11","slug":"mondo-duplantis-salta-630-metros-y-bate-otra-vez-su-propio-record-del-mundo-deportes","status":"publish","type":"post","link":"https:\/\/www.europesays.com\/es\/116829\/","title":{"rendered":"Mondo Duplantis salta 6,30 metros y bate otra vez su propio r\u00e9cord del mundo | Deportes"},"content":{"rendered":"<p class=\"\">Mondo Duplantis lo ha vuelto a hacer. <a href=\"https:\/\/elpais.com\/deportes\/2025-08-12\/mondo-duplantis-eleva-su-propio-record-mundial-de-pertiga-hasta-los-629-metros.html\" target=\"_self\" rel=\"nofollow noopener\" title=\"https:\/\/elpais.com\/deportes\/2025-08-12\/mondo-duplantis-eleva-su-propio-record-mundial-de-pertiga-hasta-los-629-metros.html\">Hace pocas semanas alcanz\u00f3 los 6,29<\/a> metros. Fue el pasado 12 de agosto en Budapest. Un aperitivo de los que se vendr\u00eda despu\u00e9s. Este lunes ha batido en la pista de atletismo de Tokio, que acoge el Mundial de Atletismo en pista cubierta, su propia marca: 6,30 metros. Es la decimocuarta plusmarca del gigante sueco. Duplantis lo logr\u00f3 cuando ya ten\u00eda el oro en el bolsillo, una vez se hab\u00eda quedado ya sin rivales en la final, y al tercer intento. <\/p>\n<p class=\"\">Al atleta de Estocolmo, de 25 a\u00f1os, le esperaban en Tokio los 70.000 d\u00f3lares para el campe\u00f3n y un bonus con otros 100.000 para el que lograra un r\u00e9cord del mundo. Entre el meeting de Budapest y la final de este lunes mediaba la final de la Diamond League, otro cebo apetitoso. Pero no forz\u00f3. O no lo logr\u00f3. Hasta hoy. Ya son 14 r\u00e9cords y cuatro a\u00f1os con dos plusmarcas como m\u00ednimo (tres en 2022, dos en 2023, tres en 2024 y cuatro este a\u00f1o).<\/p>\n<p class=\"\">[Noticia de \u00faltima hora. Habr\u00e1 actualizaci\u00f3n en breve]<\/p>\n","protected":false},"excerpt":{"rendered":"Mondo Duplantis lo ha vuelto a hacer. Hace pocas semanas alcanz\u00f3 los 6,29 metros. Fue el pasado 12&hellip;\n","protected":false},"author":2,"featured_media":116830,"comment_status":"","ping_status":"","sticky":false,"template":"","format":"standard","meta":{"footnotes":""},"categories":[93],"tags":[20308,11485,168,25,24,39056,39057,23,167,13536],"class_list":{"0":"post-116829","1":"post","2":"type-post","3":"status-publish","4":"format-standard","5":"has-post-thumbnail","7":"category-deportes","8":"tag-armand-duplantis","9":"tag-atletismo","10":"tag-deportes","11":"tag-es","12":"tag-espana","13":"tag-pista-cubierta","14":"tag-salto-con-pertiga","15":"tag-spain","16":"tag-sports","17":"tag-tokio"},"share_on_mastodon":{"url":"","error":""},"_links":{"self":[{"href":"https:\/\/www.europesays.com\/es\/wp-json\/wp\/v2\/posts\/116829","targetHints":{"allow":["GET"]}}],"collection":[{"href":"https:\/\/www.europesays.com\/es\/wp-json\/wp\/v2\/posts"}],"about":[{"href":"https:\/\/www.europesays.com\/es\/wp-json\/wp\/v2\/types\/post"}],"author":[{"embeddable":true,"href":"https:\/\/www.europesays.com\/es\/wp-json\/wp\/v2\/users\/2"}],"replies":[{"embeddable":true,"href":"https:\/\/www.europesays.com\/es\/wp-json\/wp\/v2\/comments?post=116829"}],"version-history":[{"count":0,"href":"https:\/\/www.europesays.com\/es\/wp-json\/wp\/v2\/posts\/116829\/revisions"}],"wp:featuredmedia":[{"embeddable":true,"href":"https:\/\/www.europesays.com\/es\/wp-json\/wp\/v2\/media\/116830"}],"wp:attachment":[{"href":"https:\/\/www.europesays.com\/es\/wp-json\/wp\/v2\/media?parent=116829"}],"wp:term":[{"taxonomy":"category","embeddable":true,"href":"https:\/\/www.europesays.com\/es\/wp-json\/wp\/v2\/categories?post=116829"},{"taxonomy":"post_tag","embeddable":true,"href":"https:\/\/www.europesays.com\/es\/wp-json\/wp\/v2\/tags?post=116829"}],"curies":[{"name":"wp","href":"https:\/\/api.w.org\/{rel}","templated":true}]}}