{"id":116846,"date":"2025-09-15T15:22:09","date_gmt":"2025-09-15T15:22:09","guid":{"rendered":"https:\/\/www.europesays.com\/es\/116846\/"},"modified":"2025-09-15T15:22:09","modified_gmt":"2025-09-15T15:22:09","slug":"analisis-pasion-y-critica-en-el-segundo-aperitivo-taurino-de-radio-murcia-ocio-y-cultura","status":"publish","type":"post","link":"https:\/\/www.europesays.com\/es\/116846\/","title":{"rendered":"An\u00e1lisis, pasi\u00f3n y cr\u00edtica en el segundo Aperitivo Taurino de Radio Murcia | Ocio y cultura"},"content":{"rendered":"<p class=\"loc\">MURCIA<\/p>\n<p>El segundo Aperitivo Taurino de Radio Murcia, celebrado en el Restaurante Hispano, reuni\u00f3 a tres voces autorizadas del mundo taurino: el escritor y pensador del toreo Paco Villaverde, el presidente de la Plaza de Toros de Huelva Pepe Ruciero, y el director de Radio Murcia, Domingo Camacho, en una tertulia dirigida por Jos\u00e9 Francisco Bayona.<\/p>\n<p>La conversaci\u00f3n comenz\u00f3 con un an\u00e1lisis cr\u00edtico de la novillada inaugural del abono, en la que Parrita, V\u00edctor Acebo y Javier Zulueta cortaron un total de ocho orejas. Los tertulianos coincidieron en que la generosidad presidencial y el entusiasmo del p\u00fablico \u2014formado en gran parte por familiares y amigos de los novilleros\u2014 desvirtuaron el resultado art\u00edstico. Se destac\u00f3 la necesidad de educar al nuevo p\u00fablico taurino, especialmente a los j\u00f3venes, sin perder la verdad y la liturgia del toreo.<\/p>\n<p>Villaverde y Ruciero defendieron la importancia de mantener el rigor en la concesi\u00f3n de trofeos y el respeto al toro, mientras que Camacho celebr\u00f3 el regreso de los j\u00f3venes a los tendidos, impulsado por figuras como Roca Rey y Morante de la Puebla.<\/p>\n<p>La tertulia tambi\u00e9n abord\u00f3 la ausencia de Morante, inicialmente anunciado en el cartel de la primera corrida. Aunque se reconoci\u00f3 su trayectoria y valor, se cuestion\u00f3 la estrategia detr\u00e1s de su retirada de varias plazas, incluida Murcia, y se especul\u00f3 sobre su posible reencuentro con Roca Rey en Sevilla.<\/p>\n<p>El protagonismo de la tarde recae ahora en Borja Jim\u00e9nez, quien sustituye a Morante y llega como triunfador absoluto de la temporada, junto a Jos\u00e9 Mar\u00eda Manzanares, premiado por su actuaci\u00f3n en la feria de 2024, y Juan Ortega, torero de arte que debuta como matador en Murcia.<\/p>\n<p>La corrida contar\u00e1 con toros de Daniel Ruiz, ganader\u00eda que ha dado grandes tardes recientemente, incluida la del indulto de \u201cDiablillo\u201d por Paco Ure\u00f1a en Albacete. Se espera una tarde de gran nivel art\u00edstico y emocional.<\/p>\n<p>El Aperitivo Taurino cerr\u00f3 con un mensaje claro: la fiesta necesita verdad, afici\u00f3n y compromiso, y Radio Murcia seguir\u00e1 apostando por ella como parte esencial de la cultura murciana.<\/p>\n","protected":false},"excerpt":{"rendered":"MURCIA El segundo Aperitivo Taurino de Radio Murcia, celebrado en el Restaurante Hispano, reuni\u00f3 a tres voces autorizadas&hellip;\n","protected":false},"author":2,"featured_media":116847,"comment_status":"","ping_status":"","sticky":false,"template":"","format":"standard","meta":{"footnotes":""},"categories":[277],"tags":[373,168,25,24,23,167,374],"class_list":{"0":"post-116846","1":"post","2":"type-post","3":"status-publish","4":"format-standard","5":"has-post-thumbnail","7":"category-toreo","8":"tag-bullfighting","9":"tag-deportes","10":"tag-es","11":"tag-espana","12":"tag-spain","13":"tag-sports","14":"tag-toreo"},"share_on_mastodon":{"url":"","error":""},"_links":{"self":[{"href":"https:\/\/www.europesays.com\/es\/wp-json\/wp\/v2\/posts\/116846","targetHints":{"allow":["GET"]}}],"collection":[{"href":"https:\/\/www.europesays.com\/es\/wp-json\/wp\/v2\/posts"}],"about":[{"href":"https:\/\/www.europesays.com\/es\/wp-json\/wp\/v2\/types\/post"}],"author":[{"embeddable":true,"href":"https:\/\/www.europesays.com\/es\/wp-json\/wp\/v2\/users\/2"}],"replies":[{"embeddable":true,"href":"https:\/\/www.europesays.com\/es\/wp-json\/wp\/v2\/comments?post=116846"}],"version-history":[{"count":0,"href":"https:\/\/www.europesays.com\/es\/wp-json\/wp\/v2\/posts\/116846\/revisions"}],"wp:featuredmedia":[{"embeddable":true,"href":"https:\/\/www.europesays.com\/es\/wp-json\/wp\/v2\/media\/116847"}],"wp:attachment":[{"href":"https:\/\/www.europesays.com\/es\/wp-json\/wp\/v2\/media?parent=116846"}],"wp:term":[{"taxonomy":"category","embeddable":true,"href":"https:\/\/www.europesays.com\/es\/wp-json\/wp\/v2\/categories?post=116846"},{"taxonomy":"post_tag","embeddable":true,"href":"https:\/\/www.europesays.com\/es\/wp-json\/wp\/v2\/tags?post=116846"}],"curies":[{"name":"wp","href":"https:\/\/api.w.org\/{rel}","templated":true}]}}