{"id":116848,"date":"2025-09-15T15:25:11","date_gmt":"2025-09-15T15:25:11","guid":{"rendered":"https:\/\/www.europesays.com\/es\/116848\/"},"modified":"2025-09-15T15:25:11","modified_gmt":"2025-09-15T15:25:11","slug":"izan-almazan-testigo-privilegiado-de-la-remontada-de-espana","status":"publish","type":"post","link":"https:\/\/www.europesays.com\/es\/116848\/","title":{"rendered":"Izan Almaz\u00e1n, testigo privilegiado de la remontada de Espa\u00f1a"},"content":{"rendered":"<p>Adem\u00e1s de<strong> <a href=\"https:\/\/www.ultimahora.es\/etiqueta\/Jaume+Munar.html?utm_source=Inline-tag&amp;utm_medium=internal\" rel=\"nofollow noopener\" target=\"_blank\">Jaume Munar<\/a><\/strong>, en el equipo espa\u00f1ol de <a href=\"https:\/\/www.ultimahora.es\/etiqueta\/Copa+Davis.html?utm_source=Inline-tag&amp;utm_medium=internal\" rel=\"nofollow noopener\" target=\"_blank\">Copa Davis<\/a> que elimin\u00f3 este fin de semana a Dinamarca remontando un 0-2 en contra tras los individuales del s\u00e1bado, estaba otro mallorqu\u00edn. <strong>Izan Almaz\u00e1n<\/strong>, de 19 a\u00f1os, que fue el \u2018sparring\u2019 de los jugadores durante su estancia en Marbella. \u00abEl verano pasado, junto a Rafa (J\u00f3dar) y Andr\u00e9s (Santamarta) nos proclamamos campeones de Europa junior por equipos. <strong>Ellos ya hab\u00edan estado en otras eliminatorias anteriores y me tocaba a m\u00ed\u00bb<\/strong>, explicaba este lunes tras haber dormido muy poco por la gran celebraci\u00f3n que hubo en Marbella tras el pase a la final a 8 que se disputar\u00e1 en Bolonia del 18 al 23 de noviembre.<\/p>\n<p>Almaz\u00e1n (Palma, 2006) ha compartido<strong> vestuarios, comidas, traslados, confidencias y, sobre todo, mucha tensi\u00f3n y nervios<\/strong> durante la pasada semana. \u00abDesde dentro, los dos d\u00edas antes se palpa la tensi\u00f3n, mucho m\u00e1s de lo que puede parecer desde fuera\u00bb, asegura. Espa\u00f1a se presentaba a la eliminatoria diezmada tras las bajas por distintos motivos de Carlos Alcaraz, Alejandro Davidovich y Marcelo Granollers. \u00abAl final el equipo lo compusieron Munar, Pedro Mart\u00ednez, Pablo Carre\u00f1o y Roberto Carball\u00e9s. Lo m\u00e1s habitual es que sean cinco, pero <strong>al ser cuatro los entrenamientos estaban ya emparejados, pero s\u00ed he tenido sesiones con Jaume, Pedro y Roberto, adem\u00e1s de que he jugado bastante con Marc L\u00f3pez y David Ferrer<\/strong>\u00bb. En cuanto al capit\u00e1n, Izan no duda en se\u00f1alar que \u00abest\u00e1 para jugar\u00bb dado su envidiable estado f\u00edsico.<\/p>\n<p><img loading=\"lazy\" decoding=\"async\" src=\"https:\/\/www.europesays.com\/es\/wp-content\/uploads\/2025\/09\/3475027.jpg\" border=\"0\" alt=\"\" width=\"2048\" height=\"1362\"\/>&#13;<br \/>\nIzan Almaz\u00e1n, con la mano en la boca, siguiendo uno de los partidos. En primer t\u00e9rmino, el capit\u00e1n, David Ferrer.&#13;<\/p>\n<p>El joven palmesano, que este a\u00f1o sufri\u00f3 una lesi\u00f3n en la mano al caerse en un partido que jugaba en Estados Unidos, pero que ya ha quedado olvidada, destaca el <strong>gran ambiente del equipo<\/strong>. \u00abHemos sido una familia. Hemos sido un gran grupo y ha reinado el compa\u00f1erismo en todo momento. Ha habido momentos muy dif\u00edciles como la p\u00e9rdida del individual de Jaume, que nadie esper\u00e1bamos, pero el equipo <strong>no ha dejado de confiar en sus posibilidades\u00bb<\/strong>.<\/p>\n<p>Izan contin\u00faa explicando que \u00absab\u00edamos que empez\u00e1bamos ganando el dobles, cualquiera de los jugadores pod\u00eda ganar a Rune. Pedro y Jaume empezaron nerviosos, pero luego mejoraron mucho y al final Jaume jug\u00f3 muy bien en contraposici\u00f3n del s\u00e1bado donde creo que<strong> le pes\u00f3 la responsabilidad de ser el n\u00famero 1 del equipo<\/strong>. Los d\u00edas previos hab\u00eda estado entrenando muy bien, pero no le sali\u00f3 el partido\u00bb.<\/p>\n<p><img loading=\"lazy\" decoding=\"async\" src=\"https:\/\/www.europesays.com\/es\/wp-content\/uploads\/2025\/09\/3475029.jpg\" border=\"0\" alt=\"\" width=\"2048\" height=\"1366\"\/>&#13;<br \/>\nIzan Almaz\u00e1n, en una de las sesiones preparatorias. Al fondo, Marc L\u00f3pez.&#13;<\/p>\n<p>Con la eliminatoria 1-2 tras el triunfo en el dobles, Ferrer apost\u00f3 por Pedro Mart\u00ednez en detrimento de Munar, al que vio \u00abcansado\u00bb. Adem\u00e1s, consideraba que el fuerte bote de la pelota en la pista Manolo Santana de Puente Romano favorec\u00eda m\u00e1s al <a href=\"https:\/\/www.ultimahora.es\/etiqueta\/tenis.html?utm_source=Inline-tag&amp;utm_medium=internal\" rel=\"nofollow noopener\" target=\"_blank\">tenis<\/a> del jugador valenciano, que realiz\u00f3 un gran partido para derrotar al n\u00famero 1 dan\u00e9s, Holger Rune, al que ya hab\u00eda vencido adem\u00e1s esta temporada en pista cubierta. Quedaba el quinto partido y Pablo Carre\u00f1o no fall\u00f3, logrando una remontada que nunca antes hab\u00eda visto el tenis espa\u00f1ol. \u00abMe alegr\u00e9 un mont\u00f3n por todo, pero es que adem\u00e1s Pablo, dentro de que <strong>todo el equipo se ha portado genial conmigo, me ha sorprendido por lo buena persona que es<\/strong>\u00bb.<\/p>\n<p>La alegr\u00eda era total en el vestuario y el m\u00e1s contento y sobre todo m\u00e1s \u2018liberado\u2019 era Jaume Munar. \u00abLa derrota del s\u00e1bado le afect\u00f3 y s\u00ed, creo que haber logrado la remontada le supuso un <strong>gran alivio<\/strong>\u00bb, asegura Izan. La celebraci\u00f3n posterior se alarg\u00f3 hasta bien entrada la madrugada e Izan disfrut\u00f3 de lo lindo. \u00abYo no me fui de los primeros\u00bb, dice entre risas. Ahora, tras unos d\u00edas de descanso con su familia, vuelta al trabajo y el pr\u00f3ximo compromiso ser\u00e1 un ITF en Zaragoza de 25.000 d\u00f3lares. Qui\u00e9n sabe si dentro de un tiempo, <strong>sea el propio Izan Almaz\u00e1n el que forme parte del equipo espa\u00f1ol de Copa Davis<\/strong>.<\/p>\n","protected":false},"excerpt":{"rendered":"Adem\u00e1s de Jaume Munar, en el equipo espa\u00f1ol de Copa Davis que elimin\u00f3 este fin de semana a&hellip;\n","protected":false},"author":2,"featured_media":116849,"comment_status":"","ping_status":"","sticky":false,"template":"","format":"standard","meta":{"footnotes":""},"categories":[274],"tags":[13877,168,25,24,9018,6894,3439,23,167,327,326],"class_list":{"0":"post-116848","1":"post","2":"type-post","3":"status-publish","4":"format-standard","5":"has-post-thumbnail","7":"category-tenis","8":"tag-copa-davis","9":"tag-deportes","10":"tag-es","11":"tag-espana","12":"tag-jaume-munar","13":"tag-rafa-nadal","14":"tag-rafael-nadal","15":"tag-spain","16":"tag-sports","17":"tag-tenis","18":"tag-tennis"},"share_on_mastodon":{"url":"","error":""},"_links":{"self":[{"href":"https:\/\/www.europesays.com\/es\/wp-json\/wp\/v2\/posts\/116848","targetHints":{"allow":["GET"]}}],"collection":[{"href":"https:\/\/www.europesays.com\/es\/wp-json\/wp\/v2\/posts"}],"about":[{"href":"https:\/\/www.europesays.com\/es\/wp-json\/wp\/v2\/types\/post"}],"author":[{"embeddable":true,"href":"https:\/\/www.europesays.com\/es\/wp-json\/wp\/v2\/users\/2"}],"replies":[{"embeddable":true,"href":"https:\/\/www.europesays.com\/es\/wp-json\/wp\/v2\/comments?post=116848"}],"version-history":[{"count":0,"href":"https:\/\/www.europesays.com\/es\/wp-json\/wp\/v2\/posts\/116848\/revisions"}],"wp:featuredmedia":[{"embeddable":true,"href":"https:\/\/www.europesays.com\/es\/wp-json\/wp\/v2\/media\/116849"}],"wp:attachment":[{"href":"https:\/\/www.europesays.com\/es\/wp-json\/wp\/v2\/media?parent=116848"}],"wp:term":[{"taxonomy":"category","embeddable":true,"href":"https:\/\/www.europesays.com\/es\/wp-json\/wp\/v2\/categories?post=116848"},{"taxonomy":"post_tag","embeddable":true,"href":"https:\/\/www.europesays.com\/es\/wp-json\/wp\/v2\/tags?post=116848"}],"curies":[{"name":"wp","href":"https:\/\/api.w.org\/{rel}","templated":true}]}}