{"id":116850,"date":"2025-09-15T15:26:07","date_gmt":"2025-09-15T15:26:07","guid":{"rendered":"https:\/\/www.europesays.com\/es\/116850\/"},"modified":"2025-09-15T15:26:07","modified_gmt":"2025-09-15T15:26:07","slug":"tenia-la-oportunidad-de-tomar-las-decisiones-correctas-y-asumir-las-consecuencias","status":"publish","type":"post","link":"https:\/\/www.europesays.com\/es\/116850\/","title":{"rendered":"Ten\u00eda la oportunidad de tomar las decisiones correctas y asumir las consecuencias"},"content":{"rendered":"<p class=\"L6-news-detail__text\">Antonio Maestre ha se\u00f1alado que el director de La Vuelta, Javier Guill\u00e9n, ha aprendido con la cancelaci\u00f3n de la \u00faltima parte de este evento deportivo debido a las protestas propalestinas que se celebraron, que no se puede \u00abtener la soberbia\u00bb de pretender hacer pasar por las calles de Espa\u00f1a a un equipo <b>\u00abcolaboracionista de un genocidio\u00bb.<\/b><\/p>\n<p class=\"L6-news-detail__text\">El periodista ha tachado a Guill\u00e9n de \u00abmentiroso\u00bb, recordando que en una rueda de prensa ha dicho que a tres kil\u00f3metros de la meta tuvieron que parar porque los manifestantes \u00abtiraron a a los ciclistas\u00bb. Sin embargo, dos minutos despu\u00e9s ha dicho que <b>\u00abhubo ca\u00eddas en otros momentos de la etapa, pero no ayer\u00bb.<\/b><\/p>\n<p class=\"L6-news-detail__text\">Por tanto, ha indicado que decir que ayer hubo ca\u00eddas <b>es \u00abfalso\u00bb y de ser un \u00abmentiroso\u00bb. <\/b>El periodista ha destacado que lo que Guill\u00e9n pretende es hacer pol\u00edtica con la presencia de Israel, recordando que ten\u00eda la oportunidad de \u00abtomar las decisiones correctas y asumir las consecuencias\u00bb.<\/p>\n<p class=\"L6-news-detail__text\">En vez de esto, ha lamentado que prefiri\u00f3 hacer \u00abpropaganda pol\u00edtica de un equipo colaboracionista de un genocidio\u00bb.<\/p>\n<p class=\"L6-support-news-video__title\">Entrevista en Al Rojo Vivo<\/p>\n<p>            <a href=\"https:\/\/www.lasexta.com\/programas\/al-rojo-vivo\/monica-garcia-presencia-israel-eurovision-puede-presentarse-como-pasase-nada-estamos-viendo-genocidio-directo_2025091568c80adcca99f73feefb95ae.html\" class=\"L6-news__link\" rel=\"nofollow noopener\" target=\"_blank\"><br \/>\n                M\u00f3nica Garc\u00eda, sobre la presencia de Israel en Eurovisi\u00f3n: \u00abNo puede presentarse como si no pasase nada. Estamos viendo un genocidio en directo\u00bb<\/p>\n<p class=\"recirculation-video-desc\">\u00bfPor qu\u00e9 es importante? La ministra de Sanidad ha destacado que es necesario que Israel no participe en ninguna competici\u00f3n internacional. \u00abEs una manera de darle al mundo la visibilidad de que nos importa Gaza\u00bb.<\/p>\n<p>            <\/a><\/p>\n","protected":false},"excerpt":{"rendered":"Antonio Maestre ha se\u00f1alado que el director de La Vuelta, Javier Guill\u00e9n, ha aprendido con la cancelaci\u00f3n de&hellip;\n","protected":false},"author":2,"featured_media":116851,"comment_status":"","ping_status":"","sticky":false,"template":"","format":"standard","meta":{"footnotes":""},"categories":[273],"tags":[313,312,168,25,24,23,167],"class_list":{"0":"post-116850","1":"post","2":"type-post","3":"status-publish","4":"format-standard","5":"has-post-thumbnail","7":"category-ciclismo","8":"tag-ciclismo","9":"tag-cycling","10":"tag-deportes","11":"tag-es","12":"tag-espana","13":"tag-spain","14":"tag-sports"},"share_on_mastodon":{"url":"","error":""},"_links":{"self":[{"href":"https:\/\/www.europesays.com\/es\/wp-json\/wp\/v2\/posts\/116850","targetHints":{"allow":["GET"]}}],"collection":[{"href":"https:\/\/www.europesays.com\/es\/wp-json\/wp\/v2\/posts"}],"about":[{"href":"https:\/\/www.europesays.com\/es\/wp-json\/wp\/v2\/types\/post"}],"author":[{"embeddable":true,"href":"https:\/\/www.europesays.com\/es\/wp-json\/wp\/v2\/users\/2"}],"replies":[{"embeddable":true,"href":"https:\/\/www.europesays.com\/es\/wp-json\/wp\/v2\/comments?post=116850"}],"version-history":[{"count":0,"href":"https:\/\/www.europesays.com\/es\/wp-json\/wp\/v2\/posts\/116850\/revisions"}],"wp:featuredmedia":[{"embeddable":true,"href":"https:\/\/www.europesays.com\/es\/wp-json\/wp\/v2\/media\/116851"}],"wp:attachment":[{"href":"https:\/\/www.europesays.com\/es\/wp-json\/wp\/v2\/media?parent=116850"}],"wp:term":[{"taxonomy":"category","embeddable":true,"href":"https:\/\/www.europesays.com\/es\/wp-json\/wp\/v2\/categories?post=116850"},{"taxonomy":"post_tag","embeddable":true,"href":"https:\/\/www.europesays.com\/es\/wp-json\/wp\/v2\/tags?post=116850"}],"curies":[{"name":"wp","href":"https:\/\/api.w.org\/{rel}","templated":true}]}}