{"id":116854,"date":"2025-09-15T15:28:15","date_gmt":"2025-09-15T15:28:15","guid":{"rendered":"https:\/\/www.europesays.com\/es\/116854\/"},"modified":"2025-09-15T15:28:15","modified_gmt":"2025-09-15T15:28:15","slug":"elisa-aguilar-recoge-en-riga-el-testigo-hacia-el-eurobasket-2029-de-madrid","status":"publish","type":"post","link":"https:\/\/www.europesays.com\/es\/116854\/","title":{"rendered":"Elisa Aguilar recoge en Riga el testigo hacia el Eurobasket 2029 de Madrid"},"content":{"rendered":"<p>La Presidenta de la Federaci\u00f3n Espa\u00f1ola de Baloncesto ha recogido en el d\u00eda de hoy en Letonia el testigo que marcar\u00e1 el inicio de la cuenta atr\u00e1s para el Eurobasket del 2029. Una cita de la que Espa\u00f1a ser\u00e1 protagonista de excepci\u00f3n acogiendo la disputa de uno de los cuatro grupos de la Primera\u00a0Fase (el de la Selecci\u00f3n) y la Fase Final \u00edntegra con el Movistar Arena como sede.<\/p>\n<p>La cuenta atr\u00e1s para la disputa del Eurobasket 2029 ha comenzado en el d\u00eda de hoy con una emotiva ceremonia que ha tenido lugar en el descanso del encuentro por la medalla de bronce.<\/p>\n<p>Un acto que ha llevado a los cuatro pa\u00edses protagonistas de la presente edici\u00f3n a entregar el testigo a los que ser\u00e1n sus sucesores en un 2029 en el que la gran cita continental llegar\u00e1 a nuestro pa\u00eds desembarcando en la capital de Espa\u00f1a. De este modo, la presidenta de la Federaci\u00f3n Espa\u00f1ola de Baloncesto, Elisa Aguilar, recib\u00eda el simb\u00f3lico bal\u00f3n dorado que llevar\u00e1 a Espa\u00f1a la disputa de uno de los cuatro grupos de\u00a0la Primera Fase (el de la Selecci\u00f3n) y la Fase Final \u00edntegra. <\/p>\n<p>Y todo ello, con dos escenarios de excepci\u00f3n como ser\u00e1n el Estadio Santiago Bernab\u00e9u, escenario de la jornada inaugural y El Movistar Arena, sede del resto del campeonato.<\/p>\n<p>De este modo, Elisa Aguiar recog\u00eda ese testigo que llevar\u00e1 al baloncesto nacional a ejercer una vez m\u00e1s como referente organizativo de cara a una cite que comienza a otear ya en el horizonte.<\/p>\n","protected":false},"excerpt":{"rendered":"La Presidenta de la Federaci\u00f3n Espa\u00f1ola de Baloncesto ha recogido en el d\u00eda de hoy en Letonia el&hellip;\n","protected":false},"author":2,"featured_media":116855,"comment_status":"","ping_status":"","sticky":false,"template":"","format":"standard","meta":{"footnotes":""},"categories":[269],"tags":[4605,299,1918,298,4597,4613,4616,4609,4608,4610,168,4603,4606,25,24,4120,4598,4614,2713,4601,830,4599,4600,4602,4615,4617,4607,4604,23,167,4611,4612],"class_list":{"0":"post-116854","1":"post","2":"type-post","3":"status-publish","4":"format-standard","5":"has-post-thumbnail","7":"category-baloncesto","8":"tag-arbitros-baloncesto","9":"tag-baloncesto","10":"tag-basket","11":"tag-basketball","12":"tag-basquet","13":"tag-canalfeb","14":"tag-clasificacion","15":"tag-copa-princesa","16":"tag-copa-principe","17":"tag-copa-reina","18":"tag-deportes","19":"tag-eba","20":"tag-entrenadores-baloncesto","21":"tag-es","22":"tag-espana","23":"tag-estadisticas","24":"tag-federacion-baloncesto","25":"tag-jornada-virtual","26":"tag-jugadores","27":"tag-laeb-plata","28":"tag-leb-oro","29":"tag-liga-espana","30":"tag-liga-espanola-baloncesto","31":"tag-liga-femenina","32":"tag-marcadores-baloncesto","33":"tag-rankings","34":"tag-reglas-baloncesto","35":"tag-seleccion-baloncesto","36":"tag-spain","37":"tag-sports","38":"tag-supercopa","39":"tag-television-baloncesto"},"share_on_mastodon":{"url":"","error":""},"_links":{"self":[{"href":"https:\/\/www.europesays.com\/es\/wp-json\/wp\/v2\/posts\/116854","targetHints":{"allow":["GET"]}}],"collection":[{"href":"https:\/\/www.europesays.com\/es\/wp-json\/wp\/v2\/posts"}],"about":[{"href":"https:\/\/www.europesays.com\/es\/wp-json\/wp\/v2\/types\/post"}],"author":[{"embeddable":true,"href":"https:\/\/www.europesays.com\/es\/wp-json\/wp\/v2\/users\/2"}],"replies":[{"embeddable":true,"href":"https:\/\/www.europesays.com\/es\/wp-json\/wp\/v2\/comments?post=116854"}],"version-history":[{"count":0,"href":"https:\/\/www.europesays.com\/es\/wp-json\/wp\/v2\/posts\/116854\/revisions"}],"wp:featuredmedia":[{"embeddable":true,"href":"https:\/\/www.europesays.com\/es\/wp-json\/wp\/v2\/media\/116855"}],"wp:attachment":[{"href":"https:\/\/www.europesays.com\/es\/wp-json\/wp\/v2\/media?parent=116854"}],"wp:term":[{"taxonomy":"category","embeddable":true,"href":"https:\/\/www.europesays.com\/es\/wp-json\/wp\/v2\/categories?post=116854"},{"taxonomy":"post_tag","embeddable":true,"href":"https:\/\/www.europesays.com\/es\/wp-json\/wp\/v2\/tags?post=116854"}],"curies":[{"name":"wp","href":"https:\/\/api.w.org\/{rel}","templated":true}]}}