{"id":116874,"date":"2025-09-15T15:40:14","date_gmt":"2025-09-15T15:40:14","guid":{"rendered":"https:\/\/www.europesays.com\/es\/116874\/"},"modified":"2025-09-15T15:40:14","modified_gmt":"2025-09-15T15:40:14","slug":"wall-street-sube-por-perspectiva-de-recorte-de-tasas-y-avances-comerciales-entre-eeuu-y-china","status":"publish","type":"post","link":"https:\/\/www.europesays.com\/es\/116874\/","title":{"rendered":"Wall Street Sube Por Perspectiva De Recorte De Tasas Y Avances Comerciales Entre EEUU Y China"},"content":{"rendered":"<p data-type=\"paragraph\" data=\"[object Object]\">La Bolsa de Nueva York abri\u00f3 al alza el lunes, impulsada por la perspectiva de un recorte de las tasas de inter\u00e9s por parte de la Reserva Federal (Fed) el mi\u00e9rcoles, en un mercado optimista por el avance de las negociaciones comerciales entre Washington y Pek\u00edn.<\/p>\n<p data-type=\"paragraph\" data=\"[object Object]\" class=\"emotion-1akm6h5-Paragraph e1e4oisd0\">En las primeras operaciones el Dow Jones sub\u00eda un 0,16%, el \u00edndice Nasdaq avanzaba un 0,46% y el \u00edndice ampliado S&amp;P 500 ganaba un 0,34%.<\/p>\n<p data-type=\"paragraph\" data=\"[object Object]\" class=\"emotion-1akm6h5-Paragraph e1e4oisd0\">tmc\/er\/mr\/val<\/p>\n","protected":false},"excerpt":{"rendered":"La Bolsa de Nueva York abri\u00f3 al alza el lunes, impulsada por la perspectiva de un recorte de&hellip;\n","protected":false},"author":2,"featured_media":108739,"comment_status":"","ping_status":"","sticky":false,"template":"","format":"standard","meta":{"footnotes":""},"categories":[80],"tags":[2300,82,95,94,115,25,24,114,9522,23,116,113],"class_list":{"0":"post-116874","1":"post","2":"type-post","3":"status-publish","4":"format-standard","5":"has-post-thumbnail","7":"category-economia","8":"tag-bolsa","9":"tag-business","10":"tag-economia","11":"tag-economy","12":"tag-eeuu","13":"tag-es","14":"tag-espana","15":"tag-mercados","16":"tag-newyork","17":"tag-spain","18":"tag-synd","19":"tag-valores"},"share_on_mastodon":{"url":"","error":""},"_links":{"self":[{"href":"https:\/\/www.europesays.com\/es\/wp-json\/wp\/v2\/posts\/116874","targetHints":{"allow":["GET"]}}],"collection":[{"href":"https:\/\/www.europesays.com\/es\/wp-json\/wp\/v2\/posts"}],"about":[{"href":"https:\/\/www.europesays.com\/es\/wp-json\/wp\/v2\/types\/post"}],"author":[{"embeddable":true,"href":"https:\/\/www.europesays.com\/es\/wp-json\/wp\/v2\/users\/2"}],"replies":[{"embeddable":true,"href":"https:\/\/www.europesays.com\/es\/wp-json\/wp\/v2\/comments?post=116874"}],"version-history":[{"count":0,"href":"https:\/\/www.europesays.com\/es\/wp-json\/wp\/v2\/posts\/116874\/revisions"}],"wp:featuredmedia":[{"embeddable":true,"href":"https:\/\/www.europesays.com\/es\/wp-json\/wp\/v2\/media\/108739"}],"wp:attachment":[{"href":"https:\/\/www.europesays.com\/es\/wp-json\/wp\/v2\/media?parent=116874"}],"wp:term":[{"taxonomy":"category","embeddable":true,"href":"https:\/\/www.europesays.com\/es\/wp-json\/wp\/v2\/categories?post=116874"},{"taxonomy":"post_tag","embeddable":true,"href":"https:\/\/www.europesays.com\/es\/wp-json\/wp\/v2\/tags?post=116874"}],"curies":[{"name":"wp","href":"https:\/\/api.w.org\/{rel}","templated":true}]}}