{"id":116875,"date":"2025-09-15T15:41:06","date_gmt":"2025-09-15T15:41:06","guid":{"rendered":"https:\/\/www.europesays.com\/es\/116875\/"},"modified":"2025-09-15T15:41:06","modified_gmt":"2025-09-15T15:41:06","slug":"los-grandes-paises-de-la-ue-se-oponen-al-objetivo-de-reduccion-de-emisiones-para-2040-clima-y-medio-ambiente","status":"publish","type":"post","link":"https:\/\/www.europesays.com\/es\/116875\/","title":{"rendered":"Los grandes pa\u00edses de la UE se oponen al objetivo de reducci\u00f3n de emisiones para 2040 | Clima y Medio Ambiente"},"content":{"rendered":"<p class=\"\">La agenda verde y la pol\u00edtica clim\u00e1tica de la UE es cada vez m\u00e1s un campo de batalla pol\u00edtico. Pese a la urgencia que marca la<a href=\"https:\/\/elpais.com\/clima-y-medio-ambiente\/2025-09-15\/espana-es-el-pais-europeo-que-pagara-la-factura-mas-alta-por-el-clima-extremo-de-este-verano.html?event_log=oklogin\" target=\"_self\" rel=\"nofollow noopener\" title=\"https:\/\/elpais.com\/clima-y-medio-ambiente\/2025-09-15\/espana-es-el-pais-europeo-que-pagara-la-factura-mas-alta-por-el-clima-extremo-de-este-verano.html?event_log=oklogin\"> crisis por el calentamiento<\/a> global que afecta severamente a Europa, los grandes pa\u00edses de la Uni\u00f3n, Francia, Alemania, Italia y Polonia, han rechazado la propuesta de la Comisi\u00f3n Europea de reducir las emisiones de efecto invernadero en un 90% para 2040 en relaci\u00f3n con los niveles de 1990, seg\u00fan revelan varias fuentes diplom\u00e1ticas. Su oposici\u00f3n retrasa el avance de un tema clave y puede lastrar la postura y la imagen de Europa en un asunto en el que ha ido a la vanguardia y es la gu\u00eda para otros.<\/p>\n<p class=\"\">El plan del Ejecutivo comunitario, que los representantes diplom\u00e1ticos de los 27 Estados miembros han estado negociando duramente bajo la batuta de Dinamarca \u2014que preside el Consejo de la Uni\u00f3n este semestre\u2014, introduce cierta flexibilidad en el cumplimiento del objetivo clim\u00e1tico y abre la puerta, por ejemplo, no solo a <a href=\"https:\/\/elpais.com\/clima-y-medio-ambiente\/2025-07-02\/bruselas-suaviza-su-politica-climatica-y-abre-la-puerta-a-compensar-las-emisiones-fuera-de-la-ue.html\" target=\"_self\" rel=\"nofollow noopener\" title=\"https:\/\/elpais.com\/clima-y-medio-ambiente\/2025-07-02\/bruselas-suaviza-su-politica-climatica-y-abre-la-puerta-a-compensar-las-emisiones-fuera-de-la-ue.html\">compensar las emisiones fuera de la UE<\/a> sino tambi\u00e9n a almacenar CO2, seg\u00fan los borradores de la legislaci\u00f3n a los que ha tenido acceso EL PA\u00cdS. <\/p>\n<p class=\"\">Esa laxitud, no obstante, no es suficiente para los detractores de la propuesta de Bruselas, que aseguran que una regulaci\u00f3n estricta y un abandono r\u00e1pido de los combustibles f\u00f3siles \u2014principales responsables de las emisiones de efecto invernadero\u2014 da\u00f1ar\u00edan su econom\u00eda, perjudicar\u00edan a su industria y derivar\u00edan en contestaci\u00f3n social. <\/p>\n<p class=\"\">Polonia, Italia, Hungr\u00eda, Eslovaquia y Rep\u00fablica Checa se hab\u00edan opuesto a la propuesta presentada por<a href=\"https:\/\/elpais.com\/clima-y-medio-ambiente\/2024-02-08\/comisario-europeo-de-accion-climatica-no-hay-alternativas-a-reducir-los-combustibles-fosiles-no-hay-formulas-magicas.html\" target=\"_self\" rel=\"nofollow noopener\" title=\"https:\/\/elpais.com\/clima-y-medio-ambiente\/2024-02-08\/comisario-europeo-de-accion-climatica-no-hay-alternativas-a-reducir-los-combustibles-fosiles-no-hay-formulas-magicas.html\"> el holand\u00e9s Wopke Hoekstra<\/a>, comisario de Clima, y la vicepresidenta comunitaria para una Transici\u00f3n Justa, Limpia y Competitiva, <a href=\"https:\/\/elpais.com\/noticias\/teresa-ribera\/\" target=\"_self\" rel=\"nofollow noopener\" title=\"https:\/\/elpais.com\/noticias\/teresa-ribera\/\">Teresa Ribera<\/a>. Pero lo que ha terminado de descabalgar la propuesta, que estaba prevista para su debate en la reuni\u00f3n de ministros de Medio Ambiente de esta semana, ha sido la oposici\u00f3n de Francia, sumida en una profunda crisis pol\u00edtica y donde el presidente, Emmanuel Macron, se enfrenta a duras presiones para flexibilizar sus ambiciones pol\u00edticas, y despu\u00e9s de Alemania, pese a que la propuesta de Bruselas se alinea con la pol\u00edtica clim\u00e1tica del Gobierno alem\u00e1n. <\/p>\n<p class=\"\">Mientras el debate sobre las ambiciones verdes de la UE arrecia y ciertos sectores, como la ultraderecha, han hecho de la cr\u00edtica y la oposici\u00f3n a las pol\u00edticas clim\u00e1ticas un mantra, <a href=\"https:\/\/elpais.com\/clima-y-medio-ambiente\/2025-08-31\/calor-extremo-record-de-incendios-y-un-mediterraneo-caliente-la-emergencia-climatica-se-instala-en-nuestras-vidas.html\" target=\"_self\" rel=\"nofollow noopener\" title=\"https:\/\/elpais.com\/clima-y-medio-ambiente\/2025-08-31\/calor-extremo-record-de-incendios-y-un-mediterraneo-caliente-la-emergencia-climatica-se-instala-en-nuestras-vidas.html\">la realidad es tozuda<\/a>: Europa es el continente que m\u00e1s se calienta, seg\u00fan datos de la Agencia Europea de Medio Ambiente (AEMA). Los riesgos clim\u00e1ticos amenazan la seguridad energ\u00e9tica y alimentaria, ecosistemas, infraestructuras, recursos h\u00eddricos, la estabilidad financiera y la salud de las personas, seg\u00fan las evaluaciones de la AEMA. <\/p>\n<p class=\"\">Sin acuerdo diplom\u00e1tico, el tema pasa ahora a la mesa de los l\u00edderes de los Estados miembros, que lo debatir\u00e1n en la cumbre de finales de octubre. Esa patada hacia adelante dificulta a\u00fan m\u00e1s el acuerdo, ya que entonces deber\u00e1 pactarse por unanimidad en una sala en la que tiene a grandes opositores, como Polonia y Hungr\u00eda, remarcan varias fuentes comunitarias. Lo sucedido tambi\u00e9n puede complicar que la UE llegue en buenas condiciones y con una postura com\u00fan s\u00f3lida a la decisiva cumbre del clima de noviembre en Brasil, la COP30. <\/p>\n<p class=\"\">La pelea pol\u00edtica y la indecisi\u00f3n en Europa, el \u00e1rea del mundo que est\u00e1 en una posici\u00f3n m\u00e1s avanzada en la reducci\u00f3n de emisiones, influye en el resto del globo, porque pa\u00edses como China esperan a ver qu\u00e9 hace la UE, y el resto aguarda a ver qu\u00e9 hacen ambos gigantes. <\/p>\n<p class=\"\">El plan para fijar un nuevo objetivo clim\u00e1tico para 2040 tras el marcado para 2030 (una reducci\u00f3n de al menos el 55% de las emisiones) y a medio camino de la meta para 2050 (cero emisiones netas), busca establecer la trayectoria de la Uni\u00f3n para los pr\u00f3ximos 15 a\u00f1os en un acuerdo que llegar\u00eda casi una d\u00e9cada despu\u00e9s del hist\u00f3rico acuerdo de Par\u00eds, que comprometi\u00f3 a los pa\u00edses a mantener el calentamiento global a 1,5 grados cent\u00edgrados por encima de los niveles preindustriales. <\/p>\n<p class=\"\">Sin embargo, alcanzar un nuevo pacto en la UE est\u00e1 resultando muy complicado, ya que los socios est\u00e1n divididos. Polonia, Hungr\u00eda, Rep\u00fablica Checa, Eslovaquia e Italia han pedido que se abra la mano y se permita alcanzar el objetivo de emisiones con m\u00e1s compensaciones internacionales (ahora, la propuesta de Bruselas plantea que esa compensaci\u00f3n pueda ser solo un 3% del objetivo para 2040). <\/p>\n<p class=\"\">El borrador de legislaci\u00f3n que ha presentado la presidencia danesa tambi\u00e9n propone que <a href=\"https:\/\/elpais.com\/clima-y-medio-ambiente\/2025-07-02\/bruselas-suaviza-su-politica-climatica-y-abre-la-puerta-a-compensar-las-emisiones-fuera-de-la-ue.html\" target=\"_self\" rel=\"nofollow noopener\" title=\"https:\/\/elpais.com\/clima-y-medio-ambiente\/2025-07-02\/bruselas-suaviza-su-politica-climatica-y-abre-la-puerta-a-compensar-las-emisiones-fuera-de-la-ue.html\">se a\u00f1ada en las pr\u00f3ximas evaluaciones<\/a> de impacto la situaci\u00f3n geopol\u00edtica, el impacto en las industrias con un alto consumo energ\u00e9tico, c\u00f3mo afecta a los costes energ\u00e9ticos y las necesidades de inversi\u00f3n en los Estados miembros. \u201cEl expediente es complejo y pol\u00edticamente delicado\u201d, dice el borrador de la propuesta modificada sobre el que trabajan los Estados miembros que ha podido leer este diario, \u201cen particular cuando se trata de cuestiones relacionadas con el marco y las flexibilidades propuestas\u201d. <\/p>\n","protected":false},"excerpt":{"rendered":"La agenda verde y la pol\u00edtica clim\u00e1tica de la UE es cada vez m\u00e1s un campo de batalla&hellip;\n","protected":false},"author":2,"featured_media":116876,"comment_status":"","ping_status":"","sticky":false,"template":"","format":"standard","meta":{"footnotes":""},"categories":[42],"tags":[39060,17,18,22081,1708,13194,12226,13,14,11,61,62,63,64,19,20,6688,9,10,15,16,732,492,6703,12,21,22,39059,65,66,67],"class_list":{"0":"post-116875","1":"post","2":"type-post","3":"status-publish","4":"format-standard","5":"has-post-thumbnail","7":"category-internacional","8":"tag-acuerdos-paris","9":"tag-breaking-news","10":"tag-breakingnews","11":"tag-combustibles-fosiles","12":"tag-comision-europea","13":"tag-efecto-invernadero","14":"tag-emergencia-climatica","15":"tag-featured-news","16":"tag-featurednews","17":"tag-headlines","18":"tag-internacional","19":"tag-international","20":"tag-international-news","21":"tag-internationalnews","22":"tag-latest-news","23":"tag-latestnews","24":"tag-medio-ambiente","25":"tag-news","26":"tag-noticias","27":"tag-noticias-destacadas","28":"tag-noticiasdestacadas","29":"tag-onu","30":"tag-sociedad","31":"tag-teresa-ribera","32":"tag-titulares","33":"tag-ultimas-noticias","34":"tag-ultimasnoticias","35":"tag-wopke-hoekstra","36":"tag-world","37":"tag-world-news","38":"tag-worldnews"},"share_on_mastodon":{"url":"","error":""},"_links":{"self":[{"href":"https:\/\/www.europesays.com\/es\/wp-json\/wp\/v2\/posts\/116875","targetHints":{"allow":["GET"]}}],"collection":[{"href":"https:\/\/www.europesays.com\/es\/wp-json\/wp\/v2\/posts"}],"about":[{"href":"https:\/\/www.europesays.com\/es\/wp-json\/wp\/v2\/types\/post"}],"author":[{"embeddable":true,"href":"https:\/\/www.europesays.com\/es\/wp-json\/wp\/v2\/users\/2"}],"replies":[{"embeddable":true,"href":"https:\/\/www.europesays.com\/es\/wp-json\/wp\/v2\/comments?post=116875"}],"version-history":[{"count":0,"href":"https:\/\/www.europesays.com\/es\/wp-json\/wp\/v2\/posts\/116875\/revisions"}],"wp:featuredmedia":[{"embeddable":true,"href":"https:\/\/www.europesays.com\/es\/wp-json\/wp\/v2\/media\/116876"}],"wp:attachment":[{"href":"https:\/\/www.europesays.com\/es\/wp-json\/wp\/v2\/media?parent=116875"}],"wp:term":[{"taxonomy":"category","embeddable":true,"href":"https:\/\/www.europesays.com\/es\/wp-json\/wp\/v2\/categories?post=116875"},{"taxonomy":"post_tag","embeddable":true,"href":"https:\/\/www.europesays.com\/es\/wp-json\/wp\/v2\/tags?post=116875"}],"curies":[{"name":"wp","href":"https:\/\/api.w.org\/{rel}","templated":true}]}}