{"id":116877,"date":"2025-09-15T15:42:08","date_gmt":"2025-09-15T15:42:08","guid":{"rendered":"https:\/\/www.europesays.com\/es\/116877\/"},"modified":"2025-09-15T15:42:08","modified_gmt":"2025-09-15T15:42:08","slug":"el-gobierno-de-mazon-nego-en-diciembre-tener-un-video-del-cecopi-que-ha-ocultado-a-la-jueza-de-la-dana-espana","status":"publish","type":"post","link":"https:\/\/www.europesays.com\/es\/116877\/","title":{"rendered":"El Gobierno de Maz\u00f3n neg\u00f3 en diciembre tener un v\u00eddeo del Cecopi que ha ocultado a la jueza de la dana | Espa\u00f1a"},"content":{"rendered":"<p class=\"\">El Gobierno<a href=\"https:\/\/elpais.com\/noticias\/carlos-mazon-guixot\/\" target=\"_self\" rel=\"nofollow noopener\" title=\"https:\/\/elpais.com\/noticias\/carlos-mazon-guixot\/\"> valenciano de Carlos Maz\u00f3n<\/a>, del PP, neg\u00f3 en diciembre a EL PA\u00cdS la existencia de un v\u00eddeo registrado <a href=\"https:\/\/elpais.com\/noticias\/gota-fria\/\" target=\"_self\" rel=\"nofollow noopener\" title=\"https:\/\/elpais.com\/noticias\/gota-fria\/\">el d\u00eda de la dana en el Cecopi<\/a>, el organismo de la Generalitat que coordin\u00f3 la respuesta a la inundaci\u00f3n que dej\u00f3 229 muertos el pasado 29 de octubre y en el que se tomaron decisiones clave, como el env\u00edo de la alerta masiva a m\u00f3viles para informar a la poblaci\u00f3n. La grabaci\u00f3n, que una productora contratada por la Generalitat entreg\u00f3 al Gobierno de Maz\u00f3n, no ha sido aportada a la causa judicial de la cat\u00e1strofe que indaga la magistrada de Catarroja (Valencia) Nuria Ruiz Tobarra. <\/p>\n<p class=\"\">La Generalitat, sin embargo, s\u00ed que guarda este material desde hace diez meses. Un operario de una productora audiovisual contratada por la Sociedad Valenciana de Gesti\u00f3n Integral de Emergencias (SGISE) inmortaliz\u00f3 el v\u00eddeo durante la reuni\u00f3n de crisis, seg\u00fan una fuente conocedora del trabajo. Tras concluir el servicio, el empleado remiti\u00f3 a este organismo, que depende de la administraci\u00f3n auton\u00f3mica, el bruto con las im\u00e1genes y no se qued\u00f3 una copia. \u201cAntes de ir al Cecopi, tambi\u00e9n se captaron im\u00e1genes de la emergencia, que se remitieron a la Generalitat\u201d, sostienen estas fuentes. La existencia del material <a href=\"https:\/\/www.eldiario.es\/comunitat-valenciana\/gobierno-mazon-grabo-video-cecopi-entregado-jueza-dana_1_12598453.html\" target=\"_self\" rel=\"nofollow noopener\" title=\"https:\/\/www.eldiario.es\/comunitat-valenciana\/gobierno-mazon-grabo-video-cecopi-entregado-jueza-dana_1_12598453.html\">fue adelantada por Eldiario.es. <\/a><\/p>\n<p class=\"\">Pese a manejar este v\u00eddeo, el Ejecutivo valenciano neg\u00f3 en diciembre su existencia. EL PA\u00cdS solicit\u00f3 el 24 de noviembre \u201cla grabaci\u00f3n completa de la reuni\u00f3n del Cecopi el 29 de octubre de 2024\u2033 por el canal reglado de la transparencia (un proceso que obliga a las administraciones a facilitar a la ciudadan\u00eda documentos de cualquier soporte elaborados en el ejercicio de sus funciones). La respuesta lleg\u00f3 el 19 de diciembre de la mano del subdirector de la Agencia de Emergencias de la Generalitat, Jorge Su\u00e1rez, quien asegur\u00f3: \u201cNo se realiz\u00f3 ninguna grabaci\u00f3n<a href=\"https:\/\/elpais.com\/espana\/comunidad-valenciana\/2025-09-12\/la-jueza-de-la-dana-pide-las-imagenes-donde-se-ve-a-pradas-dar-instrucciones-sobre-la-alerta-tras-negarlo-en-el-juzgado.html\" target=\"_self\" rel=\"nofollow noopener\" title=\"https:\/\/elpais.com\/espana\/comunidad-valenciana\/2025-09-12\/la-jueza-de-la-dana-pide-las-imagenes-donde-se-ve-a-pradas-dar-instrucciones-sobre-la-alerta-tras-negarlo-en-el-juzgado.html\"> de la reuni\u00f3n del Cecopi del d\u00eda 29 de octubre de 2024<\/a> por parte del Centro de Coordinaci\u00f3n de Emergencia\u201d. No existen consecuencias jur\u00eddicas para las administraciones que den respuestas falaces a las solicitudes de transparencia que haga la ciudadan\u00eda, seg\u00fan expertos en transparencia.<\/p>\n<p class=\"\">Su\u00e1rez ha sido citado por la jueza de la dana a declarar en calidad de testigo, una condici\u00f3n que le obliga a decir la verdad. El testimonio de este alto cargo puede revelarse clave porque maneja los detalles del env\u00edo de la alerta masiva a m\u00f3viles. Esa notificaci\u00f3n que se ha convertido en la piedra angular de las pesquisas. El aviso se remiti\u00f3 a los tel\u00e9fonos a las 20.11 horas y seg\u00fan la magistrada, si se hubiera activado antes, se habr\u00edan salvado vidas. <\/p>\n<p class=\"\">Previamente a la publicaci\u00f3n de esta informaci\u00f3n, este diario ha intentado sin \u00e9xito recabar las versiones del departamento de Emergencias de la Generalitat y de Jorge Su\u00e1rez. Tras conocer la revelaci\u00f3n de las nuevas im\u00e1genes, el consejero de Emergencias de la Generalitat, Juan Carlos Valderrama, admiti\u00f3 este lunes la existencia del material registrado en el Cecopi por una productora contratada por el Sgise. Y ofreci\u00f3 \u201cm\u00e1xima colaboraci\u00f3n\u201d a la jueza de la dana en el supuesto de que la magistrada solicite estas im\u00e1genes para incorporarlas a la causa. Unas pesquisas que, junto a la exconsejera Pradas, mantiene imputado a quien fuera su n\u00famero dos, Emilio Arg\u00fceso. La investigaci\u00f3n judicial rastrea los presuntos delitos de homicidios y lesiones imprudentes, que est\u00e1n castigados con hasta cuatro y tres a\u00f1os de prisi\u00f3n, respectivamente. En distintos autos, la magistrada ha lamentado la \u201cfalta de documentaci\u00f3n\u201d que la Generalitat ha aportado a la causa. <\/p>\n<p class=\"\">La SGISE es una sociedad mercantil instrumental tutelada por la Agencia de Emergencias, en la que Su\u00e1rez es subdirector. Esa entidad contrata, al menos, desde 2022 a una productora audiovisual para grabar las intervenciones de los servicios de emergencias auton\u00f3micos. El pasado junio, el organismo renov\u00f3 el contrato con la compa\u00f1\u00eda por 137.698 euros. El documento estipula que la Agencia de Emergencias ser\u00e1 la titular de los derechos de imagen de todo el material audiovisual. <\/p>\n<p class=\"\">La acusaci\u00f3n popular que ejerce Acci\u00f3 Cultural del Pa\u00eds Valenci\u00e0 (ACPV) en la dana ha pedido a la magistrada que solicite a la Generalitat estas im\u00e1genes. Requiere a la instructora los v\u00eddeos en bruto (material sin editar) captados en el Cecopi por el servicio de comunicaci\u00f3n de la entidad durante toda la jornada del 29 de octubre, entre las 7.30 y las 24.00 horas. <\/p>\n<p class=\"\">Junto al operario subcontratado por la Generalitat, un c\u00e1mara de la televisi\u00f3n p\u00fablica valenciana \u00c0 Punt tambi\u00e9n grab\u00f3 im\u00e1genes del encuentro. El material se divulg\u00f3 la semana pasada y confirmaba que la exconsejera de Justicia e Interior imputada en la causa, Salom\u00e9 Pradas, dio instrucciones sobre el env\u00edo de la alerta masiva a los tel\u00e9fonos en el Cecopi. Un hecho que la exdirigente neg\u00f3 ante la jueza, cuando declar\u00f3 como imputada el pasado abril. Entonces, descarg\u00f3 su responsabilidad en los t\u00e9cnicos. <\/p>\n<p class=\"\">El an\u00e1lisis de las im\u00e1genes del Cecopi resulta crucial. Junto al env\u00edo de la alerta a m\u00f3viles, el dispositivo adopt\u00f3 las decisiones clave de la dana. Un total de 29 organismos estatales, auton\u00f3micos y municipales implicados en la gesti\u00f3n de la cat\u00e1strofe participaron en esta cita de emergencias, que arranc\u00f3 a las 17.00 horas del 29-O. <\/p>\n","protected":false},"excerpt":{"rendered":"El Gobierno valenciano de Carlos Maz\u00f3n, del PP, neg\u00f3 en diciembre a EL PA\u00cdS la existencia de un&hellip;\n","protected":false},"author":2,"featured_media":116878,"comment_status":"","ping_status":"","sticky":false,"template":"","format":"standard","meta":{"footnotes":""},"categories":[8],"tags":[17,18,2007,242,1681,25,24,13,14,11,4274,734,19,20,9,10,15,16,956,23,12,21,22,235,2338],"class_list":{"0":"post-116877","1":"post","2":"type-post","3":"status-publish","4":"format-standard","5":"has-post-thumbnail","7":"category-espana","8":"tag-breaking-news","9":"tag-breakingnews","10":"tag-carlos-mazon","11":"tag-comunidad-valenciana","12":"tag-dana","13":"tag-es","14":"tag-espana","15":"tag-featured-news","16":"tag-featurednews","17":"tag-headlines","18":"tag-inundaciones-dana-octubre-2024","19":"tag-investigacion-judicial","20":"tag-latest-news","21":"tag-latestnews","22":"tag-news","23":"tag-noticias","24":"tag-noticias-destacadas","25":"tag-noticiasdestacadas","26":"tag-pp","27":"tag-spain","28":"tag-titulares","29":"tag-ultimas-noticias","30":"tag-ultimasnoticias","31":"tag-valencia","32":"tag-video"},"share_on_mastodon":{"url":"","error":""},"_links":{"self":[{"href":"https:\/\/www.europesays.com\/es\/wp-json\/wp\/v2\/posts\/116877","targetHints":{"allow":["GET"]}}],"collection":[{"href":"https:\/\/www.europesays.com\/es\/wp-json\/wp\/v2\/posts"}],"about":[{"href":"https:\/\/www.europesays.com\/es\/wp-json\/wp\/v2\/types\/post"}],"author":[{"embeddable":true,"href":"https:\/\/www.europesays.com\/es\/wp-json\/wp\/v2\/users\/2"}],"replies":[{"embeddable":true,"href":"https:\/\/www.europesays.com\/es\/wp-json\/wp\/v2\/comments?post=116877"}],"version-history":[{"count":0,"href":"https:\/\/www.europesays.com\/es\/wp-json\/wp\/v2\/posts\/116877\/revisions"}],"wp:featuredmedia":[{"embeddable":true,"href":"https:\/\/www.europesays.com\/es\/wp-json\/wp\/v2\/media\/116878"}],"wp:attachment":[{"href":"https:\/\/www.europesays.com\/es\/wp-json\/wp\/v2\/media?parent=116877"}],"wp:term":[{"taxonomy":"category","embeddable":true,"href":"https:\/\/www.europesays.com\/es\/wp-json\/wp\/v2\/categories?post=116877"},{"taxonomy":"post_tag","embeddable":true,"href":"https:\/\/www.europesays.com\/es\/wp-json\/wp\/v2\/tags?post=116877"}],"curies":[{"name":"wp","href":"https:\/\/api.w.org\/{rel}","templated":true}]}}