{"id":116907,"date":"2025-09-15T16:02:10","date_gmt":"2025-09-15T16:02:10","guid":{"rendered":"https:\/\/www.europesays.com\/es\/116907\/"},"modified":"2025-09-15T16:02:10","modified_gmt":"2025-09-15T16:02:10","slug":"la-uib-participa-en-la-verificacion-del-teorema-del-area-de-los-agujeros-negros-de-stephen-hawking","status":"publish","type":"post","link":"https:\/\/www.europesays.com\/es\/116907\/","title":{"rendered":"La UIB participa en la verificaci\u00f3n del teorema del \u00e1rea de los agujeros negros de Stephen Hawking"},"content":{"rendered":"<p>    PALMA 15 Sep. (EUROPA PRESS) &#8211; <\/p>\n<p>   Un equipo de investigadores de la Universitat de les Illes Balears (UIB), miembros activos de la colaboraci\u00f3n internacional LIGO-Virgo-KAGRA, han participado en el an\u00e1lisis que ha permitido verificar el teorema del \u00e1rea de los agujeros negros formulado por Stephen Hawking.<\/p>\n<p>   Seg\u00fan ha explicado la instituci\u00f3n insular en un comunicado, el grupo Gravity de la UIB, que ha participado en las m\u00e1s de 300 detecciones de ondas gravitacionales, ha contribuido al desarrollo de modelos te\u00f3ricos y herramientas de an\u00e1lisis que han resultado esenciales para interpretar con precisi\u00f3n los datos de la fusi\u00f3n de agujeros negros GW250114, publicado el 10 de septiembre en &#8216;Physical Review Letters&#8217;.<\/p>\n<p>   Esta aportaci\u00f3n sit\u00faa a la UIB en primera l\u00ednea de un descubrimiento que confirma, con un nivel de confianza sin precedentes, una de las predicciones m\u00e1s influyentes de la f\u00edsica moderna.<\/p>\n<p>   La publicaci\u00f3n coincide con el d\u00e9cimo aniversario de la primera detecci\u00f3n de ondas gravitacionales.<\/p>\n<p>   La sensibilidad mejorada del LIGO se ejemplifica en el descubrimiento reciente de una fusi\u00f3n de agujeros negros llamada GW250114.<\/p>\n<p>    El acontecimiento, captado el 14 de enero de 2025, no era muy diferente a la primera detecci\u00f3n del LIGO, GW150914, ya que las dos implicaban agujeros negros de unos 30 a 40 veces la masa del Sol y a unos 1.300 millones de a\u00f1os luz de distancia.<\/p>\n<p>    Pero gracias a los diez a\u00f1os de adelantos tecnol\u00f3gicos y reducci\u00f3n del ruido instrumental, la se\u00f1al del GW250114 es espectacularmente m\u00e1s claro.<\/p>\n<p>   Los resultados de la detecci\u00f3n se han recogido en un estudio publicado en la revista cient\u00edfica &#8216;Physical Review Letters&#8217;. A trav\u00e9s del an\u00e1lisis de las frecuencias de las ondas gravitacionales emitidas durante la fusi\u00f3n, el equipo pudo obtener la mejor evidencia observacional hasta ahora del conocido como teorema del \u00e1rea de los agujeros negros, propuesto el 1971 por Stephen Hawking.<\/p>\n<p>    Este teorema afirma que la superficie total de los agujeros negros no puede disminuir. Cuando dos agujeros negros se fusionan, combinan sus masas y aumentan la superficie, pero tambi\u00e9n pierden energ\u00eda en forma de ondas gravitacionales y pueden incrementar su giro, cosa que reducir\u00eda el \u00e1rea. A pesar de estos factores opuestos, el teorema dice que la superficie total siempre tiene que crecer.<\/p>\n<p>   La parte m\u00e1s compleja de este an\u00e1lisis reside en determinar el \u00e1rea final del agujero negro fusionado. Las \u00e1reas de los agujeros negros antes de la fusi\u00f3n pueden calcularse m\u00e1s f\u00e1cilmente a medida que orbitan la uno en torno al otro, distorsionando el espacio-tiempo y produciendo ondas gravitacionales. Pero despu\u00e9s de la fusi\u00f3n, la se\u00f1al es menos clara. En esta fase de &#8216;ringdown&#8217;, el agujero negro final vibra como una campana golpeada.<\/p>\n<p>   En el nuevo estudio, los investigadores pudieron medir con gran precisi\u00f3n esta fase de &#8216;ringdown&#8217;, calcular la masa y el esp\u00edn del agujero negro, y despu\u00e9s determinar su superficie.<\/p>\n<p>    Por primera vez, se han podido identificar con confianza dos modas de ondas gravitacionales diferentes en esta fase, tal como preve\u00edan modelos matem\u00e1ticos desarrollados en 1970 por Saul Teukolsky (profesor en Caltech y Cornell) y otros.<\/p>\n","protected":false},"excerpt":{"rendered":"PALMA 15 Sep. (EUROPA PRESS) &#8211; Un equipo de investigadores de la Universitat de les Illes Balears (UIB),&hellip;\n","protected":false},"author":2,"featured_media":116908,"comment_status":"","ping_status":"","sticky":false,"template":"","format":"standard","meta":{"footnotes":""},"categories":[81],"tags":[119,123,124,25,24,117,121,122,23,118,120],"class_list":{"0":"post-116907","1":"post","2":"type-post","3":"status-publish","4":"format-standard","5":"has-post-thumbnail","7":"category-ciencia-y-tecnologia","8":"tag-ciencia","9":"tag-ciencia-y-tecnologia","10":"tag-cienciaytecnologia","11":"tag-es","12":"tag-espana","13":"tag-science","14":"tag-science-and-technology","15":"tag-scienceandtechnology","16":"tag-spain","17":"tag-technology","18":"tag-tecnologia"},"share_on_mastodon":{"url":"","error":""},"_links":{"self":[{"href":"https:\/\/www.europesays.com\/es\/wp-json\/wp\/v2\/posts\/116907","targetHints":{"allow":["GET"]}}],"collection":[{"href":"https:\/\/www.europesays.com\/es\/wp-json\/wp\/v2\/posts"}],"about":[{"href":"https:\/\/www.europesays.com\/es\/wp-json\/wp\/v2\/types\/post"}],"author":[{"embeddable":true,"href":"https:\/\/www.europesays.com\/es\/wp-json\/wp\/v2\/users\/2"}],"replies":[{"embeddable":true,"href":"https:\/\/www.europesays.com\/es\/wp-json\/wp\/v2\/comments?post=116907"}],"version-history":[{"count":0,"href":"https:\/\/www.europesays.com\/es\/wp-json\/wp\/v2\/posts\/116907\/revisions"}],"wp:featuredmedia":[{"embeddable":true,"href":"https:\/\/www.europesays.com\/es\/wp-json\/wp\/v2\/media\/116908"}],"wp:attachment":[{"href":"https:\/\/www.europesays.com\/es\/wp-json\/wp\/v2\/media?parent=116907"}],"wp:term":[{"taxonomy":"category","embeddable":true,"href":"https:\/\/www.europesays.com\/es\/wp-json\/wp\/v2\/categories?post=116907"},{"taxonomy":"post_tag","embeddable":true,"href":"https:\/\/www.europesays.com\/es\/wp-json\/wp\/v2\/tags?post=116907"}],"curies":[{"name":"wp","href":"https:\/\/api.w.org\/{rel}","templated":true}]}}