{"id":116919,"date":"2025-09-15T16:08:11","date_gmt":"2025-09-15T16:08:11","guid":{"rendered":"https:\/\/www.europesays.com\/es\/116919\/"},"modified":"2025-09-15T16:08:11","modified_gmt":"2025-09-15T16:08:11","slug":"las-instituciones-inflan-artificialmente-este-espectaculo","status":"publish","type":"post","link":"https:\/\/www.europesays.com\/es\/116919\/","title":{"rendered":"Las instituciones inflan artificialmente este espect\u00e1culo"},"content":{"rendered":"<p class=\"article-text\">\n        \u2013Avui seran guapos es toros!!!\n    <\/p>\n<p>    <a href=\"https:\/\/www.eldiario.es\/illes-balears\/sociedad\/menores-presencian-corrida-toros-llena-violencia-mallorca-gracias-pp-vox-no-tortura_1_12219609.html\" data-mrf-recirculation=\"saber-mas\" data-dl-event=\"saber-mas\" rel=\"nofollow noopener\" target=\"_blank\"><\/p>\n<p class=\"know-more__title\">Altercados en el tendido y violencia en el ruedo en la vuelta de las corridas de toros con menores en Mallorca gracias a PP y Vox<\/p>\n<p>            <img decoding=\"async\" class=\"lazy\" loading=\"lazy\" data-src=\"https:\/\/static.eldiario.es\/clip\/ae5ff94b-b880-48b6-98c5-4f9a87c97f1f_16-9-aspect-ratio_default_0.jpg\" src=\"data:image\/svg+xml,%3Csvg xmlns=\" http:=\"\" viewbox=\"0 0 880 495\" alt=\"Altercados en el tendido y violencia en el ruedo en la vuelta de las corridas de toros con menores en Mallorca gracias a PP y Vox\"\/><\/p>\n<p>                        <\/a><\/p>\n<p class=\"article-text\">\n        Un tipo pega un grito delante de una trasera abierta. Del dintel del port\u00f3n cuelga una bandera de Espa\u00f1a sobre la que han estampado el escudo de la Guardia Civil. Dentro, recortados en la oscuridad, est\u00e1n sus amigos. Son una docena. S\u00f3lo hombres. Entre veinte y cuarenta. Beben cubatas, esperando a que el calor de septiembre que achicharra el pueblo d\u00e9 una tregua. As\u00ed alargan una sobremesa que los conducir\u00e1 hacia las seis de la tarde hasta una plaza que les queda a apenas cinco minutos a pie. Otras cinco mil personas compartir\u00e1n el mismo plan: pasar el domingo por la tarde viendo morir a seis toros en Muro. La arena del coso de este municipio mallorqu\u00edn llevaba ocho a\u00f1os sin mancharse de sangre. Este domingo el tendido se llen\u00f3 para verlo.\u00a0\n    <\/p>\n<p class=\"article-text\">\n        Lleva sucediendo desde que comenz\u00f3 la primavera. La afici\u00f3n por la tauromaquia est\u00e1 resucitando en la isla. Dicho en lenguaje taurino, la corrida de Muro fue como una confirmaci\u00f3n de alternativa. Los tiempos en los que el Parlament de les Illes Balears prohibi\u00f3 la muerte del toro en la plaza quedan ya muy atr\u00e1s. <a href=\"https:\/\/www.eldiario.es\/illes-balears\/sociedad\/menores-presencian-corrida-toros-llena-violencia-mallorca-gracias-pp-vox-no-tortura_1_12219609.html\" target=\"_blank\" data-mrf-recirculation=\"links-noticia\" class=\"link\" rel=\"nofollow noopener\">En cinco meses ha habido cuatro<\/a> festejos taurinos (dos en Inca, uno en Palma y el de este domingo en Muro). Cuatro episodios de una misma historia que contiene un mensaje pol\u00edtico dif\u00edcil de separar de los picotazos, banderillazos, muletazos o la estocada que termina con la vida de la res en el ruedo.\n    <\/p>\n<p class=\"article-text\">\n        La derecha y la ultraderecha han ganado este pulso cultural con paciencia, paso a paso. Primero, cuando <a href=\"https:\/\/www.eldiario.es\/sociedad\/constitucional-sentencia-corridas-baleares-acabar_1_1778272.html\" target=\"_blank\" data-mrf-recirculation=\"links-noticia\" class=\"link\" rel=\"nofollow noopener\">el Tribunal Constitucional troce\u00f3, a petici\u00f3n del PP, la &#8216;ley de toros a la balear<\/a>&#8216; para permitir que hubiera sangre y muerte en el ruedo. Mandaba todav\u00eda Mariano Rajoy en Madrid. Pasaron unos a\u00f1os (2018-2023) sin apenas corridas y sin que la asistencia de p\u00fablico fuera la deseada para mantener en pie espect\u00e1culos tan costosos. Cuando Francina Armengol (PSOE) dej\u00f3 paso a Marga Prohens y el PP recuper\u00f3 el control del Govern \u2013que no del Parlament\u2013 en las \u00faltimas elecciones auton\u00f3micas, los conservadores cedieron a las presiones de Vox: un cambio legislativo volvi\u00f3 a permitir <a href=\"https:\/\/www.eldiario.es\/illes-balears\/politica\/pp-vox-aprueban-menores-puedan-asistir-corridas-toros-balears-fiesta-culta-mundo_1_11773296.html\" target=\"_blank\" data-mrf-recirculation=\"links-noticia\" class=\"link\" rel=\"nofollow noopener\">la presencia de menores en las plazas<\/a>. El \u00faltimo reducto del proyecto legislativo que se conoci\u00f3 como toros a la balear salt\u00f3 por los aires. El trasfondo pol\u00edtico del asunto sigue siendo innegable. En Muro, justo antes de que sonaran los clarines y arrancara el pase\u00edllo, desde las localidades de sol surgi\u00f3 un c\u00e1ntico que core\u00f3 buena parte del p\u00fablico: \u201c\u00a1Pedro S\u00e1nchez, hijo de puta!\u201d\u00a0\n    <\/p>\n<p>            <img decoding=\"async\" class=\"lazy\" loading=\"lazy\" data-src=\"https:\/\/static.eldiario.es\/clip\/dd22cdab-803f-44bf-9c52-6e0fa93f25e4_16-9-discover-aspect-ratio_default_0.jpg\" src=\"data:image\/svg+xml,%3Csvg xmlns=\" http:=\"\" viewbox=\"0 0 1200 675\" alt=\"Peineta de una taurina dedicada a los animalistas que protestaban a pocos metros de la plaza.\"\/><\/p>\n<p class=\"article-text\">\n        \u201cLas instituciones est\u00e1n intentando artificialmente inflar estas fiestas: este tipo de espect\u00e1culos no los apoya la sociedad en general y, en particular, la mallorquina. Esto ocurre porque la Administraci\u00f3n pone dinero, da permisos y un soporte a una empresa para que [la tauromaquia]\u00a0funcione. Si no, aqu\u00ed no hay suficiente apoyo social para que funcione\u201d, dice Enrique Gimeno mientras, a su espalda, se escuchan las proclamas de sus compa\u00f1eros de Satya Animal y el resto de colectivos \u2013Fundaci\u00f3n Franz Weber, Progreso en Verde, Mallorca Against Bullfighting, Estalla\u2013 que han convocado la protesta. \u201c\u00a1La tortura no es arte ni cultura!\u201d \u201c\u00a1Los ni\u00f1os, al parque y no a ver matar!\u201d \u201c\u00a1Torero, cobarde, que tengas mala tarde!\u201d. A las seis menos cuarto de la tarde son una treintena, un par de altavoces y una caja de percusi\u00f3n. Desde los altavoces del coso responden con coplas y sevillanas: la voz de Manolo Escobar entona los versos de Que viva Espa\u00f1a y los Cantores de H\u00edspalis tocan las palmas de uno de sus mayores \u00e9xitos: Que no nos falte de n\u00e1.\u00a0\n    <\/p>\n<blockquote class=\"quote\">\n<p class=\"quote-text\">Las instituciones est\u00e1n intentando artificialmente inflar estas fiestas: este tipo de espect\u00e1culos no los apoya la sociedad en general y, en particular, la mallorquina<\/p>\n<p>\n                        Enrique Gimeno<br \/>\n                                        \u2014 Miembro de Satya Animal\n                      <\/p>\n<\/blockquote>\n<p>            <img decoding=\"async\" class=\"lazy\" loading=\"lazy\" data-src=\"https:\/\/static.eldiario.es\/clip\/6d69f372-815e-4188-8e1f-2857b9f2f100_16-9-discover-aspect-ratio_default_0.jpg\" src=\"data:image\/svg+xml,%3Csvg xmlns=\" http:=\"\" viewbox=\"0 0 1200 675\" alt=\"Una de las proclamas que exhibieron los animalistas.\"\/><\/p>\n<p>            <img decoding=\"async\" class=\"lazy\" loading=\"lazy\" data-src=\"https:\/\/static.eldiario.es\/clip\/1d883466-e177-48aa-a205-e1d65de8567b_16-9-discover-aspect-ratio_default_0.jpg\" src=\"data:image\/svg+xml,%3Csvg xmlns=\" http:=\"\" viewbox=\"0 0 1200 675\" alt=\"Un momento de la protesta que congrego\u0301 a menos de cincuenta personas.\"\/><\/p>\n<p class=\"article-text\">\n        F\u00e0tima Riera se siente \u201cangustiada\u201d y \u201cespantada\u201d ante el regreso de la tauromaquia a Muro. Ella no forma parte de ninguna asociaci\u00f3n por los derechos de los animales. Es, simplemente, una vecina del pueblo que se ha acercado a la protesta: \u201cSe supone que Muro es un pueblo moderno: me parece fatal que en el siglo XXI se toleren estas acciones. Hace cinco a\u00f1os que nos vinimos a vivir aqu\u00ed y no pensaba que llegara a verlo: me gustar\u00eda que la plaza se hubiera convertido en una instalaci\u00f3n cultural, pero no que se dedique a torturar y asesinar animales. Ahora la han pintado, la han dejado perfecta, han colgado banderas\u2026 para mostrar algo que creo que no es: a la gente del pueblo no les gustan los toros\u201d. A F\u00e0tima la acompa\u00f1a su marido, murense de varias generaciones, y, por eso, ella pone como ejemplo del rechazo que cree que existe a la tauromaquia a nivel local a su familia pol\u00edtica: \u201cMis suegros no lo pueden soportar: odian la tortura y son personas conservadoras y de derechas\u201d.\n    <\/p>\n<blockquote class=\"quote\">\n<p class=\"quote-text\">Me gustar\u00eda que la plaza se hubiera convertido en una instalaci\u00f3n cultural, pero no que se dedique a torturar y asesinar animales. Ahora la han pintado, la han dejado perfecta, han colgado banderas\u2026 para mostrar algo que creo que no es: a la gente del pueblo no les gustan los toros<\/p>\n<p>\n                        F\u00e0tima<br \/>\n                                        \u2014 Vecina de Muro\n                      <\/p>\n<\/blockquote>\n<p class=\"article-text\">\n        El equipo de gobierno tiene planes diferentes a los que desea esta vecina. El Ajuntament de Muro compr\u00f3 la plaza en 2010, antes de que desaparecieran las corridas durante ocho a\u00f1os. <a href=\"https:\/\/www.ultimahora.es\/noticias\/part-forana\/2025\/08\/22\/2454567\/muro-vuelve-licitar-gestion-plaza-toros-tras-quedar-dos-veces-desierta-1.html\" target=\"_blank\" data-mrf-recirculation=\"links-noticia\" class=\"link\" rel=\"nofollow noopener\">Hace apenas tres semanas se anunci\u00f3 que la gesti\u00f3n del recinto se volver\u00eda a licitar despu\u00e9s de que ya se intentara en 2024. El concurso qued\u00f3 desierto dos veces<\/a>. El asunto es espinoso. Los animalistas de la Fundaci\u00f3n Franz Weber acusaron al Consistorio de \u201cregalar\u201d la plaza por alquil\u00e1rsela a \u201c300 euros al d\u00eda\u201d a los organizadores del festejo de ayer. \u201cNuestra posici\u00f3n es neutra\u201d, dijo el alcalde cuando tuvo que opinar sobre los usos que se le dar\u00edan al coso en un futuro inmediato: Miquel Porquer no es militante del PP ni de Vox, sino de El PI, la coalici\u00f3n conservadora y mallorquinista que ocup\u00f3 el espacio de la extinta Uni\u00f3 Mallorquina. Tras la debacle electoral que sufri\u00f3 en 2023, Muro, donde fue la lista m\u00e1s votada pero se qued\u00f3 muy lejos de la mayor\u00eda absoluta, es uno de sus \u00faltimos bastiones de poder.\n    <\/p>\n<p>            <img decoding=\"async\" class=\"lazy\" loading=\"lazy\" data-src=\"https:\/\/static.eldiario.es\/clip\/0e0de829-e883-4a5a-a71a-fe111be2f451_16-9-discover-aspect-ratio_default_0.jpg\" src=\"data:image\/svg+xml,%3Csvg xmlns=\" http:=\"\" viewbox=\"0 0 1200 675\" alt=\"'Cencerrito' voltea a David de Miranda minutos antes de morir a manos de este torero onubense.\"\/><\/p>\n<p>            <img decoding=\"async\" class=\"lazy\" loading=\"lazy\" data-src=\"https:\/\/static.eldiario.es\/clip\/5d453d42-77d6-490f-a165-0898f15b9c2c_16-9-discover-aspect-ratio_default_0.jpg\" src=\"data:image\/svg+xml,%3Csvg xmlns=\" http:=\"\" viewbox=\"0 0 1200 675\" alt=\"&quot;Dentro de un minuto dejamos de servir alcohol&quot;, se escucho\u0301 en el bar de La Monumental poco antes de que comenzara la corrida.\"\/><\/p>\n<p>    <strong>\u201cColecci\u00f3n de cayetanitos\u201d<\/strong><\/p>\n<p class=\"article-text\">\n        En las calles que rodean a la plaza se encuentran opiniones de todo tipo, sin embargo. Hay quien prefiere no mojarse: saca sillas plegables, las planta en la sombra y se sienta a contemplar el desfile de forasteros que, tras conseguir aparcar, pasean hasta los toros. Camisas claras, pantalones de lino, chalecos bordados con motivos camperos, sombreros de ala ancha, zapatos castellanos y zapatillas Pompeii, gafas oscuras, alguna americana y, entre las mujeres, bastantes vaqueros, prendas gruesas con las que se soportan estoicamente los veintipico grados de temperatura. De las manos m\u00e1s veteranas cuelgan esas bolsas de cart\u00f3n en la que se despacha la ropa en las franquicias de fast fashion y que se guardan porque valen para un roto y para un descos\u00edo. Por ejemplo, llevar las almohadillas sobre las que apoyar el culo en una grada de hormig\u00f3n. Pero, aunque no sea dif\u00edcil identificar a jubilados, el porcentaje de menores de treinta es alt\u00edsimo.\u00a0\n    <\/p>\n<p class=\"article-text\">\n        \u201cCarai, quina col\u00b7lecci\u00f3 de cayetanitos\u201d, exclama una mujer desde el patio de butacas callejero. Frente a ellas, en la esquina de enfrente, otras cuatro mujeres, m\u00e1s mayores, con pinta de madones (mujeres mayores mallorquinas), no pierden detalle, una mano en la cintura, la otra mano en el ment\u00f3n. Ninguna quiere, de primeras, hablar del regreso de la tauromaquia al pueblo, pero la m\u00e1s joven, que debe pasar los sesenta, acaba accediendo. Se llama Maria Magdalena y, aunque no entrar\u00e1 en la plaza, cree que el domingo 14 de septiembre de 2025 ser\u00e1 una fecha para recordarla: \u201cAqu\u00ed siempre se hab\u00eda celebrado una corrida cada a\u00f1o: el d\u00eda de Sant Joan, por las fiestas patronales. Es una tradici\u00f3n que se perdi\u00f3 y es bueno que se recupere. A todos los que tenemos una cierta edad nos han llevado a los toros y luego hemos ido con nuestros grupos de amigos, con nuestros novios, con nuestros hijos. Yo creo que los vecinos de Muro est\u00e1n a favor de que esto ocurra\u201d.\u00a0\n    <\/p>\n<p>            <img decoding=\"async\" class=\"lazy\" loading=\"lazy\" data-src=\"https:\/\/static.eldiario.es\/clip\/1d8a57bf-1e10-4bdf-bdbb-b80a58efe9d3_16-9-discover-aspect-ratio_default_0.jpg\" src=\"data:image\/svg+xml,%3Csvg xmlns=\" http:=\"\" viewbox=\"0 0 1200 675\" alt=\"Una de las orejas que entregaron como premio a De Miranda acabo\u0301 en manos de un nin\u0303o.\"\/><\/p>\n<p>            <img decoding=\"async\" class=\"lazy\" loading=\"lazy\" data-src=\"https:\/\/static.eldiario.es\/clip\/882caad2-c10e-4f66-b9a5-ac0fe71554fa_16-9-discover-aspect-ratio_default_0.jpg\" src=\"data:image\/svg+xml,%3Csvg xmlns=\" http:=\"\" viewbox=\"0 0 1200 675\" alt=\"Uno de los miembros de las cuadrillas prepara las picas que se utilizan para herir y debilitar al toro antes de matarlo.\"\/><\/p>\n<p class=\"article-text\">\n        En la puerta grande \u2013una reja colorada bajo un letrero que anuncia el nombre de la plaza: La Monumental\u2013 el p\u00fablico va entrando con calma. No se ven, eso s\u00ed, los mogollones que, ya en el tendido, causaron altercados \u2013insultos y alg\u00fan agarr\u00f3n de brazo\u2013 en la corrida que se celebr\u00f3 en Inca el pasado 14 de abril, otro domingo, el que encendi\u00f3 la mecha de la tauromaquia con la juventud como punta de lanza de los taurinos. Hay una macedonia de voces y, por un momento, las tapa la versi\u00f3n del himno de Espa\u00f1a que abraz\u00f3 la dictadura franquista en los altavoces: aquella letra escrita por Jos\u00e9 Mar\u00eda Pem\u00e1n, un falangista que se defin\u00eda como \u201cmitad poeta, mitad monje\u201d, se escucha a todo trapo en los altavoces de un coche que pasa por delante a la b\u00fasqueda de un parking.\n    <\/p>\n<p class=\"article-text\">\n        Tres chicos y dos chicas llaman la atenci\u00f3n entre el gent\u00edo. No porque hablen una mezcla de castellano y catal\u00e1n, ambos con fuerte acento mallorqu\u00edn: las conversaciones se reparten de forma proporcional entre las dos lenguas en los aleda\u00f1os de la plaza. Son del pueblo y visten diferente, con camisetas negras, de grupos de rock, pantalones cortos, deportivas en los pies, como si fueran una versi\u00f3n evolucionada de cuatro ni\u00f1os \u2013camisetas de f\u00fatbol, chancletas de piscina, segunda, tercera o cuarta generaci\u00f3n de magreb\u00edes en Mallorca\u2013 que contemplan el espect\u00e1culo sabiendo que sus padres no los van a meter en la plaza. Los adolescentes tienen m\u00e1s suerte: otra amiga comparece con dos entradas en la mano. Un peque\u00f1o tesoro: cada una cuesta cuarenta euros. \u201c\u00a1Vamos a entrar todos!\u201d. Todos menos uno: un p\u00faber espigado, el \u00fanico que rompe el monocolor con su polo azul. En la espalda se lee: \u201cSoy camarero\u201d. Va de uniforme y se ha escaqueado unos minutos del trabajo. Un rato antes, en la cafeter\u00eda donde trabaja y se ha pasado la tarde sirviendo gint\u00f3nics y carajillos, un cliente, con deje colombiano, le exigi\u00f3: \u201c\u00a1Pon pasodobles, que hoy vuelven los toros a Muro! \u00a1Hay que festejar!\u201d El chaval no le hizo caso, pero cuando se le pregunta si le gustar\u00eda pasar, responde con una palabra que lo dice todo:\n    <\/p>\n<p class=\"article-text\">\n        \u2013\u00a1Ojal\u00e1!\u00a0\n    <\/p>\n<p>            <img decoding=\"async\" class=\"lazy\" loading=\"lazy\" data-src=\"https:\/\/static.eldiario.es\/clip\/475ef485-9f9e-4be9-9f0d-62a17c9fb691_16-9-discover-aspect-ratio_default_0.jpg\" src=\"data:image\/svg+xml,%3Csvg xmlns=\" http:=\"\" viewbox=\"0 0 1200 675\" alt=\"Algunas cocheras se transformaron en locales para ambientar la previa a la corrida.\"\/><\/p>\n<p>            <img decoding=\"async\" class=\"lazy\" loading=\"lazy\" data-src=\"https:\/\/static.eldiario.es\/clip\/bbd0463e-86ad-455f-ab35-a598fce51a2f_16-9-discover-aspect-ratio_default_0.jpg\" src=\"data:image\/svg+xml,%3Csvg xmlns=\" http:=\"\" viewbox=\"0 0 1200 675\" alt=\"Aspecto del tendido en Muro.\"\/><\/p>\n<p>    <strong>\u201c\u00a1Este toro no sirve!\u201d<\/strong><\/p>\n<p class=\"article-text\">\n        El camarero adolescente de Muro se perder\u00e1 los insultos al presidente S\u00e1nchez, y el desprecio, de buena parte del p\u00fablico, al \u00fanico animal que se salv\u00f3 de la muerte. Sali\u00f3 de la puerta de toriles con el asta derecha partida. \u201c\u00a1Ese toro no sirve, hombre!\u201d Y lo cambiaron. Casualidad, o no, se llamaba Astuto. Hubo, no obstante, otros quinientos y pico kilos de m\u00fasculo y fibra para que Javier Conde celebrara los treinta a\u00f1os que han pasado desde que tom\u00f3 la alternativa como matador. La efem\u00e9ride era la excusa para organizar la corrida de Muro. Una excusa nada caprichosa. Esta plaza mallorquina, igual que la de Inca, e igual que <a href=\"https:\/\/www.eldiario.es\/illes-balears\/sociedad\/cientos-ninos-vuelven-asistir-tortura-seis-toros-plaza-palma-gracias-pp-vox-adoctrinamiento_1_12522612.html\" target=\"_blank\" data-mrf-recirculation=\"links-noticia\" class=\"link\" rel=\"nofollow noopener\">el Coliseo Balear, el gran coso palmesano<\/a>, si la familia Bala\u00f1\u00e1, sus propietarios, no hubieran descartado venderla este verano por cinco millones de euros, est\u00e1 gestionada por la misma empresa.\u00a0\n    <\/p>\n<p class=\"article-text\">\n        Balears Cambio de Tercio no es una start up. Su propietario se llama Francisco Javier d&#8217;Agostini. Plut\u00f3crata venezolano, con v\u00ednculos en el petr\u00f3leo y la banca. La Administraci\u00f3n Biden lo acus\u00f3 de colaborar con el chavismo, <a href=\"https:\/\/www.ultimahora.es\/noticias\/local\/2025\/01\/14\/2305271\/estados-unidos-liberan-cuentas-levantan-sanciones-empresario-mallorca.html\" target=\"_blank\" data-mrf-recirculation=\"links-noticia\" class=\"link\" rel=\"nofollow noopener\">la Administraci\u00f3n Trump lo ha perdonado recientemente<\/a>. Es cu\u00f1ado de Luis Alfonso de Borb\u00f3n, pretendiente al trono franc\u00e9s y bisnieto del General\u00edsimo Franco, y vive en Mallorca desde hace cuatro a\u00f1os. <a href=\"https:\/\/www.elperiodico.com\/es\/politica\/20250910\/espana-rechaza-extraditar-venezuela-millonario-robo-petroleo-121444161\" target=\"_blank\" data-mrf-recirculation=\"links-noticia\" class=\"link\" rel=\"nofollow noopener\">Espa\u00f1a acaba de rechazar su extradici\u00f3n que ahora exige el r\u00e9gimen de Nicol\u00e1s Maduro, se\u00f1al\u00e1ndolo por un supuesto \u201cquebranto de 33 millones de euros\u201d a una petrolera estatal<\/a>. Conde \u2013malague\u00f1o y marido de una de las artistas que con m\u00e1s ah\u00ednco ha defendido la pervivencia de la tauromaquia: Estrella Morente\u2013 es una de sus personas de confianza de D&#8217;Agostini. <a href=\"https:\/\/www.ultimahora.es\/noticias\/sociedad\/2025\/08\/31\/2460393\/mallorca-busca-torero.html\" target=\"_blank\" data-mrf-recirculation=\"links-noticia\" class=\"link\" rel=\"nofollow noopener\">Hace dos semanas, se reuni\u00f3 en Inca con tres chicos que participan en la iniciativa <\/a><a href=\"https:\/\/www.ultimahora.es\/noticias\/sociedad\/2025\/08\/31\/2460393\/mallorca-busca-torero.html\" target=\"_blank\" data-mrf-recirculation=\"links-noticia\" class=\"link\" rel=\"nofollow noopener\">Mallorca busca un torero<\/a><a href=\"https:\/\/www.ultimahora.es\/noticias\/sociedad\/2025\/08\/31\/2460393\/mallorca-busca-torero.html\" target=\"_blank\" data-mrf-recirculation=\"links-noticia\" class=\"link\" rel=\"nofollow noopener\">, organizada tambi\u00e9n por Balears Cambio de Tercio<\/a>. Le acompa\u00f1aba uno de los matadores que m\u00e1s p\u00e1ginas de papel cuch\u00e9 ha llenado en las \u00faltimas d\u00e9cadas.\u00a0\n    <\/p>\n<p>    <a href=\"https:\/\/www.eldiario.es\/illes-balears\/sociedad\/cientos-ninos-vuelven-asistir-tortura-seis-toros-plaza-palma-gracias-pp-vox-adoctrinamiento_1_12522612.html\" data-mrf-recirculation=\"saber-mas-abajo\" data-dl-event=\"saber-mas-abajo\" rel=\"nofollow noopener\" target=\"_blank\"><\/p>\n<p class=\"know-more__title\">Cientos de ni\u00f1os vuelven a asistir a la tortura de seis toros en la plaza de Palma gracias a PP y Vox: \u201cEs adoctrinamiento\u201d<\/p>\n<p>            <img decoding=\"async\" class=\"lazy\" loading=\"lazy\" data-src=\"https:\/\/static.eldiario.es\/clip\/b330f494-e1f8-4be6-9a38-4e43b0a2a358_16-9-aspect-ratio_default_0.jpg\" src=\"data:image\/svg+xml,%3Csvg xmlns=\" http:=\"\" viewbox=\"0 0 880 495\" alt=\"Cientos de ni\u00f1os vuelven a asistir a la tortura de seis toros en la plaza de Palma gracias a PP y Vox: &quot;Es adoctrinamiento&quot;\"\/><\/p>\n<p>                        <\/a><\/p>\n<p>            <img decoding=\"async\" class=\"lazy\" loading=\"lazy\" data-src=\"https:\/\/static.eldiario.es\/clip\/b9a4ed19-b0ce-4529-9311-6b8233ea274f_16-9-discover-aspect-ratio_default_0.jpg\" src=\"data:image\/svg+xml,%3Csvg xmlns=\" http:=\"\" viewbox=\"0 0 1200 675\" alt=\"Los toreros aguardal al pasei\u0301llo mientras buena parte del pu\u0301blico insulta a Pedro Sa\u0301nchez.\"\/><\/p>\n<p>            <img decoding=\"async\" class=\"lazy\" loading=\"lazy\" data-src=\"https:\/\/static.eldiario.es\/clip\/c4495ed7-25e5-45c1-bdcb-717ab4c1b634_16-9-discover-aspect-ratio_default_0.jpg\" src=\"data:image\/svg+xml,%3Csvg xmlns=\" http:=\"\" viewbox=\"0 0 1200 675\" alt=\"Enrique Ponce junto a Marco Pe\u0301rez, menor de edad todavi\u0301a y ya matador de toros profesional.\"\/><\/p>\n<p class=\"article-text\">\n        Enrique Ponce tambi\u00e9n estuvo este domingo en Muro. Vestido de paisano (camisa negra, gafas de sol que no se quit\u00f3 hasta que la sombra del atardecer se adue\u00f1\u00f3 por completo de la plaza) y apoyado en el burladero, donde dio consejos y escuch\u00f3 a una de las grandes expectaciones de la tarde: Marco P\u00e9rez. Este chico salmantino de diecisiete a\u00f1os \u2013se har\u00e1 mayor de edad el 7 de octubre\u2013 se enfund\u00f3 el traje de luces para matar a Potrico e Impaciente, el tercero y cuarto de una tarde que comenz\u00f3 con Cencerrito gimiendo sobre la arena. Sus bufidos no conmovieron a David de Miranda. Despu\u00e9s de que el toro lo volteara \u2013en el p\u00fablico alguien se acord\u00f3 de Morante de la Puebla, al que sustituy\u00f3 porque el muso de Vox se resinti\u00f3 de una cornada sufrida hace un mes en Pontevedra\u2013, el onubense ajustici\u00f3 a la res. La estocada penetr\u00f3 limpia el lomo, sangrante tras veinte minutos de tortura. Con los \u00f3rganos vitales heridos, el animal cedi\u00f3. Dos mulillas \u2013adornadas con las banderas espa\u00f1ola y mallorquina\u2013 entraron a arrastrar el cad\u00e1ver fuera del albero.\u00a0Ovaci\u00f3n y corte, en directo, de dos orejas. En plena vuelta triunfal, el torero las arroj\u00f3 al p\u00fablico. Una de ellas aterriz\u00f3 en las manos de un ni\u00f1o.\n    <\/p>\n","protected":false},"excerpt":{"rendered":"\u2013Avui seran guapos es toros!!! Altercados en el tendido y violencia en el ruedo en la vuelta de&hellip;\n","protected":false},"author":2,"featured_media":116920,"comment_status":"","ping_status":"","sticky":false,"template":"","format":"standard","meta":{"footnotes":""},"categories":[277],"tags":[39068,373,168,25,24,10392,39067,37073,17825,2457,3954,19941,34817,23,167,374,444],"class_list":{"0":"post-116919","1":"post","2":"type-post","3":"status-publish","4":"format-standard","5":"has-post-thumbnail","7":"category-toreo","8":"tag-artificialmente","9":"tag-bullfighting","10":"tag-deportes","11":"tag-es","12":"tag-espana","13":"tag-espectaculo","14":"tag-inflan","15":"tag-instituciones","16":"tag-llenar","17":"tag-mallorca","18":"tag-pasa","19":"tag-plazas","20":"tag-prohibir","21":"tag-spain","22":"tag-sports","23":"tag-toreo","24":"tag-toros"},"share_on_mastodon":{"url":"","error":""},"_links":{"self":[{"href":"https:\/\/www.europesays.com\/es\/wp-json\/wp\/v2\/posts\/116919","targetHints":{"allow":["GET"]}}],"collection":[{"href":"https:\/\/www.europesays.com\/es\/wp-json\/wp\/v2\/posts"}],"about":[{"href":"https:\/\/www.europesays.com\/es\/wp-json\/wp\/v2\/types\/post"}],"author":[{"embeddable":true,"href":"https:\/\/www.europesays.com\/es\/wp-json\/wp\/v2\/users\/2"}],"replies":[{"embeddable":true,"href":"https:\/\/www.europesays.com\/es\/wp-json\/wp\/v2\/comments?post=116919"}],"version-history":[{"count":0,"href":"https:\/\/www.europesays.com\/es\/wp-json\/wp\/v2\/posts\/116919\/revisions"}],"wp:featuredmedia":[{"embeddable":true,"href":"https:\/\/www.europesays.com\/es\/wp-json\/wp\/v2\/media\/116920"}],"wp:attachment":[{"href":"https:\/\/www.europesays.com\/es\/wp-json\/wp\/v2\/media?parent=116919"}],"wp:term":[{"taxonomy":"category","embeddable":true,"href":"https:\/\/www.europesays.com\/es\/wp-json\/wp\/v2\/categories?post=116919"},{"taxonomy":"post_tag","embeddable":true,"href":"https:\/\/www.europesays.com\/es\/wp-json\/wp\/v2\/tags?post=116919"}],"curies":[{"name":"wp","href":"https:\/\/api.w.org\/{rel}","templated":true}]}}