{"id":116923,"date":"2025-09-15T16:11:12","date_gmt":"2025-09-15T16:11:12","guid":{"rendered":"https:\/\/www.europesays.com\/es\/116923\/"},"modified":"2025-09-15T16:11:12","modified_gmt":"2025-09-15T16:11:12","slug":"nunca-se-menciona-en-peliculas-y","status":"publish","type":"post","link":"https:\/\/www.europesays.com\/es\/116923\/","title":{"rendered":"\u00abNunca se menciona en pel\u00edculas y\u2026\u00bb"},"content":{"rendered":"<p class=\"voc-p\" style=\"\">Fue una leyenda del tenis. A los 17 a\u00f1os, gan\u00f3 el torneo de <strong>Wimbledon<\/strong> y despu\u00e9s cosech\u00f3 numerosos \u00e9xitos, ganando un total de seis torneos de Grand Slam y seduciendo con su carisma y personalidad. Pero cuando termin\u00f3 su carrera profesional, <strong>todo fue de mal en peor<\/strong>. Hasta que dio con sus huesos en la <strong>c\u00e1rcel<\/strong>. Ahora <a href=\"https:\/\/www.abc.es\/gente\/abci-boris-becker-vive-lujo-pese-haberse-declarado-bancarrota-202203220201_noticia.html\" target=\"_self\" data-voc-vtm-id=\"in-text-traffic\" title=\"Boris Becker\" data-mrf-link=\"www.abc.es\" rel=\"nofollow noopener\">Boris Becker<\/a> lo cuenta todo en el libro &#8216;Inside&#8217; (dentro).<\/p>\n<p class=\"voc-p\" style=\"\">Este texto de memorias ya est\u00e1 publicado en Alemania y all\u00ed ha concedido una entrevista a la agencia dpa, donde ha hablado de <strong>aquella experiencia devastadora de 231 d\u00edas en prisi\u00f3n<\/strong>. En abril de 2022, Boris Becker, de 57 a\u00f1os, fue condenado por un tribunal de Londres por no declarar debidamente sus bienes en un procedimiento de quiebra. Una m\u00e1s de su serie de catastr\u00f3ficas desdichas.<\/p>\n<p class=\"voc-p\" style=\"\">\u00abReflexion\u00e9 mucho sobre las razones por las que termin\u00e9 en prisi\u00f3n, los errores que comet\u00ed y cu\u00e1ndo las cosas empezaron a ir mal. Han pasado dos a\u00f1os y medio desde <strong>mi liberaci\u00f3n y deportaci\u00f3n a Alemania<\/strong>, y mi esposa y yo vivimos en Italia desde abril de 2023. Podemos estar un poco orgullosos de c\u00f3mo hemos reconstruido nuestras vidas\u00bb, comenta.<\/p>\n<p>\n\u00abAntes era una persona sociable\u00bb\n<\/p>\n<p class=\"voc-p\" style=\"\">Boris Becker confiesa que aquella experiencia en prisi\u00f3n le ha cambiado. \u00abMe he vuelto extremadamente cauteloso con la gente. <strong>Mi confianza se ha visto mermada<\/strong>. Antes era una persona sociable y dejaba entrar a todos. Ya no es as\u00ed. Soy muy cauteloso y solo tengo un peque\u00f1o c\u00edrculo de amigos. Y no creo que eso cambie pronto. <strong>Ya me han enga\u00f1ado antes<\/strong>\u00bb, explica a la agencia dpa.<\/p>\n<p class=\"voc-p\" style=\"\">El extenista alem\u00e1n se\u00f1ala c\u00f3mo la c\u00e1rcel propicia una evaluaci\u00f3n de la vida y los errores cometidos a todos los niveles. Desde amistades a decisiones. Y c\u00f3mo el tiempo descubre qu\u00e9 personas val\u00edan la pena o no. \u00ab<strong>Cada uno deber\u00eda revisar su propio c\u00edrculo de amigos<\/strong> y descubrir qui\u00e9n est\u00e1 realmente fuera de lugar. \u00bfQui\u00e9n se ha quedado, qui\u00e9n te apoya y qui\u00e9n no? Mucha gente me dio la espalda y luego no tuvo tiempo, no le apetec\u00eda o no quer\u00eda tratar conmigo\u00bb, apunta.<\/p>\n<p class=\"voc-p\" style=\"\">Boris Becker ha querido narra la otra cara del \u00e9xito. C\u00f3mo cambia la vida de una persona tener \u00e9xito a una edad tan prematura, y todos los riesgos que ello conlleva. En su caso, ganar Wimbledon. \u00ab<strong>Creo que he reflexionado sobre m\u00ed mismo<\/strong>: \u00bfQu\u00e9 me distingui\u00f3 como tenista? \u00bfCu\u00e1les eran mis fortalezas? \u00bfCu\u00e1les eran mis cualidades? \u00bfCu\u00e1les eran mis debilidades? Y creo que mentalmente he regresado a la \u00e9poca en que jugaba bien al tenis, <strong>cuando mi vida estaba en orden<\/strong>\u00bb, advierte.<\/p>\n<p>\nSu d\u00eda a d\u00eda en prisi\u00f3n\n<\/p>\n<p class=\"voc-p\" style=\"\">\u00bfY qu\u00e9 ha quedado en \u00e9l de su estancia en la c\u00e1rcel? As\u00ed lo responde: \u00abHay un dicho: &#8216;Si has estado en prisi\u00f3n durante 10 a\u00f1os o m\u00e1s, la c\u00e1rcel nunca te dejar\u00e1 ir&#8217;. La mentalidad carcelaria tiene un efecto en la psique. <strong>La c\u00e1rcel es un castigo por los errores que has cometido<\/strong>. Duele enormemente y a veces incluso es peligrosa. Quien diga lo contrario no tiene ni idea. Las c\u00e1rceles inglesas son quiz\u00e1s incluso peores que las alemanas. Aunque los 231 d\u00edas fueron incre\u00edblemente largos, por supuesto fue una estancia corta en comparaci\u00f3n con las largas condenas. <strong>Se puede superar<\/strong>. Con la ayuda de la familia y buenos amigos, por supuesto\u00bb.<\/p>\n<p class=\"voc-p\" style=\"\">Su d\u00eda a d\u00eda era as\u00ed: \u00abLo que nunca se muestra en una pel\u00edcula sobre prisi\u00f3n, porque adem\u00e1s es muy aburrido, es <strong>ese largo tiempo solo en la celda<\/strong>. Y eso es lo peor de la prisi\u00f3n. No es cuando est\u00e1s trabajando o interactuando con otros presos, sino simplemente pasar todo ese tiempo solo en la celda.<strong> Esa es la parte brutal<\/strong>. Pero eso nunca se menciona en las pel\u00edculas\u00bb.<\/p>\n<p class=\"voc-p\" style=\"\">Boiris Becker todav\u00eda se estremece cuando piensa en lo que m\u00e1s le aturdi\u00f3 de lo que ve\u00eda entre rejas. \u00ab<strong>Lo sorprendente era que no hab\u00eda diferencias<\/strong>. Un delincuente de guante blanco estaba al lado de un asesino, y un asesino al lado de un ped\u00f3filo, y un ped\u00f3filo al lado de un traficante de drogas. No se hace distinci\u00f3n entre los delitos que se han cometido. <strong>Eso me asust\u00f3<\/strong> y no me lo esperaba\u00bb, revela.<\/p>\n<p>Reportar un error<\/p>\n","protected":false},"excerpt":{"rendered":"Fue una leyenda del tenis. A los 17 a\u00f1os, gan\u00f3 el torneo de Wimbledon y despu\u00e9s cosech\u00f3 numerosos&hellip;\n","protected":false},"author":2,"featured_media":116924,"comment_status":"","ping_status":"","sticky":false,"template":"","format":"standard","meta":{"footnotes":""},"categories":[274],"tags":[36386,38106,168,1818,25,24,21316,37498,1050,753,16733,23,167,327,326,2606],"class_list":{"0":"post-116923","1":"post","2":"type-post","3":"status-publish","4":"format-standard","5":"has-post-thumbnail","7":"category-tenis","8":"tag-becker","9":"tag-boris","10":"tag-deportes","11":"tag-dura","12":"tag-es","13":"tag-espana","14":"tag-extenista","15":"tag-menciona","16":"tag-nunca","17":"tag-peliculas","18":"tag-prision","19":"tag-spain","20":"tag-sports","21":"tag-tenis","22":"tag-tennis","23":"tag-vida"},"share_on_mastodon":{"url":"","error":""},"_links":{"self":[{"href":"https:\/\/www.europesays.com\/es\/wp-json\/wp\/v2\/posts\/116923","targetHints":{"allow":["GET"]}}],"collection":[{"href":"https:\/\/www.europesays.com\/es\/wp-json\/wp\/v2\/posts"}],"about":[{"href":"https:\/\/www.europesays.com\/es\/wp-json\/wp\/v2\/types\/post"}],"author":[{"embeddable":true,"href":"https:\/\/www.europesays.com\/es\/wp-json\/wp\/v2\/users\/2"}],"replies":[{"embeddable":true,"href":"https:\/\/www.europesays.com\/es\/wp-json\/wp\/v2\/comments?post=116923"}],"version-history":[{"count":0,"href":"https:\/\/www.europesays.com\/es\/wp-json\/wp\/v2\/posts\/116923\/revisions"}],"wp:featuredmedia":[{"embeddable":true,"href":"https:\/\/www.europesays.com\/es\/wp-json\/wp\/v2\/media\/116924"}],"wp:attachment":[{"href":"https:\/\/www.europesays.com\/es\/wp-json\/wp\/v2\/media?parent=116923"}],"wp:term":[{"taxonomy":"category","embeddable":true,"href":"https:\/\/www.europesays.com\/es\/wp-json\/wp\/v2\/categories?post=116923"},{"taxonomy":"post_tag","embeddable":true,"href":"https:\/\/www.europesays.com\/es\/wp-json\/wp\/v2\/tags?post=116923"}],"curies":[{"name":"wp","href":"https:\/\/api.w.org\/{rel}","templated":true}]}}