{"id":116927,"date":"2025-09-15T16:13:10","date_gmt":"2025-09-15T16:13:10","guid":{"rendered":"https:\/\/www.europesays.com\/es\/116927\/"},"modified":"2025-09-15T16:13:10","modified_gmt":"2025-09-15T16:13:10","slug":"checo-perez-da-el-salto-a-la-mlb-antes-de-regresar-a-la-f1","status":"publish","type":"post","link":"https:\/\/www.europesays.com\/es\/116927\/","title":{"rendered":"\u00bfCheco P\u00e9rez da el salto a la MLB antes de regresar a la F1?"},"content":{"rendered":"<p data-testid=\"paragraph\" class=\"mb-[20px] md:mb-[30px] break-word\"><strong>Los Angeles Dodgers<\/strong>, vigente campe\u00f3n de la <strong>MLB<\/strong>, recibir\u00e1 este lunes a <strong>Philadelphia Phillies<\/strong> y, para sorpresa de muchos, <strong><a href=\"https:\/\/bolavip.com\/mx\/tema\/checo-perez\" target=\"_blank\" rel=\"noreferrer noopener nofollow\" class=\"break-word font-articleLinkText text-articleLinkText hover:text-articleLinkTextHover hover:bg-articleLinkTextHoverBg cursor-pointer border-solid border-b-articleLinkTextHover\">Checo P\u00e9rez<\/a><\/strong> participar\u00e1 del encuentro. En medio de su esperado regreso a la <strong>F\u00f3rmula 1 <\/strong>como piloto de Cadillac, Sergio se llevar\u00e1 todas las miradas en el duelo de la Major League Baseball, pero no como jugador.<\/p>\n<p data-testid=\"paragraph\" class=\"mb-[20px] md:mb-[30px] break-word\">A diferencia de lo que hizo Michael Jordan en los Birmingham Barons -filial de ligas menores de los Chicago White Sox- en 1994 despu\u00e9s de su primer retiro del b\u00e1squetbol, <strong>Checo P\u00e9rez solamente lanzar\u00e1 la primera bola del partido<\/strong>, una pr\u00e1ctica com\u00fan que ya han llevado a cabo varias personalidades importantes a lo largo de la historia.<\/p>\n<p><img decoding=\"async\" src=\"https:\/\/www.europesays.com\/es\/wp-content\/uploads\/2025\/09\/BMX_20250915_BMX_358768_GettyImages-2234166250-1024x699_45899513.webp&#038;width=1024&#038;height=699.webp\" width=\"1024\" height=\"699\" alt=\"Checo P\u00e9rez en el US Open 2025 (GETTY IMAGES)\" class=\"h-auto\" loading=\"lazy\"\/><\/p>\n<p class=\"text-center mt-5 text-[14px] leading-[20px] font-normal\">Checo P\u00e9rez en el US Open 2025 (GETTY IMAGES)<\/p>\n<p data-testid=\"paragraph\" class=\"mb-[20px] md:mb-[30px] break-word\">El propio <strong>Pato O\u2019Ward<\/strong>, piloto mexicano de reserva de McLaren, lo hizo el pasado 6 de agosto en el juego New York Yankees vs. Texas Rangers; y ahora ser\u00e1 el turno de Checo. Ahora bien, hay un trasfondo que explica la presencia de P\u00e9rez en el cotejo de esta noche de los Dodgers.<\/p>\n<p data-testid=\"paragraph\" class=\"mb-[20px] md:mb-[30px] break-word\"><strong>La estructura de <a href=\"https:\/\/bolavip.com\/mx\/tema\/cadillac\" target=\"_blank\" rel=\"noreferrer noopener nofollow\" class=\"break-word font-articleLinkText text-articleLinkText hover:text-articleLinkTextHover hover:bg-articleLinkTextHoverBg cursor-pointer border-solid border-b-articleLinkTextHover\">Cadillac<\/a> en la F\u00f3rmula 1 estar\u00e1 a cargo de la compa\u00f1\u00eda TWG Global, consorcio que recientemente compr\u00f3 a LA Dodgers<\/strong>. Por eso, Sergio P\u00e9rez tendr\u00e1 el privilegio de abrir el encuentro con el lanzamiento simb\u00f3lico. Cabe recordar que a Checo ya se lo vio recientemente en otro evento deportivo importante de los Estados Unidos: el US Open de tenis.<\/p>\n<p><a title=\"Cadillac saca a la luz qu\u00e9 fue lo que les dijo Checo P\u00e9rez para convencerlos\" href=\"https:\/\/bolavip.com\/mx\/f1\/cadillac-saca-a-la-luz-que-fue-lo-que-les-dijo-checo-perez-para-convencerlos\" target=\"_self\" rel=\"nofollow noopener\" class=\"article-also-read-embed\"><img decoding=\"async\" class=\"aspect-square max-w-[100px] m-[10px] md:m-0\" src=\"https:\/\/www.europesays.com\/es\/wp-content\/uploads\/2025\/09\/1757952790_902_image\" alt=\"Cadillac saca a la luz qu\u00e9 fue lo que les dijo Checo P\u00e9rez para convencerlos\" width=\"200\" height=\"200\" loading=\"lazy\"\/><\/p>\n<p class=\"font-secondary my-[13px] uppercase text-alsoReadSeeAlso bg-alsoReadSeeAlsoBackground alsoReadSeeAlso w-fit\">ver tambi\u00e9n<\/p>\n<p class=\"w-full line-clamp-3 md:line-clamp-2 text-alsoReadEmbedTitle font-primary alsoReadLink\">Cadillac saca a la luz qu\u00e9 fue lo que les dijo Checo P\u00e9rez para convencerlos<\/p>\n<p><\/a>\u00bfCu\u00e1ndo es la primera carrera de Checo P\u00e9rez con Cadillac?<\/p>\n<p data-testid=\"paragraph\" class=\"break-word\">Sergio no corri\u00f3 ning\u00fan Gran Premio en lo que va de 2025 luego de lo que fue su despido de Red Bull Racing en diciembre del a\u00f1o anterior, y as\u00ed se mantendr\u00e1 hasta fin de a\u00f1o. Y es que Cadillac reci\u00e9n desembarca en la <a href=\"https:\/\/bolavip.com\/mx\/f1\" target=\"_blank\" rel=\"noreferrer noopener nofollow\" class=\"break-word font-articleLinkText text-articleLinkText hover:text-articleLinkTextHover hover:bg-articleLinkTextHoverBg cursor-pointer border-solid border-b-articleLinkTextHover\">F\u00f3rmula 1<\/a> en 2026, por lo que <strong>la primera de Checo P\u00e9rez con su nueva escuder\u00eda ser\u00e1 8 de marzo, en el marco del GP de Australia<\/strong>.<\/p>\n","protected":false},"excerpt":{"rendered":"Los Angeles Dodgers, vigente campe\u00f3n de la MLB, recibir\u00e1 este lunes a Philadelphia Phillies y, para sorpresa de&hellip;\n","protected":false},"author":2,"featured_media":116928,"comment_status":"","ping_status":"","sticky":false,"template":"","format":"standard","meta":{"footnotes":""},"categories":[270],"tags":[5331,5332,168,25,24,306,271,272,26709,23,167],"class_list":{"0":"post-116927","1":"post","2":"type-post","3":"status-publish","4":"format-standard","5":"has-post-thumbnail","7":"category-formula-1","8":"tag-cadillac","9":"tag-checo-perez","10":"tag-deportes","11":"tag-es","12":"tag-espana","13":"tag-f1","14":"tag-formula-1","15":"tag-formula1","16":"tag-mlb","17":"tag-spain","18":"tag-sports"},"share_on_mastodon":{"url":"","error":""},"_links":{"self":[{"href":"https:\/\/www.europesays.com\/es\/wp-json\/wp\/v2\/posts\/116927","targetHints":{"allow":["GET"]}}],"collection":[{"href":"https:\/\/www.europesays.com\/es\/wp-json\/wp\/v2\/posts"}],"about":[{"href":"https:\/\/www.europesays.com\/es\/wp-json\/wp\/v2\/types\/post"}],"author":[{"embeddable":true,"href":"https:\/\/www.europesays.com\/es\/wp-json\/wp\/v2\/users\/2"}],"replies":[{"embeddable":true,"href":"https:\/\/www.europesays.com\/es\/wp-json\/wp\/v2\/comments?post=116927"}],"version-history":[{"count":0,"href":"https:\/\/www.europesays.com\/es\/wp-json\/wp\/v2\/posts\/116927\/revisions"}],"wp:featuredmedia":[{"embeddable":true,"href":"https:\/\/www.europesays.com\/es\/wp-json\/wp\/v2\/media\/116928"}],"wp:attachment":[{"href":"https:\/\/www.europesays.com\/es\/wp-json\/wp\/v2\/media?parent=116927"}],"wp:term":[{"taxonomy":"category","embeddable":true,"href":"https:\/\/www.europesays.com\/es\/wp-json\/wp\/v2\/categories?post=116927"},{"taxonomy":"post_tag","embeddable":true,"href":"https:\/\/www.europesays.com\/es\/wp-json\/wp\/v2\/tags?post=116927"}],"curies":[{"name":"wp","href":"https:\/\/api.w.org\/{rel}","templated":true}]}}