{"id":116933,"date":"2025-09-15T16:16:08","date_gmt":"2025-09-15T16:16:08","guid":{"rendered":"https:\/\/www.europesays.com\/es\/116933\/"},"modified":"2025-09-15T16:16:08","modified_gmt":"2025-09-15T16:16:08","slug":"miguel-angel-silvestre-se-deja-ver-en-una-terraza-de-bilbao","status":"publish","type":"post","link":"https:\/\/www.europesays.com\/es\/116933\/","title":{"rendered":"Miguel \u00c1ngel Silvestre se deja ver en una terraza de Bilbao"},"content":{"rendered":"<p>\n        El actor <a href=\"https:\/\/www.deia.eus\/tags\/miguel-angel-silvestre\/\" title=\"Miguel \u00c1ngel Silvestre\" rel=\"nofollow noopener\" target=\"_blank\" class=\"link copy\">Miguel \u00c1ngel Silvestre<\/a> ha pasado unos d\u00edas en Bilbao y no ha dudado en compartir con sus seguidores uno de los rincones m\u00e1s espectaculares de la ciudad. Su estancia en el <a href=\"https:\/\/www.deia.eus\/tags\/hoteles\/\" title=\"hotel\" rel=\"nofollow noopener\" target=\"_blank\" class=\"link copy\"><strong>hotel <\/strong><\/a><strong>The Artist,<\/strong> le ha permitido disfrutar de su famosa terraza con vistas directas al <strong>Museo Guggenheim<\/strong>. En la foto que ha compartido el castellonense en sus redes, ha mostrado una estampa del Museo Guggenheim que ha acompa\u00f1ado con un <strong>\u00abGood morning Bilbao\u00bb<\/strong> para dar los buenos d\u00edas a la ciudad y a sus seguidores.\n<\/p>\n<p class=\"article-photo__footer\">\n            Historia de Miguel \u00c1ngel Silvestre            Instagram: @miguelangelsilvestre        <\/p>\n<p class=\"article-body__text \">\n        A trav\u00e9s de varias historias en <strong>Instagram<\/strong>, el actor mostr\u00f3 parte de la habitaci\u00f3n en la que se alojaba y las vistas que ten\u00eda desde la misma a la hora del <strong>desayuno<\/strong>. Silvestre no ha revelado los motivos de este viaje a <a href=\"https:\/\/www.deia.eus\/tags\/bizkaia\/\" title=\"Bizkaia\" rel=\"nofollow noopener\" target=\"_blank\" class=\"link copy\">Bizkaia <\/a>pero ha dejado constancia de haber descubierto una de las terrazas m\u00e1s espectaculares y especiales de <strong>Bilbao<\/strong>.\n<\/p>\n<p>  Una cara reconocida<\/p>\n<p class=\"article-body__text \">\n        Miguel \u00c1ngel Silvestre es uno de los actores espa\u00f1oles m\u00e1s reconocidos de su generaci\u00f3n. Tras una lesi\u00f3n que trunc\u00f3 su carrera como tenista profesional, se volc\u00f3 en la interpretaci\u00f3n y alcanz\u00f3 la fama en 2008 con <strong>\u201cSin tetas no hay para\u00edso\u201d<\/strong>, donde dio vida a El Duque, un personaje que lo convirti\u00f3 en fen\u00f3meno televisivo. Desde entonces ha demostrado una gran versatilidad en cine y <a href=\"https:\/\/www.deia.eus\/tags\/television\/\" title=\"televisi\u00f3n\" rel=\"nofollow noopener\" target=\"_blank\" class=\"link copy\">televisi\u00f3n<\/a>, pasando por t\u00edtulos como <strong>\u201cLo mejor de Eva\u201d<\/strong>, <strong>\u201cVelvet\u201d<\/strong> y producciones internacionales de \u00e9xito como <strong>\u201cSense8\u201d<\/strong>, <strong>\u201cNarcos: M\u00e9xico\u201d<\/strong> o <strong>\u201cSky Rojo\u201d<\/strong>.\n<\/p>\n<p class=\"article-body__text \">\n        Su <strong>carrera <\/strong>se caracteriza por un equilibrio entre proyectos <strong>nacionales e internacionales<\/strong>, que lo han consolidado como un actor global con proyecci\u00f3n fuera del Estado. A lo largo de los a\u00f1os ha logrado evitar <strong>encasillarse<\/strong>, mostrando registros que van del drama al romance y la acci\u00f3n. <strong>Cercano <\/strong>y muy activo en redes sociales, <a href=\"https:\/\/www.deia.eus\/television\/2025\/05\/30\/miguel-angel-silvestre-gran-oportunidad-9701563.html\" title=\"Silvestre\" target=\"_blank\" class=\"link copy\" rel=\"nofollow noopener\">Silvestre <\/a>mantiene un v\u00ednculo directo con sus seguidores, reforzando su imagen de int\u00e9rprete <strong>carism\u00e1tico<\/strong>, <strong>vers\u00e1til <\/strong>y <strong>accesible<\/strong>, capaz de conectar con p\u00fablicos de distintas generaciones.\n<\/p>\n<p>  El hotel que ha elegido Silvestre<\/p>\n<p class=\"article-body__text \">\n        El <strong>hotel The Artist<\/strong> se ha consolidado como uno de los grandes referentes de la oferta hotelera de lujo en Bilbao. Ubicado frente al <a href=\"https:\/\/www.deia.eus\/tags\/museo-guggenheim\/\" title=\"Museo Guggenheim\" rel=\"nofollow noopener\" target=\"_blank\" class=\"link copy\">Museo Guggenheim<\/a>, el establecimiento es conocido por su espectacular terraza con vistas privilegiadas al icono arquitect\u00f3nico de la ciudad. Inaugurado en 2002 como <strong>Hotel Domine<\/strong> y redise\u00f1ado \u00edntegramente por el artista <strong>Javier Mariscal<\/strong>, inici\u00f3 en 2023 una nueva etapa bajo el nombre actual tras desvincularse de la cadena Silken.\n<\/p>\n<p class=\"article-body__text \">\n        Adem\u00e1s de sus habitaciones con panor\u00e1micas \u00fanicas, The Artist apuesta por la gastronom\u00eda con <strong>OLiO<\/strong>, el restaurante que tom\u00f3 el relevo del Beltz y que dirige el chef bilba\u00edno <strong>Abel Corral<\/strong>, con trayectoria en espacios como elBulli. Con una carta innovadora y un equipo joven, OLiO refuerza la vocaci\u00f3n del hotel por ofrecer experiencias completas que van m\u00e1s all\u00e1 del alojamiento.<\/p>\n","protected":false},"excerpt":{"rendered":"El actor Miguel \u00c1ngel Silvestre ha pasado unos d\u00edas en Bilbao y no ha dudado en compartir con&hellip;\n","protected":false},"author":2,"featured_media":116934,"comment_status":"","ping_status":"","sticky":false,"template":"","format":"standard","meta":{"footnotes":""},"categories":[174],"tags":[2594,2601,255,51,146,147,25,24,256,4098,38016,23,38699,809],"class_list":{"0":"post-116933","1":"post","2":"type-post","3":"status-publish","4":"format-standard","5":"has-post-thumbnail","7":"category-famosos","8":"tag-angel","9":"tag-bilbao","10":"tag-celebrities","11":"tag-deja","12":"tag-entertainment","13":"tag-entretenimiento","14":"tag-es","15":"tag-espana","16":"tag-famosos","17":"tag-miguel","18":"tag-silvestre","19":"tag-spain","20":"tag-terraza","21":"tag-ver"},"share_on_mastodon":{"url":"","error":""},"_links":{"self":[{"href":"https:\/\/www.europesays.com\/es\/wp-json\/wp\/v2\/posts\/116933","targetHints":{"allow":["GET"]}}],"collection":[{"href":"https:\/\/www.europesays.com\/es\/wp-json\/wp\/v2\/posts"}],"about":[{"href":"https:\/\/www.europesays.com\/es\/wp-json\/wp\/v2\/types\/post"}],"author":[{"embeddable":true,"href":"https:\/\/www.europesays.com\/es\/wp-json\/wp\/v2\/users\/2"}],"replies":[{"embeddable":true,"href":"https:\/\/www.europesays.com\/es\/wp-json\/wp\/v2\/comments?post=116933"}],"version-history":[{"count":0,"href":"https:\/\/www.europesays.com\/es\/wp-json\/wp\/v2\/posts\/116933\/revisions"}],"wp:featuredmedia":[{"embeddable":true,"href":"https:\/\/www.europesays.com\/es\/wp-json\/wp\/v2\/media\/116934"}],"wp:attachment":[{"href":"https:\/\/www.europesays.com\/es\/wp-json\/wp\/v2\/media?parent=116933"}],"wp:term":[{"taxonomy":"category","embeddable":true,"href":"https:\/\/www.europesays.com\/es\/wp-json\/wp\/v2\/categories?post=116933"},{"taxonomy":"post_tag","embeddable":true,"href":"https:\/\/www.europesays.com\/es\/wp-json\/wp\/v2\/tags?post=116933"}],"curies":[{"name":"wp","href":"https:\/\/api.w.org\/{rel}","templated":true}]}}