{"id":116935,"date":"2025-09-15T16:17:07","date_gmt":"2025-09-15T16:17:07","guid":{"rendered":"https:\/\/www.europesays.com\/es\/116935\/"},"modified":"2025-09-15T16:17:07","modified_gmt":"2025-09-15T16:17:07","slug":"duras-criticas-de-olloqui-al-mnac-mientras-crecen-los-apoyos-a-la-manifestacion-de-sijena-si-heraldo-es","status":"publish","type":"post","link":"https:\/\/www.europesays.com\/es\/116935\/","title":{"rendered":"Duras cr\u00edticas de Olloqui al MNAC mientras crecen los apoyos a la manifestaci\u00f3n de Sijena S\u00ed &#8211; heraldo.es"},"content":{"rendered":"<ol>\n<li><a href=\"https:\/\/news.google.com\/rss\/articles\/CBMi0wFBVV95cUxQZ1p0WkwxbVB2Ukh4V1BFaDJxV0diLUtvMkxaUlMyekJzczhpTjFZVmJyWGxhZ3lWblZtSEpmcHpnZ2tPZG5Ecy1FR1FHRk0xT1owaWlfWnVER191QTVGcUI4NkxSdnhVTnFwS083ZElVd0gtN1pnZ0VKMHNnWWwybUNkT2JvSFJsYzNZVi1oTzNjU18wek5kNWtxTUpZNXVobmVIcnVNV2U5ZEJzcndJRmZPeXVVTzBoVEVNOEhGMFJqQ2NFU2kycW9ibWFZWk9rS19F?oc=5\" target=\"_blank\" rel=\"nofollow noopener\">Duras cr\u00edticas de Olloqui al MNAC mientras crecen los apoyos a la manifestaci\u00f3n de Sijena S\u00ed<\/a>&nbsp;&nbsp;heraldo.es<\/li>\n<li><a href=\"https:\/\/news.google.com\/rss\/articles\/CBMikAFBVV95cUxQMWJtV1phMTkya3Bya0s4NlpsRzJCZ3J4dWxjQjFVa1JGNE1Pc2p2N21QYW4yN0RjSHQ1VWQ2RXhtcUtCazBnRXZEMjV0OVl1RmlzWmZBQ2dfcUJmOVlwc1Uxa0R2MVB3REtKRGZYUUFuZnZlSnpzd3RLcExDNmZYWVBkX3ZKRnZySjBNQVRPNGs?oc=5\" target=\"_blank\" rel=\"nofollow noopener\">Arag\u00f3n Informativos<\/a>&nbsp;&nbsp;RTVE.es<\/li>\n<li><a href=\"https:\/\/news.google.com\/rss\/articles\/CBMivgFBVV95cUxNR295ZE5za0JLOHFZbmVaVDNXdkVJYU90dk9ObDRWeTZ0S2FIdV80SElDM3ZXdGRPTkRXbkU4VkdpWDVDSU9BZTNDWVgwOWVxa245Z3pCbk1TSFl0U3dtR3hxLWl1djBwUXFsbDhrZHEySFQxNzNFb3Rfb0d6ZUlzLXZqZ1ZMTWd4VjNnWEZleGhsa0lmSVd4WGUzRlAzREZ0RkRRVS10WGVwb096NlVSVlc3U2hxRUYwV0p4VS1n?oc=5\" target=\"_blank\" rel=\"nofollow noopener\">La plataforma Sijena S\u00ed se concentrar\u00e1 ante el MNAC para exigir la devoluci\u00f3n de las pinturas<\/a>&nbsp;&nbsp;La Vanguardia<\/li>\n<li><a href=\"https:\/\/news.google.com\/rss\/articles\/CBMi0AFBVV95cUxQNGF3TmM1ZGF2b3FINVJYRTE3OVhhVzJQUE5SWTYzb29fTTMxaGx4WjFIdm1fVkZ2bC1IVUViNGZzMEViZ0VjYUx4XzZZVWpxd19FLTVnZ0o4TWM2Z0Q3cnRiNkpPQ2dMbEg5aWs1X0JDVHFOV19hSkduV2E0VjBkTjZyMzc4eUJTc2JzMERFUzUzVTFtdS0wam0xeFlUM0ZrWEwtQm5oajBIaG9jNm1uZWx5ZFpkOEtTYUlqeGJsTGxFTDJTbjJfSXNLUEF4emJ0?oc=5\" target=\"_blank\" rel=\"nofollow noopener\">La protesta para que los murales de Sijena vuelvan a Arag\u00f3n llegar\u00e1 a las puertas del MNAC: \u00abEl tiempo de los t\u00e9cnicos ya pas\u00f3\u00bb<\/a>&nbsp;&nbsp;elDiario.es<\/li>\n<li><a href=\"https:\/\/news.google.com\/rss\/articles\/CBMitwFBVV95cUxPazFHX3R1SVdQR1JnREhFZlR6cl9oLXpBSXg5X29YM2hNcHM5Q09mVkNjWWZGRGgzeWd3MVdPOER5dTVDMWtJU0o4SXRWRnVNY2p3VnpmUjJFQlM3d1VfLTFiUGxTOVZJNHJ6WDN0QUZjNjh5MVhqN1BGQThCREwxcTY1TW9EaEpKeHlIYWVtSkZsaXFlbndDdHlPTTFVQU5GR0g4X2pfY1ZTdzRtY28tT3JEZWNEQUnSAbwBQVVfeXFMTVI0TUJQTXhIbDJBSml1YTNKdzdDOWFXNU9lREVKMmVtLWt5cERyR01sS0ZINUpoOHB2RXMza1NqWEJMaFNkc2xoRndFYXUzRWVrT2hzRHFZNTN6OTYzQzRsUTV4cXI2WVpCOHF2Vm5EeHppZll6eEdnT3JTVFlxRnNRMWprTnhvb3RBNDNNSzMyd1hZWlo5SU9mWnZKOUg0NjlhbkJpc2F4WHpVZVZ5aXFzbi1scFR4ZGxQV3I?oc=5\" target=\"_blank\" rel=\"nofollow noopener\">Una veintena de entidades culturales y sociales exigir\u00e1n en Barcelona la vuelta de los bienes de Sijena<\/a>&nbsp;&nbsp;El Peri\u00f3dico de Arag\u00f3n<\/li>\n<\/ol>\n","protected":false},"excerpt":{"rendered":"Duras cr\u00edticas de Olloqui al MNAC mientras crecen los apoyos a la manifestaci\u00f3n de Sijena S\u00ed&nbsp;&nbsp;heraldo.es Arag\u00f3n Informativos&nbsp;&nbsp;RTVE.es&hellip;\n","protected":false},"author":2,"featured_media":116936,"comment_status":"","ping_status":"","sticky":false,"template":"","format":"standard","meta":{"footnotes":""},"categories":[173],"tags":[39070,229,233,231,230,6621,232,234,146,147,25,24,5087,39069,3452,23],"class_list":{"0":"post-116935","1":"post","2":"type-post","3":"status-publish","4":"format-standard","5":"has-post-thumbnail","7":"category-arte-y-diseno","8":"tag-apoyos","9":"tag-arte","10":"tag-arte-y-diseno","11":"tag-arts","12":"tag-arts-and-design","13":"tag-criticas","14":"tag-design","15":"tag-diseno","16":"tag-entertainment","17":"tag-entretenimiento","18":"tag-es","19":"tag-espana","20":"tag-manifestacion","21":"tag-olloqui","22":"tag-sijena","23":"tag-spain"},"share_on_mastodon":{"url":"","error":""},"_links":{"self":[{"href":"https:\/\/www.europesays.com\/es\/wp-json\/wp\/v2\/posts\/116935","targetHints":{"allow":["GET"]}}],"collection":[{"href":"https:\/\/www.europesays.com\/es\/wp-json\/wp\/v2\/posts"}],"about":[{"href":"https:\/\/www.europesays.com\/es\/wp-json\/wp\/v2\/types\/post"}],"author":[{"embeddable":true,"href":"https:\/\/www.europesays.com\/es\/wp-json\/wp\/v2\/users\/2"}],"replies":[{"embeddable":true,"href":"https:\/\/www.europesays.com\/es\/wp-json\/wp\/v2\/comments?post=116935"}],"version-history":[{"count":0,"href":"https:\/\/www.europesays.com\/es\/wp-json\/wp\/v2\/posts\/116935\/revisions"}],"wp:featuredmedia":[{"embeddable":true,"href":"https:\/\/www.europesays.com\/es\/wp-json\/wp\/v2\/media\/116936"}],"wp:attachment":[{"href":"https:\/\/www.europesays.com\/es\/wp-json\/wp\/v2\/media?parent=116935"}],"wp:term":[{"taxonomy":"category","embeddable":true,"href":"https:\/\/www.europesays.com\/es\/wp-json\/wp\/v2\/categories?post=116935"},{"taxonomy":"post_tag","embeddable":true,"href":"https:\/\/www.europesays.com\/es\/wp-json\/wp\/v2\/tags?post=116935"}],"curies":[{"name":"wp","href":"https:\/\/api.w.org\/{rel}","templated":true}]}}