{"id":116940,"date":"2025-09-15T16:23:08","date_gmt":"2025-09-15T16:23:08","guid":{"rendered":"https:\/\/www.europesays.com\/es\/116940\/"},"modified":"2025-09-15T16:23:08","modified_gmt":"2025-09-15T16:23:08","slug":"tiene-unos-efectos-secundarios-que-van-desde-una-pancreatitis-a-problemas-de-vista","status":"publish","type":"post","link":"https:\/\/www.europesays.com\/es\/116940\/","title":{"rendered":"Tiene unos efectos secundarios que van desde una pancreatitis a problemas de vista"},"content":{"rendered":"<p class=\"ft-text\">En los \u00faltimos a\u00f1os pocos medicamentos han generado tanta expectaci\u00f3n como el<a class=\"ft-link ft-link--decoration\" href=\"https:\/\/www.diariocordoba.com\/cordoba-ciudad\/2023\/01\/12\/ozempic-dispara-venta-farmacias-cordoba-81099378.html\" rel=\"nofollow noopener\" target=\"_blank\"> Ozempic<\/a>. Este f\u00e1rmaco, desarrollado inicialmente para tratar la <a class=\"ft-link ft-link--decoration\" href=\"https:\/\/www.diariocordoba.com\/salud\/guia\/2022\/09\/27\/diabetes-tipo-2-sintomas-tratamiento-75948417.html\" rel=\"nofollow noopener\" target=\"_blank\">diabetes tipo 2<\/a>, se ha convertido en <strong>una especie de revoluci\u00f3n paralela al ser utilizado por miles de personas con un objetivo distinto: p<\/strong>erder peso de manera r\u00e1pida y aparentemente sencilla. Las redes sociales, los foros de salud e incluso celebridades han contribuido a extender la idea de que basta con una pluma semanal para adelgazar sin grandes sacrificios.<\/p>\n<p class=\"ft-text\">Pero a medida que<strong> se ha popularizado su uso fuera de la indicaci\u00f3n original,<\/strong> tambi\u00e9n han surgido voces que alertan sobre los riesgos. Una de ellas es la del m\u00e9dico cordob\u00e9s Antonio Escribano: especialista en endocrinolog\u00eda y nutrici\u00f3n, que ha mostrado su preocupaci\u00f3n por lo que considera un uso indiscriminado de este f\u00e1rmaco con fines est\u00e9ticos.<\/p>\n<p class=\"ft-text\">En una entrevista en el programa <strong>La Tarde de COPE<\/strong>, conducido por Pilar Garc\u00eda Mu\u00f1iz, Escribano advert\u00eda con rotundidad de sus riesgos: \u201cEl Ozempic u otras marcas tienen unos <strong>efectos secundarios que van de una pancreatitis a problemas de vista<\/strong>, pasando por hipoglucemias o complicaciones en la ves\u00edcula\u201d. El endocrino record\u00f3 adem\u00e1s que la semaglutida, principio activo de este medicamento, fue dise\u00f1ada para regular los niveles de insulina en personas con diabetes, no para convertirse en una herramienta expr\u00e9s contra la obesidad.<\/p>\n<p>La valoraci\u00f3n de Antonio Escribano sobre Ozempic<\/p>\n<p class=\"ft-text\">El especialista fue claro: aunque muchas personas toleran bien el f\u00e1rmaco,<strong> cada vez se acumulan m\u00e1s casos en los que los efectos secundarios <\/strong>dejan de ser molestias leves para transformarse en complicaciones graves. Y, lo que es m\u00e1s inquietante, el famoso \u201cefecto rebote\u201d. Seg\u00fan explicaba al suspender el tratamiento el organismo deja de producir de manera natural las sustancias que reducen el apetito y se dispara la sensaci\u00f3n de hambre, lo que lleva a recuperar todo el peso perdido en muy poco tiempo, a veces incluso m\u00e1s del inicial.<\/p>\n<p class=\"ft-text\">Escribano criticaba tambi\u00e9n el uso fr\u00edvolo de estos medicamentos en personas que buscan bajar unos pocos kilos por motivos est\u00e9ticos: <strong>\u201cHay pacientes que me piden Ozempic para perder 5 o 6 kilos antes de una boda o del verano<\/strong>. Eso no merece la pena\u201d.<\/p>\n<p class=\"ft-text\">En su opini\u00f3n detr\u00e1s de esta moda<strong> se repite una historia que ya ha visto a lo largo de casi cinco d\u00e9cadas de carrera:<\/strong> productos milagro para adelgazar que terminan siendo retirados del mercado por sus efectos nocivos, desde las anfetaminas de los a\u00f1os 60 hasta f\u00f3rmulas con hormonas tiroideas o incluso c\u00e1psulas con tenias intestinales.<\/p>\n<p class=\"ft-text\">El endocrino resum\u00eda la cuesti\u00f3n c<strong>on una advertencia dif\u00edcil de maquillar: <\/strong>\u201cNo merece la pena arriesgarse a una bomba para perder unos kilos\u201d. Y frente al ruido que rodea al Ozempic y otros medicamentos similares, defend\u00eda lo que para \u00e9l sigue siendo la clave de cualquier proceso de p\u00e9rdida de peso: aprender a comer mejor y ajustar la ingesta de calor\u00edas al gasto energ\u00e9tico.<\/p>\n<p class=\"ft-text\">\u201cLa ansiedad no engorda; engorda comer por ansiedad. El estr\u00e9s no engorda; engorda comer para paliar el estr\u00e9s\u201d, explicaba, insistiendo en que, aunque el cuerpo pueda tardar en reaccionar<strong>, \u201cel organismo no le gusta que le hagan trampas\u201d.<\/strong><\/p>\n","protected":false},"excerpt":{"rendered":"En los \u00faltimos a\u00f1os pocos medicamentos han generado tanta expectaci\u00f3n como el Ozempic. Este f\u00e1rmaco, desarrollado inicialmente para&hellip;\n","protected":false},"author":2,"featured_media":116941,"comment_status":"","ping_status":"","sticky":false,"template":"","format":"standard","meta":{"footnotes":""},"categories":[92],"tags":[1247,3042,4807,4482,25,9480,24,165,12753,1023,5693,1925,8799,166,23],"class_list":{"0":"post-116940","1":"post","2":"type-post","3":"status-publish","4":"format-standard","5":"has-post-thumbnail","7":"category-salud","8":"tag-antonio","9":"tag-cordobes","10":"tag-diabetes","11":"tag-dv","12":"tag-es","13":"tag-escribano","14":"tag-espana","15":"tag-health","16":"tag-medico","17":"tag-moda","18":"tag-obesidad","19":"tag-opinion","20":"tag-ozempic","21":"tag-salud","22":"tag-spain"},"share_on_mastodon":{"url":"","error":""},"_links":{"self":[{"href":"https:\/\/www.europesays.com\/es\/wp-json\/wp\/v2\/posts\/116940","targetHints":{"allow":["GET"]}}],"collection":[{"href":"https:\/\/www.europesays.com\/es\/wp-json\/wp\/v2\/posts"}],"about":[{"href":"https:\/\/www.europesays.com\/es\/wp-json\/wp\/v2\/types\/post"}],"author":[{"embeddable":true,"href":"https:\/\/www.europesays.com\/es\/wp-json\/wp\/v2\/users\/2"}],"replies":[{"embeddable":true,"href":"https:\/\/www.europesays.com\/es\/wp-json\/wp\/v2\/comments?post=116940"}],"version-history":[{"count":0,"href":"https:\/\/www.europesays.com\/es\/wp-json\/wp\/v2\/posts\/116940\/revisions"}],"wp:featuredmedia":[{"embeddable":true,"href":"https:\/\/www.europesays.com\/es\/wp-json\/wp\/v2\/media\/116941"}],"wp:attachment":[{"href":"https:\/\/www.europesays.com\/es\/wp-json\/wp\/v2\/media?parent=116940"}],"wp:term":[{"taxonomy":"category","embeddable":true,"href":"https:\/\/www.europesays.com\/es\/wp-json\/wp\/v2\/categories?post=116940"},{"taxonomy":"post_tag","embeddable":true,"href":"https:\/\/www.europesays.com\/es\/wp-json\/wp\/v2\/tags?post=116940"}],"curies":[{"name":"wp","href":"https:\/\/api.w.org\/{rel}","templated":true}]}}