{"id":116948,"date":"2025-09-15T16:27:09","date_gmt":"2025-09-15T16:27:09","guid":{"rendered":"https:\/\/www.europesays.com\/es\/116948\/"},"modified":"2025-09-15T16:27:09","modified_gmt":"2025-09-15T16:27:09","slug":"francesca-albanese-israel-quiere-hacer-de-gaza-un-lugar-inhabitable-internacional","status":"publish","type":"post","link":"https:\/\/www.europesays.com\/es\/116948\/","title":{"rendered":"Francesca Albanese: \u201cIsrael quiere hacer de Gaza un lugar inhabitable\u201d | Internacional"},"content":{"rendered":"<p class=\"\">\u201cEs un doloroso honor <a href=\"https:\/\/elpais.com\/internacional\/2025-09-14\/gazaties-sin-salida-ante-el-asedio-israeli-y-el-olvido-general.html\" target=\"_self\" rel=\"nofollow noopener\" title=\"https:\/\/elpais.com\/internacional\/2025-09-14\/gazaties-sin-salida-ante-el-asedio-israeli-y-el-olvido-general.html\">estar aqu\u00ed en un momento tan cr\u00edtico para Gaza<\/a>\u201d. As\u00ed ha saludado a los periodistas Francesca Albanese, relatora especial sobre la situaci\u00f3n de los derechos humanos en los territorios palestinos ocupados, en la rueda de prensa que ha dado este lunes en la ciudad suiza de Ginebra. Albanese ha descrito luego la agon\u00eda, el \u201chorror absoluto\u201d que han vivido los habitantes de Gaza, que ahora est\u00e1n sufriendo adem\u00e1s una \u201climpieza \u00e9tnica\u201d, ha descrito, mientras Israel quiere hacer de la Franja \u201cun lugar inhabitable\u201d. Otros relatores de Naciones Unidas, presentes en la comparecencia, han respaldado sus argumentos. Entre ellos, Irene Khan, relatora especial sobre el derecho a la libertad de opini\u00f3n y de expresi\u00f3n, ha hecho especial \u00e9nfasis en la elevada cifra de periodistas palestinos v\u00edctimas de ataques israel\u00edes.<\/p>\n<p class=\"\">\u201cHan sido <a href=\"https:\/\/elpais.com\/internacional\/2025-09-14\/raul-incertis-medico-espanol-en-gaza-perdi-la-cuenta-de-los-ninos-muertos.html\" target=\"_self\" rel=\"nofollow noopener\" title=\"https:\/\/elpais.com\/internacional\/2025-09-14\/raul-incertis-medico-espanol-en-gaza-perdi-la-cuenta-de-los-ninos-muertos.html\">710 d\u00edas de horror absoluto para las personas en Gaza<\/a>. 65.000 es el n\u00famero de palestinos asesinados [durante estos d\u00edas], de los cuales un 75% son mujeres y ni\u00f1os\u201d, ha descrito Albanese. Esas son las cifras oficiales citadas por la relatora, que, sin embargo, ha insistido en que seguramente est\u00e1n gravemente infravaloradas: \u201cDeber\u00edamos empezar a pensar en 680.000 porque esa es la cifra que algunos acad\u00e9micos y cient\u00edficos afirman ser el n\u00famero real de v\u00edctimas mortales en Gaza\u201d. <\/p>\n<p class=\"\">De confirmarse esta cifra, ha subrayado, \u201c380.000 corresponder\u00edan a ni\u00f1os de menos de cinco a\u00f1os\u201d, si bien ha precisado luego que ese n\u00famero de muertos ser\u00e1 casi imposible de verificar debido a las restricciones para entrar en el territorio palestino invadido que imponen las autoridades israel\u00edes. Incluido a ella misma. Israel declar\u00f3 a Albanese persona non grata en febrero de 2024 y se le prohibi\u00f3 acceder a los territorios ocupados, no solo a Gaza, sino tambi\u00e9n a Cisjordania y a Jerusal\u00e9n Este. Sobre la experta italiana <a href=\"https:\/\/elpais.com\/internacional\/2025-07-09\/washington-sanciona-a-la-relatora-de-la-onu-para-los-territorios-palestinos-por-su-descarado-antisemitismo.html\" target=\"_self\" rel=\"nofollow noopener\" title=\"https:\/\/elpais.com\/internacional\/2025-07-09\/washington-sanciona-a-la-relatora-de-la-onu-para-los-territorios-palestinos-por-su-descarado-antisemitismo.html\">pesan tambi\u00e9n sanciones de Estados Unidos,<\/a> impuestas el pasado 9 de julio. <\/p>\n<p class=\"\">\u201cLlevar\u00e1 a\u00f1os comprobar el n\u00famero verdadero de cifras y recuperar los restos humanos de esta cat\u00e1strofe, como sucedi\u00f3 en Bosnia\u201d, ha recalcado la relatora para los territorios ocupados de la ONU. <\/p>\n<p class=\"\">La jurista italiana s\u00ed tiene claras otras cifras, que cit\u00f3. Son las de los 1.581 trabajadores humanitarios muertos, los 346 miembros del personal de la ONU, la mayor\u00eda de la agencia de refugiados de Naciones Unidas (UNRWA, por sus siglas en ingl\u00e9s), y los 252 periodistas que han perecido por ataques del ej\u00e9rcito israel\u00ed.<\/p>\n<p>Una prioridad<\/p>\n<p class=\"\">Este \u00faltimo dato tambi\u00e9n lo ha destacado Kahn: \u201cGaza se ha convertido en el conflicto m\u00e1s letal de la historia para los periodistas\u201d. Los periodistas muertos, seg\u00fan ha afirmado, sobrepasan ya los de ambas guerras mundiales, la guerra de Vietnam, las de Yugoslavia y la de Afganist\u00e1n, tomadas en conjunto. Esas muertes forman parte, ha asegurado Kahn, de la \u201cestrategia de Israel\u201d: acabar con los informadores antes de que sigan revelando <a href=\"https:\/\/elpais.com\/ideas\/2025-09-14\/michael-ignatieff-historiador-cada-nueva-persona-a-la-que-israel-mata-genera-otro-terrorista.html\" target=\"_self\" rel=\"nofollow noopener\" title=\"https:\/\/elpais.com\/ideas\/2025-09-14\/michael-ignatieff-historiador-cada-nueva-persona-a-la-que-israel-mata-genera-otro-terrorista.html\">las atrocidades que se est\u00e1n cometiendo en Gaza<\/a>. \u201cEl periodismo no es un crimen. Y los periodistas son objetos y v\u00edctimas de ataques deliberados\u201d en el enclave, ha subrayado. <\/p>\n<p class=\"\">Tanto Kahn como Albanese han coincidido en que la protecci\u00f3n de los periodistas sobre el terreno deber\u00eda ser una prioridad en la agenda de los miembros de la ONU: \u201c[El primer ministro brit\u00e1nico] Keir Starmer no plante\u00f3 esta cuesti\u00f3n al presidente israel\u00ed [Isaac Herzog, cuando se reunieron]\u201d, ha subrayado la jurista. En palabras de Kahn, en el contexto de un conflicto armado, esas matanzas son cr\u00edmenes de guerra. Si sucedieran fuera de ese \u00e1mbito, ser\u00edan \u201casesinatos\u201d, ha dicho.<\/p>\n<p class=\"\">Albanese ha recordado luego que Israel ha detenido al menos a 10.000 palestinos de Gaza, a quienes mantiene \u201chambrientos y torturados\u201d en sus prisiones. Algunos incluso, ha dicho, han sido violados. La relatora de la ONU ha interpelado luego a los dirigentes internacionales: \u201cPrimeros ministros, presidentes, ministros de exteriores y l\u00edderes internacionales:<a href=\"https:\/\/elpais.com\/planeta-futuro\/2025-09-13\/el-virus-sin-nombre-que-se-propaga-en-gaza-sobrevivimos-a-los-bombardeos-pero-no-quiero-que-la-enfermedad-me-arrebate-a-mi-bebe.html\" target=\"_self\" rel=\"nofollow noopener\" title=\"https:\/\/elpais.com\/planeta-futuro\/2025-09-13\/el-virus-sin-nombre-que-se-propaga-en-gaza-sobrevivimos-a-los-bombardeos-pero-no-quiero-que-la-enfermedad-me-arrebate-a-mi-bebe.html\"> \u00bfC\u00f3mo duermen ustedes? <\/a>No es solo el crimen de Israel, es un crimen del mundo\u201d, ha remarcado. <\/p>\n<p class=\"\">Como ha hecho ya en otras ocasiones, la jurista italiana ha acusado <a href=\"https:\/\/elpais.com\/television\/2025-09-15\/yolanda-diaz-y-urtasun-abogan-porque-espana-no-vaya-a-eurovision-si-esta-israel-no-puede-participar-en-eventos-deportivos-o-culturales.html\" target=\"_self\" rel=\"nofollow noopener\" title=\"https:\/\/elpais.com\/television\/2025-09-15\/yolanda-diaz-y-urtasun-abogan-porque-espana-no-vaya-a-eurovision-si-esta-israel-no-puede-participar-en-eventos-deportivos-o-culturales.html\">luego a la comunidad internacional de \u201ccomplicidad\u201d con el \u201cgenocidio\u201d<\/a> contra los palestinos que lleva a cabo el Gobierno del primer ministro israel\u00ed, Benjam\u00edn Netanyahu. La relatora cree que los pa\u00edses que respaldan a Israel no solo violan la ley internacional, sino que se benefician <a href=\"https:\/\/elpais.com\/internacional\/2025-09-15\/80-ong-internacionales-piden-prohibir-el-comercio-con-los-asentamientos-israelies-en-los-territorios-palestinos-ocupados.html\" target=\"_self\" rel=\"nofollow noopener\" title=\"https:\/\/elpais.com\/internacional\/2025-09-15\/80-ong-internacionales-piden-prohibir-el-comercio-con-los-asentamientos-israelies-en-los-territorios-palestinos-ocupados.html\">de la ofensiva israel\u00ed en Gaza al no detener el comercio con ese pa\u00eds<\/a>. \u201cNo existe un lugar seguro para los palestinos, pero tampoco lo hay para el derecho internacional\u201d. Entre esos Estados que \u201capoyan lo que hace Israel\u201d ha destacado tres: Estados Unidos, Alemania y el Reino Unido. <\/p>\n<p class=\"\">Esa \u201cilegalidad\u201d de la actuaci\u00f3n de Israel se est\u00e1 \u201cnormalizando\u201d cada vez m\u00e1s entre los Estados miembros de la ONU. La \u201cilegalidad\u201d del conflicto ha sido un tema recurrente en las respuestas de Albanese a las preguntas de los periodistas en la sala, una ilegalidad que se \u201cnormaliza\u201d cada vez m\u00e1s entre los Estados miembros de la ONU. <\/p>\n<p class=\"\">La jurista italiana ha expresado luego su temor a que Israel no se detenga si logra tomar Gaza y prosiga hasta implantar el \u201cGran Israel\u201d, el proyecto de la extrema derecha nacionalista mesi\u00e1nica de su pa\u00eds que sue\u00f1a con apoderarse de parte del territorio de Estados como Egipto, Arabia Saud\u00ed, L\u00edbano, Siria y Jordania.<\/p>\n<p class=\"\">\u201c\u00bfDebe entenderse el \u2018Gran Israel\u2019 como un proyecto de dominaci\u00f3n sostenido por Estados Unidos y los miembros occidentales?\u201c, se ha preguntado la experta en derechos humanos en voz alta. En los \u00faltimos dos a\u00f1os Israel ha atacado a varios Estados de la regi\u00f3n, adem\u00e1s de a Gaza y a Cisjordania. Entre ellos, L\u00edbano, Siria -en estos dos Estados mantiene \u00e1reas ocupadas- Ir\u00e1n y el m\u00e1s lejano Yemen. <\/p>\n","protected":false},"excerpt":{"rendered":"\u201cEs un doloroso honor estar aqu\u00ed en un momento tan cr\u00edtico para Gaza\u201d. As\u00ed ha saludado a los&hellip;\n","protected":false},"author":2,"featured_media":116949,"comment_status":"","ping_status":"","sticky":false,"template":"","format":"standard","meta":{"footnotes":""},"categories":[42],"tags":[17,18,68,70,71,72,13,14,73,14798,69,75,11,61,62,63,64,74,19,20,9,10,15,16,732,77,76,12,21,22,65,66,67],"class_list":{"0":"post-116948","1":"post","2":"type-post","3":"status-publish","4":"format-standard","5":"has-post-thumbnail","7":"category-internacional","8":"tag-breaking-news","9":"tag-breakingnews","10":"tag-conflicto-arabe-israeli","11":"tag-conflictos","12":"tag-conflictos-armados","13":"tag-conflictos-internacionales","14":"tag-featured-news","15":"tag-featurednews","16":"tag-franja-gaza","17":"tag-ginebra","18":"tag-guerra","19":"tag-hamas","20":"tag-headlines","21":"tag-internacional","22":"tag-international","23":"tag-international-news","24":"tag-internationalnews","25":"tag-israel","26":"tag-latest-news","27":"tag-latestnews","28":"tag-news","29":"tag-noticias","30":"tag-noticias-destacadas","31":"tag-noticiasdestacadas","32":"tag-onu","33":"tag-oriente-proximo","34":"tag-palestina","35":"tag-titulares","36":"tag-ultimas-noticias","37":"tag-ultimasnoticias","38":"tag-world","39":"tag-world-news","40":"tag-worldnews"},"share_on_mastodon":{"url":"","error":""},"_links":{"self":[{"href":"https:\/\/www.europesays.com\/es\/wp-json\/wp\/v2\/posts\/116948","targetHints":{"allow":["GET"]}}],"collection":[{"href":"https:\/\/www.europesays.com\/es\/wp-json\/wp\/v2\/posts"}],"about":[{"href":"https:\/\/www.europesays.com\/es\/wp-json\/wp\/v2\/types\/post"}],"author":[{"embeddable":true,"href":"https:\/\/www.europesays.com\/es\/wp-json\/wp\/v2\/users\/2"}],"replies":[{"embeddable":true,"href":"https:\/\/www.europesays.com\/es\/wp-json\/wp\/v2\/comments?post=116948"}],"version-history":[{"count":0,"href":"https:\/\/www.europesays.com\/es\/wp-json\/wp\/v2\/posts\/116948\/revisions"}],"wp:featuredmedia":[{"embeddable":true,"href":"https:\/\/www.europesays.com\/es\/wp-json\/wp\/v2\/media\/116949"}],"wp:attachment":[{"href":"https:\/\/www.europesays.com\/es\/wp-json\/wp\/v2\/media?parent=116948"}],"wp:term":[{"taxonomy":"category","embeddable":true,"href":"https:\/\/www.europesays.com\/es\/wp-json\/wp\/v2\/categories?post=116948"},{"taxonomy":"post_tag","embeddable":true,"href":"https:\/\/www.europesays.com\/es\/wp-json\/wp\/v2\/tags?post=116948"}],"curies":[{"name":"wp","href":"https:\/\/api.w.org\/{rel}","templated":true}]}}