{"id":11695,"date":"2025-07-29T13:10:10","date_gmt":"2025-07-29T13:10:10","guid":{"rendered":"https:\/\/www.europesays.com\/es\/11695\/"},"modified":"2025-07-29T13:10:10","modified_gmt":"2025-07-29T13:10:10","slug":"nuevo-rey-en-la-formula-1-las-razones-detras-del-dominio-de-mclaren-en-la-temporada-2025","status":"publish","type":"post","link":"https:\/\/www.europesays.com\/es\/11695\/","title":{"rendered":"\u00bfNuevo rey en la F\u00f3rmula 1? Las razones detr\u00e1s del dominio de McLaren en la temporada 2025"},"content":{"rendered":"<p class=\"article-body__paragraph\"><b>McLaren<\/b> volvi\u00f3 a dar c\u00e1tedra este fin de semana. Con <b>Oscar Piastri<\/b> y <b>Lando Norris<\/b> como emblemas, <a href=\"https:\/\/www.latercera.com\/el-deportivo\/noticia\/pese-a-una-larga-demora-por-lluvia-oscar-piastri-vuelve-al-triunfo-en-el-gp-de-belgica-y-se-afianza-en-la-cima-de-la-f1\/\" target=\"_self\" rel=\"nofollow noopener\" title=\"https:\/\/www.latercera.com\/el-deportivo\/noticia\/pese-a-una-larga-demora-por-lluvia-oscar-piastri-vuelve-al-triunfo-en-el-gp-de-belgica-y-se-afianza-en-la-cima-de-la-f1\/\">la escuder\u00eda papaya demostr\u00f3 su dominio incontestable y firm\u00f3 un nuevo doblete en el Gran Premio de B\u00e9lgica<\/a>. <\/p>\n<p class=\"article-body__paragraph\">El equipo brit\u00e1nico no deja espacio a las dudas: <b>quieren arrebatarle el t\u00edtulo al <\/b><a href=\"https:\/\/www.latercera.com\/el-deportivo\/noticia\/nadie-detiene-la-hegemonia-de-max-verstappen-hace-historia-y-se-consagra-como-tetracampeon-de-la-formula-1-en-las-vegas\/UGXM5XOURFGDPAIGP462D2TROA\/\" target=\"_self\" rel=\"nofollow noopener\" title=\"https:\/\/www.latercera.com\/el-deportivo\/noticia\/nadie-detiene-la-hegemonia-de-max-verstappen-hace-historia-y-se-consagra-como-tetracampeon-de-la-formula-1-en-las-vegas\/UGXM5XOURFGDPAIGP462D2TROA\/\"><b>tetracampe\u00f3n Max Verstappen<\/b><\/a><b>, que cada jornada se va quedando m\u00e1s atr\u00e1s con su monoplaza de Red Bull<\/b>. Las 10 coronaciones, en 13 fechas posibles durante este a\u00f1o, dan cuenta de aquella determinaci\u00f3n para tomar el cetro.<\/p>\n<p class=\"article-body__paragraph\">Sin embargo, el \u00e9xito rutilante de la dupla papaya para desplazar al neerland\u00e9s no es algo que se gest\u00f3 de la noche a la ma\u00f1ana. <b>El elenco de Reino Unido ha llevado a cabo una estrategia de ingenier\u00eda nunca antes vista. Aqu\u00ed se explican las razones de la supremac\u00eda absoluta que exhiben fin de semana tras fin de semana<\/b>.<\/p>\n<p>Resurgimiento papaya<\/p>\n<p class=\"article-body__paragraph\">El <b>renacer de McLaren en la F\u00f3rmula 1<\/b>, <a href=\"https:\/\/www.latercera.com\/el-deportivo\/noticia\/lando-norris-brilla-en-el-gp-de-abu-dabi-y-mclaren-se-queda-con-el-titulo-de-constructores-de-la-f1-tras-26-anos\/M54O3M2IKVAKPC23T4C54PUUBI\/\" target=\"_self\" rel=\"nofollow noopener\" title=\"https:\/\/www.latercera.com\/el-deportivo\/noticia\/lando-norris-brilla-en-el-gp-de-abu-dabi-y-mclaren-se-queda-con-el-titulo-de-constructores-de-la-f1-tras-26-anos\/M54O3M2IKVAKPC23T4C54PUUBI\/\">culminando en un Campeonato de Constructores en 2024<\/a>, es el <b>resultado de un esfuerzo estrat\u00e9gico y multifac\u00e9tico<\/b>. La transformaci\u00f3n del monoplaza, de ser el m\u00e1s lento en 2023 a un referente para 2025, llama la atenci\u00f3n.<\/p>\n<p class=\"article-body__paragraph\">Una de las claves es su <b>ambiciosa aplicaci\u00f3n de tecnolog\u00eda avanzada<\/b>. McLaren lidera en el uso de datos e inteligencia artificial (IA) para el desarrollo de veh\u00edculos, con un 90% del dise\u00f1o iniciando digitalmente. La IA es crucial para analizar los 200 millones de puntos de datos de carrera, permitiendo identificar esas \u201cd\u00e9cimas de segundo\u201d cruciales y asistir en decisiones cr\u00edticas en tiempo real.<\/p>\n<p class=\"article-body__paragraph\">La <b>reestructuraci\u00f3n y el fortalecimiento de su equipo t\u00e9cnico<\/b>, bajo Zak Brown, han sido fundamentales. La incorporaci\u00f3n de talentos como Rob Marshall y la promoci\u00f3n de figuras internas como Andrea Stella, Peter Prodromou y Neil Houldey, han creado una estructura cohesionada que optimiza el rendimiento y permite una reacci\u00f3n r\u00e1pida en pista.<\/p>\n<p class=\"article-body__paragraph\">Por otro lado, las <b>actualizaciones significativas y efectivas del veh\u00edculo<\/b> han representado un aut\u00e9ntico \u201ccambio en el tablero\u201d. Mejoras introducidas en Miami y Zandvoort funcionaron de forma pulcra. Antes de estas, McLaren promediaba 19.2 puntos por carrera; despu\u00e9s, la cifra subi\u00f3 a 31.1 puntos, demostrando la eficacia de su desarrollo. Esto se complementa con la ventaja de su t\u00fanel de viento de \u00faltima generaci\u00f3n, que permite an\u00e1lisis m\u00e1s efectivos e implementaci\u00f3n r\u00e1pida de componentes.<\/p>\n<p class=\"article-body__paragraph\">Finalmente, la talentosa dupla de pilotos, Lando Norris y Oscar Piastri, ha sido crucial. <b>El oriundo de Melbourne, por ejemplo, es el l\u00edder absoluto del certamen, ganando en China, Bar\u00e9in, Arabia Saudita, Miami, Espa\u00f1a y B\u00e9lgica; mientras que el brit\u00e1nico ha mostrado un progreso notable, ubic\u00e1ndose en la segunda posici\u00f3n con triunfos en Australia, M\u00f3naco, Austria y Gran Breta\u00f1a<\/b>. La combinaci\u00f3n de liderazgo s\u00f3lido, equipo t\u00e9cnico reforzado, uso innovador de la tecnolog\u00eda y rendimiento excepcional de los pilotos ha catapultado a McLaren a la vanguardia de <a href=\"https:\/\/www.formula1.com\/\" target=\"_self\" rel=\"nofollow noopener\" title=\"https:\/\/www.formula1.com\/\">la F\u00f3rmula 1<\/a>, rompiendo una sequ\u00eda de 26 a\u00f1os. Ahora, <b>est\u00e1n a solo un paso de consolidarse como los nuevos reyes del circuito<\/b>.<\/p>\n","protected":false},"excerpt":{"rendered":"McLaren volvi\u00f3 a dar c\u00e1tedra este fin de semana. Con Oscar Piastri y Lando Norris como emblemas, la&hellip;\n","protected":false},"author":2,"featured_media":11696,"comment_status":"","ping_status":"","sticky":false,"template":"","format":"standard","meta":{"footnotes":""},"categories":[270],"tags":[1763,168,25,24,306,271,3603,272,2104,2099,2704,2106,744,212,23,167],"class_list":{"0":"post-11695","1":"post","2":"type-post","3":"status-publish","4":"format-standard","5":"has-post-thumbnail","7":"category-formula-1","8":"tag-automovilismo","9":"tag-deportes","10":"tag-es","11":"tag-espana","12":"tag-f1","13":"tag-formula-1","14":"tag-formula-uno","15":"tag-formula1","16":"tag-lando-norris","17":"tag-max-verstappen","18":"tag-mclaren","19":"tag-oscar-piastri","20":"tag-polideportivo","21":"tag-red-bull","22":"tag-spain","23":"tag-sports"},"share_on_mastodon":{"url":"","error":""},"_links":{"self":[{"href":"https:\/\/www.europesays.com\/es\/wp-json\/wp\/v2\/posts\/11695","targetHints":{"allow":["GET"]}}],"collection":[{"href":"https:\/\/www.europesays.com\/es\/wp-json\/wp\/v2\/posts"}],"about":[{"href":"https:\/\/www.europesays.com\/es\/wp-json\/wp\/v2\/types\/post"}],"author":[{"embeddable":true,"href":"https:\/\/www.europesays.com\/es\/wp-json\/wp\/v2\/users\/2"}],"replies":[{"embeddable":true,"href":"https:\/\/www.europesays.com\/es\/wp-json\/wp\/v2\/comments?post=11695"}],"version-history":[{"count":0,"href":"https:\/\/www.europesays.com\/es\/wp-json\/wp\/v2\/posts\/11695\/revisions"}],"wp:featuredmedia":[{"embeddable":true,"href":"https:\/\/www.europesays.com\/es\/wp-json\/wp\/v2\/media\/11696"}],"wp:attachment":[{"href":"https:\/\/www.europesays.com\/es\/wp-json\/wp\/v2\/media?parent=11695"}],"wp:term":[{"taxonomy":"category","embeddable":true,"href":"https:\/\/www.europesays.com\/es\/wp-json\/wp\/v2\/categories?post=11695"},{"taxonomy":"post_tag","embeddable":true,"href":"https:\/\/www.europesays.com\/es\/wp-json\/wp\/v2\/tags?post=11695"}],"curies":[{"name":"wp","href":"https:\/\/api.w.org\/{rel}","templated":true}]}}