{"id":116958,"date":"2025-09-15T16:38:04","date_gmt":"2025-09-15T16:38:04","guid":{"rendered":"https:\/\/www.europesays.com\/es\/116958\/"},"modified":"2025-09-15T16:38:04","modified_gmt":"2025-09-15T16:38:04","slug":"hay-diferencias-en-la-educacion-entre-daneses-y-espanoles","status":"publish","type":"post","link":"https:\/\/www.europesays.com\/es\/116958\/","title":{"rendered":"Hay diferencias en la educaci\u00f3n entre daneses y espa\u00f1oles"},"content":{"rendered":"\n<ul class=\"bodyList bodyList--unordered\">\n<li class=\"bodyList__item\"><a href=\"https:\/\/www.elconfidencial.com\/deportes\/tenis\/2025-09-14\/enfado-david-ferrer-juez-de-silla-actitud-rune-copa-davis_4208662\/\" target=\"_self\" rel=\"nofollow noopener\">El tremendo enfado de Ferrer con el juez de silla por la actitud de Rune: \u00abTe hablo en espa\u00f1ol\u00bb<\/a><\/li>\n<li class=\"bodyList__item\"><a href=\"https:\/\/www.elconfidencial.com\/deportes\/tenis\/2025-09-14\/espana-dinamarca-carreno-pedro-martinez-rune_4208806\/\" target=\"_self\" rel=\"nofollow noopener\">Carre\u00f1o corona la gesta de Espa\u00f1a contra Dinamarca para estar en las finales de la Davis<\/a><\/li>\n<\/ul>\n<p> <strong>Espa\u00f1a <\/strong>logr\u00f3 una <a href=\"https:\/\/www.elconfidencial.com\/deportes\/tenis\/2025-09-14\/espana-dinamarca-carreno-pedro-martinez-rune_4208806\/\" target=\"_self\" rel=\"nofollow noopener\">remontada \u00e9pica ante Dinamarca<\/a><strong> <\/strong>en la eliminatoria de acceso para las finales de la <strong>Copa Davis 2025<\/strong>. El conjunto dan\u00e9s se coloc\u00f3 0-2 el s\u00e1bado, obligando al equipo de <strong>David Ferrer<\/strong> a jug\u00e1rsela el domingo. <\/p>\n<p> Finalmente, el combinado espa\u00f1ol gan\u00f3 los tres partidos y se llev\u00f3 la serie 3-2, certificando su pase para las finales a 8. La eliminatoria se disput\u00f3 en Puente Romano, en Marbella, donde se vivieron momentos de tensi\u00f3n en el cuarto partido entre el p\u00fablico y <strong>Holger Rune. <\/strong> <\/p>\n<p>              <img decoding=\"async\" class=\"inTextNews__img\" alt=\"Foto: rafa-nadal-carlos-alcaraz-halago-carrera-titulos\" src=\"https:\/\/www.europesays.com\/es\/wp-content\/uploads\/2025\/09\/f.elconfidencial.com\/original\/637\/57d\/de5\/63757dde52576d11d5270199e08ad4ae.jpg\"  \/>     <\/p>\n<p>TE PUEDE INTERESAR<\/p>\n<p>      <a class=\"inTextNews__title\" href=\"https:\/\/www.elconfidencial.com\/deportes\/tenis\/2025-09-11\/rafa-nadal-carlos-alcaraz-halago-carrera-titulos_4206972\/\" onclick=\"window.ECCO.emit(&#039;amplitude&#039;, { dataEventName: &#039;click_related_article_module&#039;, data: { related_article_url: &#039;https:\/\/www.elconfidencial.com\/deportes\/tenis\/2025-09-11\/rafa-nadal-carlos-alcaraz-halago-carrera-titulos_4206972\/&#039;, related_article_author: &#039;Rub\u00e9n Rodr\u00edguez,Rub\u00e9n Rodr\u00edguez&#039;, related_article_section: &#039;tenis&#039; } })\" rel=\"nofollow noopener\" target=\"_blank\"> El halago de Rafa Nadal a Alcaraz: \u00abSu carrera va encaminada a que sea algo \u00fanico en la historia\u00bb <\/a>   <\/p>\n<p>    El Confidencial     EFE   <\/p>\n<p> El<a href=\"https:\/\/www.elconfidencial.com\/deportes\/tenis\/2023-05-01\/rune-provocacion-davidovich-tenis-madrid-open_3621061\/\" target=\"_self\" rel=\"nofollow noopener\"> tenista dan\u00e9s se las tuvo <\/a>varias veces con la grada de Marbella, <strong>ya fuera con miradas desafiantes o llev\u00e1ndose el dedo a la oreja <\/strong>tras ganar un punto hacia una parte de la afici\u00f3n que celebraba sus errores. Hubo un momento del encuentro en el que despu\u00e9s de un break, Rune mand\u00f3 dos pelotazos fuera de las instalaciones de Puente Romano, algo que le acarre\u00f3 un warning. <a href=\"https:\/\/www.elconfidencial.com\/deportes\/tenis\/2025-09-14\/enfado-david-ferrer-juez-de-silla-actitud-rune-copa-davis_4208662\/\" target=\"_self\" rel=\"nofollow noopener\">Esto fue calentando el partido.<\/a> <\/p>\n<p> Ese partido se lo acab\u00f3 llevando<strong> Pedro Mart\u00ednez<\/strong> por 6-1, 4-6 y 7-6(3), llevando a la desesperaci\u00f3n absoluta a la gran estrella rival. Tanto, que Rune no le dio la mano al juez de silla al finalizar el encuentro. <\/p>\n<p> En declaraciones a Ekstrabladet, el dan\u00e9s coment\u00f3: <strong>\u00abTodav\u00eda no he revisado los videos,<\/strong> pero estoy bastante seguro. No he pensado mucho en ese punto, pero s\u00ed, me qued\u00e9 bastante frustrado. <strong>Fue un partido loco.<\/strong> Algunas cosas m\u00e1s pasaron, pero bueno, eso puede suceder. La semana pasada en el US Open tuvimos la posibilidad de usar revisiones en video para ver si el \u00e1rbitro hab\u00eda cometido un error o no\u00bb. <\/p>\n<blockquote class=\"twitter-tweet\">\n<p lang=\"en\" dir=\"ltr\">Well deserved Spain. We were close, but not meant to be this year . Thank you \ud83c\uddea\ud83c\uddf8 for hosting us the past days and thank you team mates \ud83c\udde9\ud83c\uddf0 for some great fights \ud83d\udcaa\ud83c\udffc and to all the amazing spectators supporting us in Spain and from home \ud83e\udef6\ud83c\udffc thank you <a href=\"https:\/\/t.co\/2wKrN3dVFt\" rel=\"nofollow\">https:\/\/t.co\/2wKrN3dVFt<\/a><\/p>\n<p>\u2014 Holger Rune (@holgerrune2003) <a href=\"https:\/\/twitter.com\/holgerrune2003\/status\/1967289226632057247?ref_src=twsrc%5Etfw\" rel=\"nofollow noopener\" target=\"_blank\">September 14, 2025<\/a><\/p><\/blockquote>\n<p> El <strong>n\u00famero 11 de la ATP<\/strong> habl\u00f3 del <strong>p\u00fablico espa\u00f1ol,<\/strong> al que compar\u00f3 con el de Dinamarca. \u00abSimplemente, creo que <strong>hay diferencias entre los modales daneses y espa\u00f1oles. Hay algunas diferencias en la educaci\u00f3n.<\/strong> Pero eso es parte del juego, y he vivido situaciones peores. Hay algunas cosas que, por supuesto, son un poco <strong>antideportivas<\/strong>. Pero, de nuevo, he vivido situaciones peores\u00bb. <\/p>\n<p> Aunque horas despu\u00e9s mostr\u00f3 su deportividad con un mensaje en las redes sociales en la que felicit\u00f3 a Espa\u00f1a y agradeci\u00f3 al p\u00fablico:<strong> \u00abEspa\u00f1a, bien merecida.<\/strong> Estuvimos cerca, pero no lo tuvimos este a\u00f1o. Gracias por recibirnos estos d\u00edas, gracias a los compa\u00f1eros por las grandes peleas y <strong>gracias a todos los incre\u00edbles espectadores que nos apoyan en Espa\u00f1a y desde casa\u00bb.<\/strong> <\/p>\n<p>         <script async src=\"https:\/\/platform.twitter.com\/widgets.js\" charset=\"utf-8\"><\/script><\/p>\n","protected":false},"excerpt":{"rendered":"El tremendo enfado de Ferrer con el juez de silla por la actitud de Rune: \u00abTe hablo en&hellip;\n","protected":false},"author":2,"featured_media":116959,"comment_status":"","ping_status":"","sticky":false,"template":"","format":"standard","meta":{"footnotes":""},"categories":[274],"tags":[168,25,24,23,167,327,326],"class_list":{"0":"post-116958","1":"post","2":"type-post","3":"status-publish","4":"format-standard","5":"has-post-thumbnail","7":"category-tenis","8":"tag-deportes","9":"tag-es","10":"tag-espana","11":"tag-spain","12":"tag-sports","13":"tag-tenis","14":"tag-tennis"},"share_on_mastodon":{"url":"","error":""},"_links":{"self":[{"href":"https:\/\/www.europesays.com\/es\/wp-json\/wp\/v2\/posts\/116958","targetHints":{"allow":["GET"]}}],"collection":[{"href":"https:\/\/www.europesays.com\/es\/wp-json\/wp\/v2\/posts"}],"about":[{"href":"https:\/\/www.europesays.com\/es\/wp-json\/wp\/v2\/types\/post"}],"author":[{"embeddable":true,"href":"https:\/\/www.europesays.com\/es\/wp-json\/wp\/v2\/users\/2"}],"replies":[{"embeddable":true,"href":"https:\/\/www.europesays.com\/es\/wp-json\/wp\/v2\/comments?post=116958"}],"version-history":[{"count":0,"href":"https:\/\/www.europesays.com\/es\/wp-json\/wp\/v2\/posts\/116958\/revisions"}],"wp:featuredmedia":[{"embeddable":true,"href":"https:\/\/www.europesays.com\/es\/wp-json\/wp\/v2\/media\/116959"}],"wp:attachment":[{"href":"https:\/\/www.europesays.com\/es\/wp-json\/wp\/v2\/media?parent=116958"}],"wp:term":[{"taxonomy":"category","embeddable":true,"href":"https:\/\/www.europesays.com\/es\/wp-json\/wp\/v2\/categories?post=116958"},{"taxonomy":"post_tag","embeddable":true,"href":"https:\/\/www.europesays.com\/es\/wp-json\/wp\/v2\/tags?post=116958"}],"curies":[{"name":"wp","href":"https:\/\/api.w.org\/{rel}","templated":true}]}}