{"id":116960,"date":"2025-09-15T16:39:06","date_gmt":"2025-09-15T16:39:06","guid":{"rendered":"https:\/\/www.europesays.com\/es\/116960\/"},"modified":"2025-09-15T16:39:06","modified_gmt":"2025-09-15T16:39:06","slug":"los-manifestantes-de-la-vuelta-ciclista-a-espana-increpan-a-un-reportero-de-el-programa-de-ar-fuera-ana-rosa","status":"publish","type":"post","link":"https:\/\/www.europesays.com\/es\/116960\/","title":{"rendered":"Los manifestantes de La Vuelta Ciclista a Espa\u00f1a increpan a un reportero de &#8216;El programa de AR&#8217;: \u00ab\u00a1Fuera Ana Rosa!\u00bb"},"content":{"rendered":"<p class=\"c-paragraph\">El pasado fin de semana, Madrid vivi\u00f3 una de sus jornadas m\u00e1s agitadas ante la celebraci\u00f3n de la <b>etapa final de la Vuelta Ciclista a Espa\u00f1a<\/b>. As\u00ed, miles de personas se concentraron en las calles de la capital para protestar por la participaci\u00f3n del equipo israel\u00ed en la competici\u00f3n.<\/p>\n<p class=\"c-paragraph\">Hasta all\u00ed se desplaz\u00f3 un equipo de <a href=\"https:\/\/www.20minutos.es\/tags\/temas\/el-programa-de-ana-rosa.html\" title=\"El programa de Ana Rosa\" rel=\"nofollow noopener\" target=\"_blank\">El programa de Ana Rosa<\/a>, que fue <b>increpado<\/b> por un grupo de j\u00f3venes manifestantes que, adem\u00e1s, se neg\u00f3 a hablar con el reportero del matinal de Telecinco.<\/p>\n<p class=\"c-paragraph\">Pese a esto, algunos manifestantes s\u00ed se mostraban m\u00e1s abiertos a hablar con los medios de comunicaci\u00f3n, pero al enterarse de que la conexi\u00f3n iba a ser con el matinal de Telecinco, se negaban a comentar nada y gritaban: \u00ab<b>\u00a1Fuera Ana Rosa!<\/b>\u00ab.<\/p>\n<p class=\"c-paragraph\">Este lunes, desde el plat\u00f3 del programa, <a href=\"https:\/\/www.20minutos.es\/tags\/personas\/ana-rosa-quintana.html\" title=\"Ana Rosa Quintana\" rel=\"nofollow noopener\" target=\"_blank\">Ana Rosa Quintana<\/a> ha reaccionado al rechazo de los manifestantes a hablar con el reportero de su espacio: \u00abAlejandro estaba haciendo su trabajo, <b>afortunadamente para \u00e9l, no es Ana Rosa<\/b>. Yo creo que la libertad de expresi\u00f3n y, posiblemente, me hubiera ido a manifestar por lo que estamos viendo en Gaza, pero, desde luego, no con esta gente porque de los que estaban all\u00ed, posiblemente <b>ninguno sobrevivir\u00eda en Palestina<\/b> ni las mujeres tendr\u00edan los derechos que tienen y los homosexuales estar\u00edan condenados. Entonces, vamos a ser serios\u00bb.<\/p>\n","protected":false},"excerpt":{"rendered":"El pasado fin de semana, Madrid vivi\u00f3 una de sus jornadas m\u00e1s agitadas ante la celebraci\u00f3n de la&hellip;\n","protected":false},"author":2,"featured_media":116961,"comment_status":"","ping_status":"","sticky":false,"template":"","format":"standard","meta":{"footnotes":""},"categories":[273],"tags":[313,1757,312,168,25,24,4417,16734,23,167,1357],"class_list":{"0":"post-116960","1":"post","2":"type-post","3":"status-publish","4":"format-standard","5":"has-post-thumbnail","7":"category-ciclismo","8":"tag-ciclismo","9":"tag-ciclista","10":"tag-cycling","11":"tag-deportes","12":"tag-es","13":"tag-espana","14":"tag-los","15":"tag-manifestantes","16":"tag-spain","17":"tag-sports","18":"tag-vuelta"},"share_on_mastodon":{"url":"","error":""},"_links":{"self":[{"href":"https:\/\/www.europesays.com\/es\/wp-json\/wp\/v2\/posts\/116960","targetHints":{"allow":["GET"]}}],"collection":[{"href":"https:\/\/www.europesays.com\/es\/wp-json\/wp\/v2\/posts"}],"about":[{"href":"https:\/\/www.europesays.com\/es\/wp-json\/wp\/v2\/types\/post"}],"author":[{"embeddable":true,"href":"https:\/\/www.europesays.com\/es\/wp-json\/wp\/v2\/users\/2"}],"replies":[{"embeddable":true,"href":"https:\/\/www.europesays.com\/es\/wp-json\/wp\/v2\/comments?post=116960"}],"version-history":[{"count":0,"href":"https:\/\/www.europesays.com\/es\/wp-json\/wp\/v2\/posts\/116960\/revisions"}],"wp:featuredmedia":[{"embeddable":true,"href":"https:\/\/www.europesays.com\/es\/wp-json\/wp\/v2\/media\/116961"}],"wp:attachment":[{"href":"https:\/\/www.europesays.com\/es\/wp-json\/wp\/v2\/media?parent=116960"}],"wp:term":[{"taxonomy":"category","embeddable":true,"href":"https:\/\/www.europesays.com\/es\/wp-json\/wp\/v2\/categories?post=116960"},{"taxonomy":"post_tag","embeddable":true,"href":"https:\/\/www.europesays.com\/es\/wp-json\/wp\/v2\/tags?post=116960"}],"curies":[{"name":"wp","href":"https:\/\/api.w.org\/{rel}","templated":true}]}}