{"id":116962,"date":"2025-09-15T16:40:10","date_gmt":"2025-09-15T16:40:10","guid":{"rendered":"https:\/\/www.europesays.com\/es\/116962\/"},"modified":"2025-09-15T16:40:10","modified_gmt":"2025-09-15T16:40:10","slug":"checo-perez-celebra-las-criticas-a-red-bull-finalmente-cabr","status":"publish","type":"post","link":"https:\/\/www.europesays.com\/es\/116962\/","title":{"rendered":"Checo P\u00e9rez celebra las cr\u00edticas a Red Bull: \u00abFinalmente, cabr&#8230;\u00bb"},"content":{"rendered":"<p data-start=\"477\" data-end=\"825\">El regreso de <strong>Sergio \u201cCheco\u201d P\u00e9rez<\/strong> a la <strong>F\u00f3rmula 1<\/strong> con <strong>Cadillac <\/strong>ha coincidido con un giro en el discurso dentro del paddock. Tras a\u00f1os en los que el mexicano carg\u00f3 con la mayor parte de las cr\u00edticas por el dominio absoluto de <strong>Max Verstappen<\/strong> en <strong>Red Bull<\/strong>, ahora son el equipo y el propio tetracampe\u00f3n neerland\u00e9s quienes comienzan a ser cuestionados.<\/p>\n<p> <img loading=\"lazy\" decoding=\"async\" src=\"https:\/\/www.europesays.com\/es\/wp-content\/uploads\/2025\/09\/R\u00c9CORD(112).jpg\" data-entity-uuid=\"fc604f98-8031-416a-85c9-7fbc6106554f\" data-entity-type=\"file\" width=\"1200\" height=\"676\" data-caption=\"Sergio P\u00e9rez, expiloto de Red Bull | IMAGO7\"\/><\/p>\n<p>Sergio P\u00e9rez, expiloto de Red Bull | IMAGO7<\/p>\n<p data-start=\"827\" data-end=\"1244\">Ex pilotos y analistas han se\u00f1alado que el monoplaza de la escuder\u00eda austriaca se dise\u00f1a exclusivamente a las exigencias de <strong>Verstappen<\/strong>, lo que deja sin margen real a sus compa\u00f1eros. Para P\u00e9rez, esas voces representan una especie de revancha moral despu\u00e9s de un 2024 en el que cay\u00f3 al octavo puesto del campeonato y fue se\u00f1alado incluso por <strong>Helmut Marko<\/strong> como responsable de la derrota en el Mundial de Constructores.<\/p>\n<p data-start=\"1246\" data-end=\"1477\">El propio Juan Pablo Montoya revel\u00f3 que P\u00e9rez no ocult\u00f3 su satisfacci\u00f3n cuando comenzaron esas cr\u00edticas:<br \/><strong data-start=\"1353\" data-end=\"1445\">\u201cRecib\u00ed un mensaje de Checo como a las dos de la ma\u00f1ana. Me dijo: \u2018Finalmente, cabr\u00f3n\u2019\u201d,<\/strong> cont\u00f3 el expiloto colombiano.<\/p>\n<p> <img loading=\"lazy\" decoding=\"async\" src=\"https:\/\/www.europesays.com\/es\/wp-content\/uploads\/2025\/09\/R\u00c9CORD(113).jpg\" data-entity-uuid=\"a141335a-6765-4881-9cb1-b5f4be6dca57\" data-entity-type=\"file\" width=\"1200\" height=\"817\" data-caption=\"P\u00e9rez no era el culpable del mal momento en Red Bull | IMAGO7\"\/><\/p>\n<p>P\u00e9rez no era el culpable del mal momento en Red Bull | IMAGO7<\/p>\n<p data-start=\"1479\" data-end=\"1776\">Ese mensaje refleja el alivio del tapat\u00edo, quien ya no es visto como el \u00fanico culpable del bajo desempe\u00f1o de los coequiperos de <strong>Verstappen<\/strong>. Ni <strong>Liam Lawson<\/strong> ni <strong>Yuki Tsunoda<\/strong> lograron resultados convincentes tras su salida, lo que refuerza la teor\u00eda de que el problema va m\u00e1s all\u00e1 de un solo piloto.<\/p>\n<p data-start=\"1778\" data-end=\"2040\">Ahora, con contrato en <strong>Cadillac <\/strong>y un nuevo proyecto que le respalda, Checo P\u00e9rez no solo regresa a la parrilla con ilusi\u00f3n renovada, sino tambi\u00e9n con la tranquilidad de que la cr\u00edtica ya comenz\u00f3 a mirar hacia donde \u00e9l siempre se\u00f1al\u00f3: la estructura de <strong>Red Bull<\/strong>.<\/p>\n<p><img loading=\"lazy\" decoding=\"async\" src=\"https:\/\/www.europesays.com\/es\/wp-content\/uploads\/2025\/09\/R\u00c9CORD(114).jpg\" data-entity-uuid=\"c3bf74e4-f805-4a4a-9758-1d67e49f3210\" data-entity-type=\"file\" width=\"1200\" height=\"676\" data-caption=\"Sergio P\u00e9rez, nuevo piloto de Cadillac | IMAGO7\"\/><\/p>\n<p>Sergio P\u00e9rez, nuevo piloto de Cadillac | IMAGO7<\/p>\n","protected":false},"excerpt":{"rendered":"El regreso de Sergio \u201cCheco\u201d P\u00e9rez a la F\u00f3rmula 1 con Cadillac ha coincidido con un giro en&hellip;\n","protected":false},"author":2,"featured_media":116963,"comment_status":"","ping_status":"","sticky":false,"template":"","format":"standard","meta":{"footnotes":""},"categories":[270],"tags":[168,25,24,306,271,272,11007,23,167],"class_list":{"0":"post-116962","1":"post","2":"type-post","3":"status-publish","4":"format-standard","5":"has-post-thumbnail","7":"category-formula-1","8":"tag-deportes","9":"tag-es","10":"tag-espana","11":"tag-f1","12":"tag-formula-1","13":"tag-formula1","14":"tag-sergio-perez","15":"tag-spain","16":"tag-sports"},"share_on_mastodon":{"url":"","error":""},"_links":{"self":[{"href":"https:\/\/www.europesays.com\/es\/wp-json\/wp\/v2\/posts\/116962","targetHints":{"allow":["GET"]}}],"collection":[{"href":"https:\/\/www.europesays.com\/es\/wp-json\/wp\/v2\/posts"}],"about":[{"href":"https:\/\/www.europesays.com\/es\/wp-json\/wp\/v2\/types\/post"}],"author":[{"embeddable":true,"href":"https:\/\/www.europesays.com\/es\/wp-json\/wp\/v2\/users\/2"}],"replies":[{"embeddable":true,"href":"https:\/\/www.europesays.com\/es\/wp-json\/wp\/v2\/comments?post=116962"}],"version-history":[{"count":0,"href":"https:\/\/www.europesays.com\/es\/wp-json\/wp\/v2\/posts\/116962\/revisions"}],"wp:featuredmedia":[{"embeddable":true,"href":"https:\/\/www.europesays.com\/es\/wp-json\/wp\/v2\/media\/116963"}],"wp:attachment":[{"href":"https:\/\/www.europesays.com\/es\/wp-json\/wp\/v2\/media?parent=116962"}],"wp:term":[{"taxonomy":"category","embeddable":true,"href":"https:\/\/www.europesays.com\/es\/wp-json\/wp\/v2\/categories?post=116962"},{"taxonomy":"post_tag","embeddable":true,"href":"https:\/\/www.europesays.com\/es\/wp-json\/wp\/v2\/tags?post=116962"}],"curies":[{"name":"wp","href":"https:\/\/api.w.org\/{rel}","templated":true}]}}