{"id":116965,"date":"2025-09-15T16:42:13","date_gmt":"2025-09-15T16:42:13","guid":{"rendered":"https:\/\/www.europesays.com\/es\/116965\/"},"modified":"2025-09-15T16:42:13","modified_gmt":"2025-09-15T16:42:13","slug":"que-dice-el-nuevo-himno-de-la-champions","status":"publish","type":"post","link":"https:\/\/www.europesays.com\/es\/116965\/","title":{"rendered":"\u00bfQu\u00e9 dice el nuevo himno de la Champions?"},"content":{"rendered":"<p>\n        El himno de la <a href=\"https:\/\/www.deia.eus\/tags\/champions-league\/\" title=\"Champions League\" class=\"link copy\" rel=\"nofollow noopener\" target=\"_blank\">Champions League<\/a> <strong>volver\u00e1 a resonar en San Mam\u00e9s en el estreno de la competici\u00f3n ante el Arsenal. <\/strong>Pero<strong> no ser\u00e1 la primera vez<\/strong> que los acordes m\u00e1s caracter\u00edsticos del mundo del f\u00fatbol se tarareen en La Catedral.\n<\/p>\n<p class=\"article-body__text \">\n        <strong>Ya ocurri\u00f3 en la temporada 2014\/25<\/strong>, cuando el conjunto rojiblanco disput\u00f3<strong> la fase de grupos despu\u00e9s de superar la previa ante el N\u00e1poles<\/strong>. Es decir, el himno de la Champions <strong>ha sonado ya por la megafon\u00eda de San Mam\u00e9s en cuatro ocasiones.<\/strong> La primera fue, precisamente, frente al rival italiano, que <a href=\"https:\/\/www.deia.eus\/athletic\/2014\/08\/25\/vendidas-entradas-athletic-napoles-5202167.html\" title=\"aterriz\u00f3 en el estadio rojiblanco en agosto para llevarse una merecida derrota (3-1)\" class=\"link copy\" rel=\"nofollow noopener\" target=\"_blank\">aterriz\u00f3 en el estadio rojiblanco en agosto para llevarse una merecida derrota (3-1)<\/a>.\n<\/p>\n<p class=\"article-body__text \">\n        Despu\u00e9s <strong>volvi\u00f3 a o\u00edrse en la visita del Shakhtar Donetsk<\/strong> (0-0) en septiembre <strong>y del Oporto (0-2)<\/strong> en noviembre. Y la \u00faltima vez que la melod\u00eda <a href=\"https:\/\/www.deia.eus\/athletic\/2025\/09\/14\/kepa-arrizabalaga-visita-san-mames-10082810.html\" title=\"hizo las delicias de los seguidores rojiblancos \" class=\"link copy\" rel=\"nofollow noopener\" target=\"_blank\">hizo las delicias de los seguidores rojiblancos <\/a>fue en diciembre, <strong>en la insuficiente victoria ante el Bate Borisov (2-0).<\/strong>\n<\/p>\n<p>  Laporte y Valverde, los afortunados<\/p>\n<p class=\"article-body__text \">\n        De este equipo de la 2014\/15 tan <strong>solo quedan dos efectivos: Aymeric Laporte y Ernesto Valverde.<\/strong> De hecho, Txingurri <a href=\"https:\/\/www.deia.eus\/athletic\/2025\/09\/14\/laporte-inscrito-laliga-10082848.html\" title=\"aline\u00f3 al nuevo fichaje del Athletic en los cuatro encuentros de esa Champions League\" class=\"link copy\" rel=\"nofollow noopener\" target=\"_blank\">aline\u00f3 al nuevo fichaje del Athletic en los cuatro encuentros de esa Champions League<\/a>. Es m\u00e1s, <strong>Laporte disput\u00f3 todos los minutos<\/strong> de los duelos.\n<\/p>\n<p class=\"article-body__text \">\n        Cabe destacar que <strong>en la plantilla de esa temporada tambi\u00e9n figura I\u00f1aki Williams<\/strong>, sin embargo, el actual capit\u00e1n rojiblanco no fue convocado en Champions. Es m\u00e1s,<a href=\"https:\/\/www.deia.eus\/athletic\/2024\/12\/05\/inaki-williams-juveniles-apenas-cobraba-9017366.html\" title=\" debut\u00f3 como le\u00f3n en diciembre,\" class=\"link copy\" rel=\"nofollow noopener\" target=\"_blank\"> debut\u00f3 como le\u00f3n en diciembre,<\/a> <strong>cuatro d\u00edas antes del partido ante el Bate Borisov,<\/strong> el \u00faltimo encuentro del Athletic en Champions.\n<\/p>\n<p class=\"article-body__text \">\n        Con todo, esta temporada <strong>el mayor de los Williams s\u00ed que jug\u00f3 en la Europa League <\/strong>a la que cayeron los leones tras finalizar terceros en su grupo. El internacional por Ghana <strong>fue titular en la ida de dieciseisavos ante el Torino y sali\u00f3 en el 42 de la vuelta.<\/strong>\n<\/p>\n<p>  \u00bfPor qu\u00e9 ha cambiado el himno y qu\u00e9 dice?<\/p>\n<p class=\"article-body__text \">\n        La <a href=\"https:\/\/www.deia.eus\/tags\/uefa\/\" title=\"UEFA\" class=\"link copy\" rel=\"nofollow noopener\" target=\"_blank\">UEFA <\/a>anunci\u00f3 que <strong>este a\u00f1o el himno de la Champions sonar\u00e1 diferente<\/strong> ya que, en un intento de modernizarla y darle otro ritmo,<strong> se han a\u00f1adidos instrumentos de viento en su ejecuci\u00f3n<\/strong>. Sin embargo,<strong> la letra no variar\u00e1<\/strong> respecto a lo conocido.\n<\/p>\n<p class=\"article-body__text \">\n        Respecto a ella, cabe destacar que <strong>est\u00e1 compuesta en tres idiomas: ingl\u00e9s, alem\u00e1n y franc\u00e9s<\/strong>, las lenguas oficiales de la UEFA. Por ello, sus seis estrofas solo se pueden cantar en dichos idiomas:\n<\/p>\n<p class=\"article-body__text \">\n        Die Meister  (Los maestros)\n<\/p>\n<p class=\"article-body__text \">\n         Die Besten (Los mejores)\n<\/p>\n<p class=\"article-body__text \">\n         Les grandes \u00e9quipes (Los grandes equipos)\n<\/p>\n<p class=\"article-body__text \">\n         The champions (La Champions)\n<\/p>\n<p class=\"article-body__text \">\n        Une grande reuni\u00f3n (Una gran reuni\u00f3n)\n<\/p>\n<p class=\"article-body__text \">\n         Eine grosse sportliche Veranstaltung (Un gran evento deportivo)\n<\/p>\n<p class=\"article-body__text \">\n         The main event (El gran evento)\n<\/p>\n<p class=\"article-body__text \">\n        Die Meister (Los maestros)\n<\/p>\n<p class=\"article-body__text \">\n         Die Besten (Los mejores)\n<\/p>\n<p class=\"article-body__text \">\n         Les grandes \u00e9quipes (Los grandes equipos)\n<\/p>\n<p class=\"article-body__text \">\n         The champions (La Champions)\n<\/p>\n<p class=\"article-body__text \">\n        Ils sont les meilleurs (Son los mejores)\n<\/p>\n<p class=\"article-body__text \">\n         Sie sind die Besten (Son los mejores)\n<\/p>\n<p class=\"article-body__text \">\n         These are the champions (Son los campeones)\n<\/p>\n<p class=\"article-body__text \">\n        Die Meister (Los maestros)\n<\/p>\n<p class=\"article-body__text \">\n         Die Besten (Los mejores)\n<\/p>\n<p class=\"article-body__text \">\n         Les grandes \u00e9quipes (Los grandes equipos)\n<\/p>\n<p class=\"article-body__text \">\n         The champions (La Champions)<\/p>\n","protected":false},"excerpt":{"rendered":"El himno de la Champions League volver\u00e1 a resonar en San Mam\u00e9s en el estreno de la competici\u00f3n&hellip;\n","protected":false},"author":2,"featured_media":116966,"comment_status":"","ping_status":"","sticky":false,"template":"","format":"standard","meta":{"footnotes":""},"categories":[268],"tags":[11681,168,6727,25,24,280,282,5682,524,281,23,167],"class_list":{"0":"post-116965","1":"post","2":"type-post","3":"status-publish","4":"format-standard","5":"has-post-thumbnail","7":"category-futbol","8":"tag-champions","9":"tag-deportes","10":"tag-dice","11":"tag-es","12":"tag-espana","13":"tag-football","14":"tag-futbol","15":"tag-himno","16":"tag-nuevo","17":"tag-soccer","18":"tag-spain","19":"tag-sports"},"share_on_mastodon":{"url":"","error":""},"_links":{"self":[{"href":"https:\/\/www.europesays.com\/es\/wp-json\/wp\/v2\/posts\/116965","targetHints":{"allow":["GET"]}}],"collection":[{"href":"https:\/\/www.europesays.com\/es\/wp-json\/wp\/v2\/posts"}],"about":[{"href":"https:\/\/www.europesays.com\/es\/wp-json\/wp\/v2\/types\/post"}],"author":[{"embeddable":true,"href":"https:\/\/www.europesays.com\/es\/wp-json\/wp\/v2\/users\/2"}],"replies":[{"embeddable":true,"href":"https:\/\/www.europesays.com\/es\/wp-json\/wp\/v2\/comments?post=116965"}],"version-history":[{"count":0,"href":"https:\/\/www.europesays.com\/es\/wp-json\/wp\/v2\/posts\/116965\/revisions"}],"wp:featuredmedia":[{"embeddable":true,"href":"https:\/\/www.europesays.com\/es\/wp-json\/wp\/v2\/media\/116966"}],"wp:attachment":[{"href":"https:\/\/www.europesays.com\/es\/wp-json\/wp\/v2\/media?parent=116965"}],"wp:term":[{"taxonomy":"category","embeddable":true,"href":"https:\/\/www.europesays.com\/es\/wp-json\/wp\/v2\/categories?post=116965"},{"taxonomy":"post_tag","embeddable":true,"href":"https:\/\/www.europesays.com\/es\/wp-json\/wp\/v2\/tags?post=116965"}],"curies":[{"name":"wp","href":"https:\/\/api.w.org\/{rel}","templated":true}]}}