{"id":116969,"date":"2025-09-15T16:44:27","date_gmt":"2025-09-15T16:44:27","guid":{"rendered":"https:\/\/www.europesays.com\/es\/116969\/"},"modified":"2025-09-15T16:44:27","modified_gmt":"2025-09-15T16:44:27","slug":"estilo-eclectico-una-casa-de-campo-que-destaca-por-detalles-de-madera-y-enfoque-colorido","status":"publish","type":"post","link":"https:\/\/www.europesays.com\/es\/116969\/","title":{"rendered":"Estilo ecl\u00e9ctico: Una casa de campo que destaca por detalles de madera y enfoque colorido"},"content":{"rendered":"<p>Esta <strong>casa<\/strong> de <strong>campo de estilo ecl\u00e9ctico<\/strong> con entramado de madera de <strong>650 metros cuadrados<\/strong>, <strong>situada en una zona rural de Inglaterra<\/strong>, es un sue\u00f1o hecho realidad.<\/p>\n<p>La <strong>interiorista<\/strong> <strong>Nicola Harding<\/strong> consigui\u00f3 algo extraordinario: cre\u00f3 un espacio totalmente nuevo, impregnado de un alma que trascendi\u00f3 los siglos.<\/p>\n<p>El encargo surgi\u00f3 de una colaboraci\u00f3n anterior durante la pandemia, cuando los propietarios pasaron una larga temporada en el Beaverbrook Town House de Londres, un hotel dise\u00f1ado por Harding. Les gust\u00f3 tanto <strong>su enfoque de estilo ecl\u00e9ctico<\/strong> que la contrataron para la renovaci\u00f3n de una granja. Cuando esa colaboraci\u00f3n prosper\u00f3, le pidieron que se encargara tambi\u00e9n de este <strong>ambicioso proyecto de estilo ecl\u00e9ctico.<\/strong><\/p>\n<p><strong>\u201cEra una construcci\u00f3n nueva, levantada desde cero, pero los propietarios no deseaban que luciera perfecta.\u201d, recuerda Harding<\/strong>. \u201cUno de ellos quer\u00eda que tuviera alma desde el inicio y, como creativo, que fuera un lugar capaz de encender y alimentar su ingenio\u201d.<\/p>\n<p>El colorido proyecto en la Inglaterra rural aparece en el libro de debut de la dise\u00f1adora, Nicola Harding: Homing Instinct.<\/p>\n<p>Nicola Harding<\/p>\n<p>Para materializar esa paradoja, Harding integr\u00f3 la noci\u00f3n de historia inmediata mediante el <strong>uso de materiales naturales, elaborados artesanalmente y caracterizados por su profundidad y p\u00e1tina natural<\/strong>. Las baldosas de zellige hechas a mano, con sus irregularidades e imperfecciones, aparecen por toda la casa. La estructura de madera permanece expuesta, dejada intencionalmente a la intemperie con el paso del tiempo, en lugar de ser sellada.<\/p>\n<p>Harding tambi\u00e9n influy\u00f3 en la <a href=\"https:\/\/www.admagazine.com\/galerias\/casa-de-campo-con-diseno-midcentury-y-arte-moderno\" target=\"_blank\" rel=\"nofollow noopener\">arquitectura de la <strong>casa de campo<\/strong><\/a> <strong>de estilo ecl\u00e9ctico,<\/strong> empujando las paredes para crear proporciones m\u00e1s generosas, alinear las vistas y establecer puntos focales. Estos movimientos dieron a los interiores una sensaci\u00f3n de inevitabilidad, como si hubieran evolucionado lentamente en lugar de surgir de golpe.<\/p>\n<p>La cocina est\u00e1 hecha a medida y cuenta con l\u00e1mparas colgantes vintage y taburetes Standen de Jamb. El techo est\u00e1 ba\u00f1ado en un color rosa deslavado, mientras que las paredes llevan azulejos en color terracota.<\/p>\n<p>Nicola Harding<\/p>\n<p>El mueble de la despensa destaca por un rosa pastel que contrasta con el azulejo.<\/p>\n<p>Nicola Harding<\/p>\n<p>Una mesa Tuck In de NiX por Nicola Harding juega bien con media docena de sillas con pedestal de los a\u00f1os 30, originarias de un crucero, y un par de sillas Bobbin Leg de Howe London.<\/p>\n<p>Nicola Harding<\/p>\n<p>La cocina personifica su estrategia. Un volumen de doble altura, inundado de luz natural procedente de puertas francesas y tragaluces reci\u00e9n a\u00f1adidos, prepara el escenario. Las baldosas de zellige en color burdeos resplandecen con los cambios del sol a lo largo del d\u00eda. Una estufa de le\u00f1a esquinera anima a quedarse, mientras que una cajonera a medida en rosa pastel aporta el esp\u00edritu de los muebles familiares heredados a un espacio de nueva construcci\u00f3n. <strong>\u201cMe encanta que las cosas no combinen entre s\u00ed ni sean perfectas: da la sensaci\u00f3n de que la casa evolucion\u00f3 con el tiempo\u201d,<\/strong> dice Harding.<\/p>\n","protected":false},"excerpt":{"rendered":"Esta casa de campo de estilo ecl\u00e9ctico con entramado de madera de 650 metros cuadrados, situada en una&hellip;\n","protected":false},"author":2,"featured_media":116970,"comment_status":"","ping_status":"","sticky":false,"template":"","format":"standard","meta":{"footnotes":""},"categories":[173],"tags":[229,233,231,230,3738,232,234,146,147,25,24,23],"class_list":{"0":"post-116969","1":"post","2":"type-post","3":"status-publish","4":"format-standard","5":"has-post-thumbnail","7":"category-arte-y-diseno","8":"tag-arte","9":"tag-arte-y-diseno","10":"tag-arts","11":"tag-arts-and-design","12":"tag-casas","13":"tag-design","14":"tag-diseno","15":"tag-entertainment","16":"tag-entretenimiento","17":"tag-es","18":"tag-espana","19":"tag-spain"},"share_on_mastodon":{"url":"","error":""},"_links":{"self":[{"href":"https:\/\/www.europesays.com\/es\/wp-json\/wp\/v2\/posts\/116969","targetHints":{"allow":["GET"]}}],"collection":[{"href":"https:\/\/www.europesays.com\/es\/wp-json\/wp\/v2\/posts"}],"about":[{"href":"https:\/\/www.europesays.com\/es\/wp-json\/wp\/v2\/types\/post"}],"author":[{"embeddable":true,"href":"https:\/\/www.europesays.com\/es\/wp-json\/wp\/v2\/users\/2"}],"replies":[{"embeddable":true,"href":"https:\/\/www.europesays.com\/es\/wp-json\/wp\/v2\/comments?post=116969"}],"version-history":[{"count":0,"href":"https:\/\/www.europesays.com\/es\/wp-json\/wp\/v2\/posts\/116969\/revisions"}],"wp:featuredmedia":[{"embeddable":true,"href":"https:\/\/www.europesays.com\/es\/wp-json\/wp\/v2\/media\/116970"}],"wp:attachment":[{"href":"https:\/\/www.europesays.com\/es\/wp-json\/wp\/v2\/media?parent=116969"}],"wp:term":[{"taxonomy":"category","embeddable":true,"href":"https:\/\/www.europesays.com\/es\/wp-json\/wp\/v2\/categories?post=116969"},{"taxonomy":"post_tag","embeddable":true,"href":"https:\/\/www.europesays.com\/es\/wp-json\/wp\/v2\/tags?post=116969"}],"curies":[{"name":"wp","href":"https:\/\/api.w.org\/{rel}","templated":true}]}}