{"id":116971,"date":"2025-09-15T16:45:08","date_gmt":"2025-09-15T16:45:08","guid":{"rendered":"https:\/\/www.europesays.com\/es\/116971\/"},"modified":"2025-09-15T16:45:08","modified_gmt":"2025-09-15T16:45:08","slug":"homenaje-a-autores-ecuatorianos-en-la-feria-del-libro-y-una-nueva-edicion-del-premio-de-novela-corta-miguel-donoso-cultura-entretenimiento","status":"publish","type":"post","link":"https:\/\/www.europesays.com\/es\/116971\/","title":{"rendered":"Homenaje a autores ecuatorianos en la Feria del Libro y una nueva edici\u00f3n del premio de novela corta Miguel Donoso | Cultura | Entretenimiento"},"content":{"rendered":"<p class=\"text-left prose-text\">La <b>Feria Internacional del Libro de Guayaquil se inaugurar\u00e1 el mi\u00e9rcoles 17 de septiembre a las 12:00 <\/b>con un \u201cacto de justicia\u201d, en palabras de la presidenta del comit\u00e9 de contenidos, Cecilia Ansaldo Briones. <\/p>\n<p class=\"text-left prose-text\">Ser\u00e1 un <b>homenaje al narrador y ensayista quite\u00f1o Marco Antonio Rodr\u00edguez,<\/b> cuya obra Historia de un intruso est\u00e1 por cumplir 50 a\u00f1os de publicaci\u00f3n; a la prol\u00edfica <b>escritora, poeta y pianista guayaquile\u00f1a Sonia Manzano<\/b> y la <b>actriz y directora italiano-ecuatoriana Marina Salvarezza. <\/b><\/p>\n<p class=\"text-left prose-text\">En esta ocasi\u00f3n, Guayaquil recibir\u00e1 al poeta y dramaturgo quite\u00f1o<b> Pa\u00fal Puma, escritor de un par de decenas de libros, entre poes\u00eda, teatro, ensayo, cuento y novela.<\/b> Estar\u00e1 el <b>viernes 19 a las 18:00<\/b> en un conversatorio sobre dramaturgia con el director Carlos Ycaza y la narradora y escritora de teatro Gabriela Ponce. <\/p>\n<p class=\"text-left prose-text\"><b>Margarita Laso ser\u00e1 una de las voces de la mesa literaria \u2018La poes\u00eda nos sale al paso\u2019,<\/b> el s\u00e1bado 20 a las 18:00, acompa\u00f1ada de Puma y de Sandra de la Torre. Ser\u00e1 una reflexi\u00f3n sobre verso y m\u00fasica, en la que los guayaquile\u00f1os podr\u00e1n conocer la faceta po\u00e9tica de la cantante ecuatoriana. <\/p>\n<p>Premio literario Miguel Donoso anunciar\u00e1 a su d\u00e9cimo ganador<\/p>\n<p class=\"text-left prose-text\">Cada a\u00f1o, la FIL hace entrega del Premio Miguel Donoso; en 2025 se llega al d\u00e9cimo, porque en una edici\u00f3n result\u00f3 desierto. En nueve ocasiones se ha convocado a autores de novela y en una se hizo el llamado en la categor\u00eda de cuento; este a\u00f1o es novela corta.<b> \u201cHemos ido de 30 novelas a 60, a 80. El anuncio oficial (del ganador) se hace el d\u00eda de la inauguraci\u00f3n, ya tenemos el nombre\u201d,<\/b> confirma Ansaldo y agrega que se trata, esta vez, de un escritor \u201cde experiencia, que tienta el premio y se lo gana limpiamente\u201d. <\/p>\n<p class=\"text-left prose-text\">Considera que esta bien puede ser \u201c<b>la mayor cuota econ\u00f3mica que se ofrece en el pa\u00eds\u201d, <\/b>y que reconoce m\u00e9ritos narrativos en un medio en el que es dif\u00edcil alcanzar la atenci\u00f3n de una editorial y del p\u00fablico, \u201cal menos por cuando es una primera vez\u201d. El triunfador de la FIL 2024, el riobambe\u00f1o Jakk Cabrera, recibi\u00f3 $ 10.000 por Luminosos restos. <\/p>\n<p><img decoding=\"async\" class=\"h-auto m-0\"   src=\"https:\/\/www.europesays.com\/es\/wp-content\/uploads\/2025\/09\/UNK57737WZFC3N3OAQNI2U4274.jpg\" alt=\"\" style=\"width:100%;height:100%;object-fit:cover;object-position:center;position:absolute;top:0;left:0\"\/><img decoding=\"async\" class=\"h-auto m-0\"   src=\"https:\/\/www.europesays.com\/es\/wp-content\/uploads\/2025\/09\/UNK57737WZFC3N3OAQNI2U4274.jpg\" alt=\"\" style=\"width:100%;height:100%;object-fit:cover;object-position:center;position:absolute;top:0;left:0\"\/>Jakk Cabrera, ganador del concurso Miguel Donoso Pareja: &#8216;La psicolog\u00eda, te exige verdades. La literatura, no&#8217;. <strong class=\"text-grey-700\">Foto: Gisella Quintana <\/strong><\/p>\n<p class=\"text-left prose-text\">Este a\u00f1o actuaron como jurados la escritora y editora Mar\u00eda Paulina Briones, el conocedor de literatura ecuatoriana Miguel Mu\u00f1oz y el abogado e intelectual Hern\u00e1n P\u00e9rez Loose. <b>(F)<\/b><\/p>\n","protected":false},"excerpt":{"rendered":"La Feria Internacional del Libro de Guayaquil se inaugurar\u00e1 el mi\u00e9rcoles 17 de septiembre a las 12:00 con&hellip;\n","protected":false},"author":2,"featured_media":116972,"comment_status":"","ping_status":"","sticky":false,"template":"","format":"standard","meta":{"footnotes":""},"categories":[172],"tags":[224,146,147,25,24,225,23],"class_list":{"0":"post-116971","1":"post","2":"type-post","3":"status-publish","4":"format-standard","5":"has-post-thumbnail","7":"category-libros","8":"tag-books","9":"tag-entertainment","10":"tag-entretenimiento","11":"tag-es","12":"tag-espana","13":"tag-libros","14":"tag-spain"},"share_on_mastodon":{"url":"","error":""},"_links":{"self":[{"href":"https:\/\/www.europesays.com\/es\/wp-json\/wp\/v2\/posts\/116971","targetHints":{"allow":["GET"]}}],"collection":[{"href":"https:\/\/www.europesays.com\/es\/wp-json\/wp\/v2\/posts"}],"about":[{"href":"https:\/\/www.europesays.com\/es\/wp-json\/wp\/v2\/types\/post"}],"author":[{"embeddable":true,"href":"https:\/\/www.europesays.com\/es\/wp-json\/wp\/v2\/users\/2"}],"replies":[{"embeddable":true,"href":"https:\/\/www.europesays.com\/es\/wp-json\/wp\/v2\/comments?post=116971"}],"version-history":[{"count":0,"href":"https:\/\/www.europesays.com\/es\/wp-json\/wp\/v2\/posts\/116971\/revisions"}],"wp:featuredmedia":[{"embeddable":true,"href":"https:\/\/www.europesays.com\/es\/wp-json\/wp\/v2\/media\/116972"}],"wp:attachment":[{"href":"https:\/\/www.europesays.com\/es\/wp-json\/wp\/v2\/media?parent=116971"}],"wp:term":[{"taxonomy":"category","embeddable":true,"href":"https:\/\/www.europesays.com\/es\/wp-json\/wp\/v2\/categories?post=116971"},{"taxonomy":"post_tag","embeddable":true,"href":"https:\/\/www.europesays.com\/es\/wp-json\/wp\/v2\/tags?post=116971"}],"curies":[{"name":"wp","href":"https:\/\/api.w.org\/{rel}","templated":true}]}}