{"id":116975,"date":"2025-09-15T16:48:16","date_gmt":"2025-09-15T16:48:16","guid":{"rendered":"https:\/\/www.europesays.com\/es\/116975\/"},"modified":"2025-09-15T16:48:16","modified_gmt":"2025-09-15T16:48:16","slug":"dejate-atrapar-en-la-cabina-de-un-avion-con-joseph-gordon-levitt","status":"publish","type":"post","link":"https:\/\/www.europesays.com\/es\/116975\/","title":{"rendered":"D\u00e9jate atrapar en la cabina de un avi\u00f3n con Joseph Gordon-Levitt"},"content":{"rendered":"<p>Un viaje sin escalas hacia la claustrofobia: <strong>Joseph Gordon-Levitt protagoniza este intenso debut en largo del director Patrick Vollrat<\/strong>h, una pel\u00edcula que convierte la cabina en un ring psicol\u00f3gico y que RTVE Play estrena en su cat\u00e1logo. <strong>7500. Avi\u00f3n secuestrado<\/strong><strong> no necesita grandes localizaciones<\/strong> para hablar de miedo, decisi\u00f3n y humanidad:<strong> la acci\u00f3n transcurre casi por completo entre las paredes de la cabina<\/strong>, donde Tobias \u2014el copiloto interpretado por Joseph Gordon-Levitt\u2014 ser\u00e1 el \u00fanico interlocutor frente a los secuestradores y la responsabilidad de cientos de vidas. El motor de esta cinta es la inmersi\u00f3n emocional. Una que ahora podr\u00e1s sentir desde el sof\u00e1 de tu casa gracias a la plataforma.<\/p>\n<p>Curiosidades de 7500. Avi\u00f3n secuestrado: del nombre de la pel\u00edcula<\/p>\n<p>El t\u00edtulo no es un n\u00famero al azar: <strong>7500 es el c\u00f3digo del transpondedor que indica una interferencia il\u00edcita en la cabina (se\u00f1al de secuestro)<\/strong>. En caso de secuestro, el piloto introduce el c\u00f3digo en el transpondedor, un dispositivo electr\u00f3nico de a bordo que se utiliza para identificar la aeronave en los sistemas de monitoreo de radar del control de tr\u00e1fico a\u00e9reo (ATC). El c\u00f3digo de comunicaci\u00f3n 7500 alerta silenciosamente al ATC de la situaci\u00f3n sin que el secuestrador lo sepa.<\/p>\n<p>Este es el <strong>debut de Patrick Vollrath<\/strong>, quien decidi\u00f3 contar con un a<strong>vi\u00f3n real para grabar la pel\u00edcula<\/strong>, por lo que no hay ning\u00fan set de rodaje: el set es el propio avi\u00f3n que compr\u00f3 la producci\u00f3n. El director buscaba una atm\u00f3sfera hiperrealista para la pel\u00edcula, por lo que en lugar de dar indicaciones <strong>dej\u00f3 que los actores improvisasen<\/strong>. Un reto completamente brutal y desafiante por momentos, seg\u00fan el propio protagonista, Joseph Gordon-Levitt, quien coment\u00f3 que esto le permiti\u00f3 sumergirse completamente en su personaje. Junto a \u00e9l est\u00e1 <strong>el piloto del avi\u00f3n, el actor Carlo Kitzlinger, quien es piloto en la vida real<\/strong>: vol\u00f3 para la aerol\u00ednea Lufthansa Airlines durante muchos a\u00f1os y <strong>ayud\u00f3 a Gordon-Levitt a prepararse el papel<\/strong>.<\/p>\n<p>7500. Avi\u00f3n secuestrado aterriza en RTVE Play<\/p>\n<p><strong>RTVE ha incluido esta semana en su <\/strong><strong><a href=\"https:\/\/www.rtve.es\/play\/cine\/\" target=\"_blank\" rel=\"nofollow noopener\">cat\u00e1logo de cine gratuito<\/a><\/strong><strong> la pel\u00edcula <\/strong><strong>7500. Avi\u00f3n secuestrado<\/strong> la cual podr\u00e1s ver de manera gratuita cu\u00e1ndo y d\u00f3nde quieras por tiempo limitado. Una buena noticia para aquellos que buscan el <strong>drama de alta tensi\u00f3n en el cine<\/strong>. Porque la cinta no promete salvar el mundo, pero s\u00ed <strong>ponerte en el lugar de un piloto de cabina<\/strong> con cada detalle. As\u00ed que ya sabes: ajusta el volumen, mira de cerca y responde, <strong>\u00bfcu\u00e1l ser\u00eda tu decisi\u00f3n de a esa altura?<\/strong><\/p>\n","protected":false},"excerpt":{"rendered":"Un viaje sin escalas hacia la claustrofobia: Joseph Gordon-Levitt protagoniza este intenso debut en largo del director Patrick&hellip;\n","protected":false},"author":2,"featured_media":116976,"comment_status":"","ping_status":"","sticky":false,"template":"","format":"standard","meta":{"footnotes":""},"categories":[169],"tags":[177,146,147,25,24,176,175,23],"class_list":{"0":"post-116975","1":"post","2":"type-post","3":"status-publish","4":"format-standard","5":"has-post-thumbnail","7":"category-cine","8":"tag-cine","9":"tag-entertainment","10":"tag-entretenimiento","11":"tag-es","12":"tag-espana","13":"tag-film","14":"tag-movies","15":"tag-spain"},"share_on_mastodon":{"url":"","error":""},"_links":{"self":[{"href":"https:\/\/www.europesays.com\/es\/wp-json\/wp\/v2\/posts\/116975","targetHints":{"allow":["GET"]}}],"collection":[{"href":"https:\/\/www.europesays.com\/es\/wp-json\/wp\/v2\/posts"}],"about":[{"href":"https:\/\/www.europesays.com\/es\/wp-json\/wp\/v2\/types\/post"}],"author":[{"embeddable":true,"href":"https:\/\/www.europesays.com\/es\/wp-json\/wp\/v2\/users\/2"}],"replies":[{"embeddable":true,"href":"https:\/\/www.europesays.com\/es\/wp-json\/wp\/v2\/comments?post=116975"}],"version-history":[{"count":0,"href":"https:\/\/www.europesays.com\/es\/wp-json\/wp\/v2\/posts\/116975\/revisions"}],"wp:featuredmedia":[{"embeddable":true,"href":"https:\/\/www.europesays.com\/es\/wp-json\/wp\/v2\/media\/116976"}],"wp:attachment":[{"href":"https:\/\/www.europesays.com\/es\/wp-json\/wp\/v2\/media?parent=116975"}],"wp:term":[{"taxonomy":"category","embeddable":true,"href":"https:\/\/www.europesays.com\/es\/wp-json\/wp\/v2\/categories?post=116975"},{"taxonomy":"post_tag","embeddable":true,"href":"https:\/\/www.europesays.com\/es\/wp-json\/wp\/v2\/tags?post=116975"}],"curies":[{"name":"wp","href":"https:\/\/api.w.org\/{rel}","templated":true}]}}