{"id":116983,"date":"2025-09-15T16:52:08","date_gmt":"2025-09-15T16:52:08","guid":{"rendered":"https:\/\/www.europesays.com\/es\/116983\/"},"modified":"2025-09-15T16:52:08","modified_gmt":"2025-09-15T16:52:08","slug":"visitante-interestelar-3i-atlas-sorprende-al-volverse-verde-dw-15-09-2025","status":"publish","type":"post","link":"https:\/\/www.europesays.com\/es\/116983\/","title":{"rendered":"Visitante interestelar 3I\/ATLAS sorprende al volverse verde \u2013 DW \u2013 15\/09\/2025"},"content":{"rendered":"<p>El misterioso <a class=\"internal-link\" href=\"https:\/\/www.dw.com\/es\/astr\u00f3nomos-descubren-el-tercer-objeto-interestelar-de-la-historia-es-el-m\u00e1s-grande-jam\u00e1s-detectado\/a-73139566\" rel=\"nofollow noopener\" target=\"_blank\">visitante interestelar 3I\/ATLAS,<\/a> procedente de las profundidades del espacio, contin\u00faa fascinando a la comunidad cient\u00edfica mientras se acerca a su punto m\u00e1s pr\u00f3ximo al Sol, previsto para finales de octubre. Y es que, en un giro inesperado, las observaciones recientes sugieren que este forastero c\u00f3smico de aproximadamente 11 kil\u00f3metros de ancho podr\u00eda estar experimentando un cambio crom\u00e1tico del tono rojizo inicial a un brillante verde esmeralda.\u00a0<\/p>\n<p>\u00bfLa causa? Todav\u00eda est\u00e1 en debate, pero el fen\u00f3meno ha captado la atenci\u00f3n de astr\u00f3nomos de todo el mundo.<\/p>\n<p>Era predecible que, conforme se acercara al Sol \u2013alcanzar\u00e1 su perihelio el 29 de octubre\u2013, <a class=\"internal-link\" href=\"https:\/\/www.dw.com\/es\/captan-una-nueva-imagen-del-cometa-interestelar-3i-atlas\/a-73891865\" rel=\"nofollow noopener\" target=\"_blank\">el cometa<\/a> desarrollara una cola y coma m\u00e1s pronunciadas, como es caracter\u00edstico de los cuerpos helados que se subliman bajo la radiaci\u00f3n solar. Lo inesperado fue el resplandor verde que comenz\u00f3 a manifestarse en <a rel=\"noopener follow nofollow\" target=\"_blank\" class=\"external-link\" href=\"https:\/\/groups.io\/g\/comets-ml\/topic\/3i_atlas_now_shows_blue_green\/115127255\" title=\"Enlace externo \u2014 las im\u00e1genes del 7 de septiembre,\">las im\u00e1genes del 7 de septiembre,<\/a> captadas bajo los cielos de Namibia por los astrofot\u00f3grafos Michael J\u00e4ger y Gerald Rhemann, quienes aprovecharon la excepcional oscuridad del eclipse lunar para documentar al visitante c\u00f3smico.<\/p>\n<p><strong>Descubrimiento del cometa interestelar <\/strong><\/p>\n<p>Este cometa fue avistado por primera vez a principios de julio, acerc\u00e1ndose a nuestro sistema solar a m\u00e1s de 210.000 km\/h desde m\u00e1s all\u00e1 de la \u00f3rbita de <a class=\"internal-link\" href=\"https:\/\/www.dw.com\/es\/la-nasa-detecta-la-huella-auroral-de-calisto-en-j\u00fapiter\/a-73867503\" rel=\"nofollow noopener\" target=\"_blank\">J\u00fapiter,<\/a> seg\u00fan datos de Live Science.\u00a0<\/p>\n<p>Los astr\u00f3nomos r\u00e1pidamente determinaron que se trataba de un objeto <a class=\"internal-link\" href=\"https:\/\/www.dw.com\/es\/el-ambicioso-plan-para-sobrevolar-objetos-interestelares\/a-73952956\" rel=\"nofollow noopener\" target=\"_blank\">de origen interestelar,<\/a> probablemente expulsado de un sistema estelar lejano dentro de la V\u00eda L\u00e1ctea y <a class=\"internal-link\" href=\"https:\/\/www.dw.com\/es\/el-misterioso-3i-atlas-el-tercer-objeto-interestelar-conocido-ser\u00eda-el-cometa-m\u00e1s-antiguo-jam\u00e1s-observado\/a-73298380\" rel=\"nofollow noopener\" target=\"_blank\">posiblemente m\u00e1s antiguo<\/a> que nuestro propio sistema solar.<\/p>\n<p><img data-format=\"MASTER_LANDSCAPE\" data-id=\"74000720\" data-url=\"https:\/\/static.dw.com\/image\/74000720_${formatId}.jpg\" data-aspect-ratio=\"16\/9\" alt=\"Los astrofot\u00f3grafos Michael J\u00e4ger y Gerald Rhemann capturaron bajo los cielos de Namibia el resplandor verde del visitante c\u00f3smico durante el eclipse lunar del 7 de septiembre.\" style=\"padding-bottom: 56.25%; height: 0; max-height: 0;\"\/>Los astrofot\u00f3grafos Michael J\u00e4ger y Gerald Rhemann capturaron bajo los cielos de Namibia el resplandor verde del visitante c\u00f3smico durante el eclipse lunar del 7 de septiembre.Imagen: Michael J\u00e4ger and Gerald Rhemann<\/p>\n<p><strong>\u00bfQu\u00e9 podr\u00eda estar causando este cambio de color?\u00a0 <\/strong><\/p>\n<p>Los expertos barajan varias hip\u00f3tesis. <a rel=\"noopener follow nofollow\" target=\"_blank\" class=\"external-link\" href=\"https:\/\/www.spaceweather.com\/archive.php?view=1&amp;day=09&amp;month=09&amp;year=2025\" title=\"Enlace externo \u2014 Seg\u00fan el portal Spaceweather.com,\">Seg\u00fan el portal Spaceweather.com,<\/a> la creciente proximidad del cometa al Sol podr\u00eda estar provocando la expulsi\u00f3n de compuestos qu\u00edmicos m\u00e1s raros de su n\u00facleo, dando lugar a ese tono verdoso.<\/p>\n<p>No ser\u00eda el primer cometa en mostrar este fen\u00f3meno. En a\u00f1os recientes, otros como el \u00abcometa verde\u00bb <a class=\"internal-link\" href=\"https:\/\/www.dw.com\/es\/lo-que-se-sabe-sobre-el-cometa-verde-que-se-acerca-a-la-tierra\/a-64566004\" rel=\"nofollow noopener\" target=\"_blank\">C\/2022 E3<\/a> (que pas\u00f3 cerca de la Tierra a principios de 2023), el \u00abcometa del diablo\u00bb <a class=\"internal-link\" href=\"https:\/\/www.dw.com\/es\/cometa-del-diablo-se-acerca-a-la-tierra-y-coincidir\u00e1-con-eclipse-solar-total\/a-68614124\" rel=\"nofollow noopener\" target=\"_blank\">12P\/Pons-Brooks<\/a>, y SWAN25F tambi\u00e9n exhibieron tonalidades esmeralda.<\/p>\n<p>Seg\u00fan reporta Live Science, la explicaci\u00f3n m\u00e1s com\u00fan para este color es la presencia de \u00abdicarbono\u00bb en la coma del cometa, esa nube de hielo y gas que rodea su n\u00facleo. Sin embargo, hasta ahora las observaciones espectrosc\u00f3picas de 3I\/ATLAS no han confirmado la presencia de esta mol\u00e9cula, lo que abre la puerta a otras hip\u00f3tesis.<\/p>\n<p>Una de las teor\u00edas m\u00e1s citadas es la del astr\u00f3nomo de Harvard <a class=\"internal-link\" href=\"https:\/\/www.dw.com\/es\/descubren-el-origen-real-de-la-se\u00f1al-interestelar-extraterrestre-detectada-en-2014\/a-68497244\" rel=\"nofollow noopener\" target=\"_blank\">Avi Loeb,<\/a> quien <a rel=\"noopener follow nofollow\" target=\"_blank\" class=\"external-link\" href=\"https:\/\/avi-loeb.medium.com\/3i-atlas-is-turning-green-c8a4fd003abc\" title=\"Enlace externo \u2014 en su blog personal\">en su blog personal<\/a> explic\u00f3 que el responsable del color podr\u00eda ser el cianuro, una sustancia <a rel=\"noopener follow nofollow\" target=\"_blank\" class=\"external-link\" href=\"https:\/\/arxiv.org\/pdf\/2508.18382\" title=\"Enlace externo \u2014 detectada\">detectada<\/a> en la coma del cometa por el Very Large Telescope el 25 de agosto. Loeb sostiene que la producci\u00f3n de cianuro y de n\u00edquel sin hierro est\u00e1 aumentando dr\u00e1sticamente a medida que el objeto se acerca al Sol, lo cual explicar\u00eda el cambio de coloraci\u00f3n.<\/p>\n<p>Los <a rel=\"noopener follow nofollow\" target=\"_blank\" class=\"external-link\" href=\"https:\/\/arxiv.org\/pdf\/2509.05562\" title=\"Enlace externo \u2014 datos del equipo ATLAS\">datos del equipo ATLAS<\/a> \u2013citados por Loeb\u2013 reforzar\u00edan esta interpretaci\u00f3n: a lo largo del a\u00f1o, la dispersi\u00f3n de luz alrededor del cometa ha aumentado en proporci\u00f3n inversa a su distancia al Sol, pasando de un brillo moderado a un resplandor m\u00e1s pronunciado al entrar en zonas m\u00e1s c\u00e1lidas del sistema solar.<\/p>\n<p><img data-format=\"MASTER_LANDSCAPE\" data-id=\"73891785\" data-url=\"https:\/\/static.dw.com\/image\/73891785_${formatId}.jpg\" data-aspect-ratio=\"16\/9\" alt=\"El cometa interestelar 3I\/ATLAS cruza majestuoso el campo estelar sobre el Observatorio Internacional Gemini en Chile, capturado en esta composici\u00f3n de m\u00faltiples exposiciones proporcionada por el NSF's NOIRLab el 4 de septiembre de 2025.\" style=\"padding-bottom: 56.25%; height: 0; max-height: 0;\"\/>El cometa interestelar 3I\/ATLAS cruza majestuoso el campo estelar sobre el Observatorio Internacional Gemini en Chile, capturado en esta composici\u00f3n de m\u00faltiples exposiciones proporcionada por el NSF&#8217;s NOIRLab el 4 de septiembre de 2025.Imagen: NSF&#8217;s NoirLab via AP\/picture alliance<\/p>\n<p><strong>Composici\u00f3n qu\u00edmica \u00fanica de 3I\/ATLAS <\/strong><\/p>\n<p>M\u00e1s all\u00e1 del espect\u00e1culo visual, 3I\/ATLAS tambi\u00e9n intriga por su composici\u00f3n. Seg\u00fan datos del telescopio espacial Webb y del observatorio espacial <a class=\"internal-link\" href=\"https:\/\/www.dw.com\/es\/la-nasa-lanza-nuevo-telescopio-spherex-para-explicar-la-expansi\u00f3n-del-universo\/a-71897399\" rel=\"nofollow noopener\" target=\"_blank\">SPHEREx,<\/a> su coma est\u00e1 dominada por di\u00f3xido de carbono, que constituye nada menos que el 87 % de su masa, con trazas de mon\u00f3xido de carbono (9%) y agua (la mayor parte del 4% restante), como se\u00f1ala Loeb en su blog. Esta proporci\u00f3n qu\u00edmica es muy distinta a la de los cometas comunes del sistema solar.<\/p>\n<p>Adem\u00e1s, su \u00f3rbita es otro punto fuera de lo com\u00fan. Alineada con el plano ecl\u00edptico planetario \u2013algo con una probabilidad estimada de solo el 0,2 %, seg\u00fan Loeb\u2013, pasa relativamente cerca de Marte, J\u00fapiter y Venus. Todo esto lo convierte en un objeto at\u00edpico, incluso dentro de la breve pero creciente familia de visitantes interestelares, que hasta ahora incluye a 1I\/<a class=\"internal-link\" href=\"https:\/\/www.dw.com\/es\/nuevo-estudio-sugiere-que-objeto-interestelar-oumuamua-no-era-una-nave-extraterrestre\/a-65086370\" rel=\"nofollow noopener\" target=\"_blank\">\u02bbOumuamua<\/a> y <a class=\"internal-link\" href=\"https:\/\/www.dw.com\/es\/el-cometa-interestelar-2i-borisov-podr\u00eda-ser-el-m\u00e1s-puro-jam\u00e1s-observado\/a-57066829\" rel=\"nofollow noopener\" target=\"_blank\">2I\/Borisov.<\/a><\/p>\n<p>Avi Loeb no descarta que este tipo de anomal\u00edas merezcan una revisi\u00f3n m\u00e1s abierta de nuestras ideas sobre el universo. Aunque ha sido criticado por especular con la posibilidad de que estos objetos <a class=\"internal-link\" href=\"https:\/\/www.dw.com\/es\/reputado-astr\u00f3nomo-insiste-en-que-asteroide-oumuamua-era-una-nave-extraterrestre\/a-56173233\" rel=\"nofollow noopener\" target=\"_blank\">puedan ser artefactos extraterrestres,<\/a> insiste en que la ciencia debe seguir a los datos, no a los prejuicios. \u00abLa naturaleza no solo es m\u00e1s imaginativa que nosotros\u00bb, escribe, \u00absino que tampoco le importa si lo descubrimos\u00bb.<\/p>\n<p><img data-format=\"MASTER_LANDSCAPE\" data-id=\"73152680\" data-url=\"https:\/\/static.dw.com\/image\/73152680_${formatId}.jpg\" data-aspect-ratio=\"16\/9\" alt=\"El cometa interestelar 3I\/ATLAS traza su inusual trayectoria a trav\u00e9s de nuestro sistema solar, seg\u00fan revela este diagrama publicado por NASA\/JPL-Caltech el 2 de julio de 2025.\" style=\"padding-bottom: 56.25%; height: 0; max-height: 0;\"\/>El cometa interestelar 3I\/ATLAS traza su inusual trayectoria a trav\u00e9s de nuestro sistema solar, seg\u00fan revela este diagrama publicado por NASA\/JPL-Caltech el 2 de julio de 2025.Imagen: NASA\/JPL-Caltech\/REUTERS<\/p>\n<p><strong>Futuras observaciones del visitante c\u00f3smico <\/strong><\/p>\n<p>Desafortunadamente, el cometa desaparecer\u00e1 pronto de nuestra vista al pasar por el lado opuesto al Sol con respecto a la Tierra. Sin embargo, volver\u00e1 a aparecer dentro de unos meses, poco antes de alcanzar su punto m\u00e1s cercano a nuestro planeta en diciembre, cuando, seg\u00fan informa Live Science, estar\u00e1 a una distancia 700 veces mayor que la Luna.<\/p>\n<p>Se necesitar\u00e1n m\u00e1s observaciones en las pr\u00f3ximas semanas para confirmar la nueva coloraci\u00f3n y descubrir con certeza qu\u00e9 la est\u00e1 causando. Lo que est\u00e1 claro es que este visitante interestelar sigue guardando secretos que los cient\u00edficos est\u00e1n ansiosos por descifrar.<\/p>\n<p>Editado por Felipe Espinosa Wang con informaci\u00f3n de Live Science y Spaceweather.com. <\/p>\n","protected":false},"excerpt":{"rendered":"El misterioso visitante interestelar 3I\/ATLAS, procedente de las profundidades del espacio, contin\u00faa fascinando a la comunidad cient\u00edfica mientras&hellip;\n","protected":false},"author":2,"featured_media":116984,"comment_status":"","ping_status":"","sticky":false,"template":"","format":"standard","meta":{"footnotes":""},"categories":[81],"tags":[119,123,124,25,24,117,121,122,23,118,120],"class_list":{"0":"post-116983","1":"post","2":"type-post","3":"status-publish","4":"format-standard","5":"has-post-thumbnail","7":"category-ciencia-y-tecnologia","8":"tag-ciencia","9":"tag-ciencia-y-tecnologia","10":"tag-cienciaytecnologia","11":"tag-es","12":"tag-espana","13":"tag-science","14":"tag-science-and-technology","15":"tag-scienceandtechnology","16":"tag-spain","17":"tag-technology","18":"tag-tecnologia"},"share_on_mastodon":{"url":"","error":""},"_links":{"self":[{"href":"https:\/\/www.europesays.com\/es\/wp-json\/wp\/v2\/posts\/116983","targetHints":{"allow":["GET"]}}],"collection":[{"href":"https:\/\/www.europesays.com\/es\/wp-json\/wp\/v2\/posts"}],"about":[{"href":"https:\/\/www.europesays.com\/es\/wp-json\/wp\/v2\/types\/post"}],"author":[{"embeddable":true,"href":"https:\/\/www.europesays.com\/es\/wp-json\/wp\/v2\/users\/2"}],"replies":[{"embeddable":true,"href":"https:\/\/www.europesays.com\/es\/wp-json\/wp\/v2\/comments?post=116983"}],"version-history":[{"count":0,"href":"https:\/\/www.europesays.com\/es\/wp-json\/wp\/v2\/posts\/116983\/revisions"}],"wp:featuredmedia":[{"embeddable":true,"href":"https:\/\/www.europesays.com\/es\/wp-json\/wp\/v2\/media\/116984"}],"wp:attachment":[{"href":"https:\/\/www.europesays.com\/es\/wp-json\/wp\/v2\/media?parent=116983"}],"wp:term":[{"taxonomy":"category","embeddable":true,"href":"https:\/\/www.europesays.com\/es\/wp-json\/wp\/v2\/categories?post=116983"},{"taxonomy":"post_tag","embeddable":true,"href":"https:\/\/www.europesays.com\/es\/wp-json\/wp\/v2\/tags?post=116983"}],"curies":[{"name":"wp","href":"https:\/\/api.w.org\/{rel}","templated":true}]}}