{"id":116987,"date":"2025-09-15T16:54:11","date_gmt":"2025-09-15T16:54:11","guid":{"rendered":"https:\/\/www.europesays.com\/es\/116987\/"},"modified":"2025-09-15T16:54:11","modified_gmt":"2025-09-15T16:54:11","slug":"guerra-ucrania-rusia-ultima-hora-en-directo-el-kremlin-la-otan-esta-involucrada-de-facto-en-esta-guerra","status":"publish","type":"post","link":"https:\/\/www.europesays.com\/es\/116987\/","title":{"rendered":"Guerra Ucrania-Rusia, \u00faltima hora en directo | El Kremlin: \u00abLa OTAN est\u00e1 involucrada de facto en esta guerra\u00bb"},"content":{"rendered":"<p><a href=\"https:\/\/www.elmundo.es\/autor\/henar-andres.html\" aria-hidden=\"true\" rel=\"nofollow noopener\" target=\"_blank\"><img loading=\"lazy\" decoding=\"async\" width=\"80\" height=\"80\" class=\"ue-c-author-profile__photo-img\" alt=\"Henar Andr\u00e9s\" src=\"https:\/\/e01-phantom-elmundo.uecdn.es\/4e7b04e34b67a033cd6588d30b150132\/crop\/447x70\/2425x2048\/f\/image\/jpeg\/c6a4940c32bfc95b20071d809f154810\/crop\/447x70\/2425x2048\/resize\/600\/assets\/multimedia\/imagenes\/2024\/03\/06\/17097178518089.jpg\"\/><\/a><a href=\"https:\/\/www.elmundo.es\/autor\/javier-munera.html\" aria-hidden=\"true\" rel=\"nofollow noopener\" target=\"_blank\"><img loading=\"lazy\" decoding=\"async\" width=\"80\" height=\"80\" class=\"ue-c-author-profile__photo-img\" alt=\"Javier Munera\" src=\"https:\/\/e01-phantom-elmundo.uecdn.es\/b1e694624ea83997b673011617726f7f\/crop\/0x101\/1448x1549\/f\/image\/jpeg\/cdd4dac9656afabf464b4904029becbd\/crop\/0x101\/1448x1549\/resize\/600\/assets\/multimedia\/imagenes\/2024\/03\/18\/17107683139942.jpg\"\/><\/a><\/p>\n<p> Lunes,<br \/>\n15<br \/>\nseptiembre<br \/>\n2025<br \/>\n&#8211;<br \/>\n18:49<\/p>\n<p class=\"ue-c-article__paragraph\">El <strong>Kremlin <\/strong>ha asegurado este lunes que es obvio que la OTAN est\u00e1 \u00abinvolucrada\u00bb <a href=\"https:\/\/www.elmundo.es\/internacional\/guerra-ucrania-rusia.html\" target=\"_blank\" rel=\"nofollow noopener\"><strong>guerra en Ucrania<\/strong><\/a> al proporcionar apoyo directo e indirecto a Kiev. \u00abSe puede afirmar con absoluta certeza que la OTAN est\u00e1 luchando contra Rusia\u00bb, ha dicho a los periodistas el portavoz presidencial, Dmitry Peskov.<\/p>\n<p class=\"ue-c-article__paragraph\">Adem\u00e1s, ha negado que exista avance alguno respecto a una posible cumbre entre <strong>Vlad\u00edmir Putin<\/strong>, <strong>Volod\u00edmir Zelenski<\/strong> y <strong>Donald Trump<\/strong> despu\u00e9s de que el presidente estadounidense hablase de la inminencia de esa reuni\u00f3n ante los periodistas.<\/p>\n<p class=\"ue-c-article__paragraph\">Trump tambi\u00e9n ha instado a Europa a endurecer las sanciones contra <strong>Rusia <\/strong>y ha reiterado su exigencia de que todos los pa\u00edses de la OTAN dejen de comprar petr\u00f3leo a Mosc\u00fa. \u00abEuropa le compra petr\u00f3leo a Rusia. No quiero que compren petr\u00f3leo, y las sanciones que est\u00e1n imponiendo no son lo suficientemente duras. Estoy dispuesto a imponer sanciones, pero ellos tendr\u00e1n que endurecerlas en proporci\u00f3n a lo que yo estoy haciendo\u00bb, ha dicho.<\/p>\n<p class=\"ue-c-article__paragraph\">Estados Unidos y los pa\u00edses europeos mantienen sanciones financieras y comerciales sobre Rusia, las cuales han impactado su econom\u00eda, aunque no han logrado detener la guerra. <strong>Turqu\u00eda, Hungr\u00eda y Eslovaquia siguen importando petr\u00f3leo ruso, <\/strong>aunque la mayor\u00eda de pa\u00edses europeos dejaron de hacerlo despu\u00e9s de la invasi\u00f3n de Ucrania en 2022.<\/p>\n","protected":false},"excerpt":{"rendered":"Lunes, 15 septiembre 2025 &#8211; 18:49 El Kremlin ha asegurado este lunes que es obvio que la OTAN&hellip;\n","protected":false},"author":2,"featured_media":116988,"comment_status":"","ping_status":"","sticky":false,"template":"","format":"standard","meta":{"footnotes":""},"categories":[42],"tags":[25545,17,18,352,13,14,15996,11,61,62,63,64,19,20,9,10,15,16,1614,12,7081,21,22,7083,14181,65,66,67],"class_list":{"0":"post-116987","1":"post","2":"type-post","3":"status-publish","4":"format-standard","5":"has-post-thumbnail","7":"category-internacional","8":"tag-articulos-henar-andres","9":"tag-breaking-news","10":"tag-breakingnews","11":"tag-donald-trump","12":"tag-featured-news","13":"tag-featurednews","14":"tag-guerra-ucrania-rusia","15":"tag-headlines","16":"tag-internacional","17":"tag-international","18":"tag-international-news","19":"tag-internationalnews","20":"tag-latest-news","21":"tag-latestnews","22":"tag-news","23":"tag-noticias","24":"tag-noticias-destacadas","25":"tag-noticiasdestacadas","26":"tag-rusia","27":"tag-titulares","28":"tag-ucrania","29":"tag-ultimas-noticias","30":"tag-ultimasnoticias","31":"tag-vladimir-putin","32":"tag-volodimir-zelenski","33":"tag-world","34":"tag-world-news","35":"tag-worldnews"},"share_on_mastodon":{"url":"","error":""},"_links":{"self":[{"href":"https:\/\/www.europesays.com\/es\/wp-json\/wp\/v2\/posts\/116987","targetHints":{"allow":["GET"]}}],"collection":[{"href":"https:\/\/www.europesays.com\/es\/wp-json\/wp\/v2\/posts"}],"about":[{"href":"https:\/\/www.europesays.com\/es\/wp-json\/wp\/v2\/types\/post"}],"author":[{"embeddable":true,"href":"https:\/\/www.europesays.com\/es\/wp-json\/wp\/v2\/users\/2"}],"replies":[{"embeddable":true,"href":"https:\/\/www.europesays.com\/es\/wp-json\/wp\/v2\/comments?post=116987"}],"version-history":[{"count":0,"href":"https:\/\/www.europesays.com\/es\/wp-json\/wp\/v2\/posts\/116987\/revisions"}],"wp:featuredmedia":[{"embeddable":true,"href":"https:\/\/www.europesays.com\/es\/wp-json\/wp\/v2\/media\/116988"}],"wp:attachment":[{"href":"https:\/\/www.europesays.com\/es\/wp-json\/wp\/v2\/media?parent=116987"}],"wp:term":[{"taxonomy":"category","embeddable":true,"href":"https:\/\/www.europesays.com\/es\/wp-json\/wp\/v2\/categories?post=116987"},{"taxonomy":"post_tag","embeddable":true,"href":"https:\/\/www.europesays.com\/es\/wp-json\/wp\/v2\/tags?post=116987"}],"curies":[{"name":"wp","href":"https:\/\/api.w.org\/{rel}","templated":true}]}}