{"id":1170,"date":"2025-07-25T02:53:08","date_gmt":"2025-07-25T02:53:08","guid":{"rendered":"https:\/\/www.europesays.com\/es\/1170\/"},"modified":"2025-07-25T02:53:08","modified_gmt":"2025-07-25T02:53:08","slug":"cambios-drasticos-en-la-ultima-etapa-de-alta-montana-del-tour","status":"publish","type":"post","link":"https:\/\/www.europesays.com\/es\/1170\/","title":{"rendered":"Cambios dr\u00e1sticos en la \u00faltima etapa de alta monta\u00f1a del Tour"},"content":{"rendered":"<p class=\"ft-text\"><strong>La decimonovena y antepen\u00faltima etapa del <\/strong><a href=\"https:\/\/www.sport.es\/es\/noticias\/tour-francia\/pogacar-deja-claro-gana-quiere-120035794\" class=\"ft-link ft-link--decoration\" rel=\"nofollow noopener\" target=\"_blank\"><strong>Tour de Francia<\/strong><\/a><strong> tendr\u00e1 un recorrido total de 95 kil\u00f3metros<\/strong>, en lugar de los 129,9 previstos inicialmente entre Albertville y La Plagne, debido al \u00abdescubrimiento de un <strong>brote de dermatitis nodular contagiosa que afecta al ganado de un reba\u00f1o <\/strong>situado en el Col des Saisies y que ha obligado al sacrificio de los animales\u00bb.<\/p>\n<p class=\"ft-text\">As\u00ed lo informa la organizaci\u00f3n de la Grande Boucle, que explica que \u00aben vista de la angustia que sufren los ganaderos afectados y con el fin de preservar el buen desarrollo de la carrera, se ha decidido, de acuerdo con las autoridades competentes,<strong> modificar el recorrido de la etapa 19 (Albertville-La Plagne) y evitar la subida al Col des Saisies\u00bb.<\/strong><\/p>\n<p class=\"ft-text\">La salida ceremonial tendr\u00e1 lugar, como estaba previsto, a la salida de Albertville. <strong>Tras un recorrido de 7 km, los ciclistas se dirigir\u00e1n hacia la D925, donde se dar\u00e1 la salida oficial. <\/strong>La carrera se reincorporar\u00e1 al recorrido original poco antes de Beaufort (en el km 52,4 del recorrido original), agregan los organizadores.<\/p>\n<p class=\"ft-text\">Debido a este cambio, que evita el Col des Saisies, <strong>la etapa cubrir\u00e1 ahora una distancia total de 95 kil\u00f3metros en lugar de los 129,9 previstos inicialmente<\/strong>. Como consecuencia, la salida en la zona neutral se dar\u00e1 a las 14:30, una hora m\u00e1s tarde de lo previsto inicialmente.<\/p>\n","protected":false},"excerpt":{"rendered":"La decimonovena y antepen\u00faltima etapa del Tour de Francia tendr\u00e1 un recorrido total de 95 kil\u00f3metros, en lugar&hellip;\n","protected":false},"author":2,"featured_media":1171,"comment_status":"","ping_status":"","sticky":false,"template":"","format":"standard","meta":{"footnotes":""},"categories":[273],"tags":[313,312,168,25,24,23,167,316],"class_list":{"0":"post-1170","1":"post","2":"type-post","3":"status-publish","4":"format-standard","5":"has-post-thumbnail","7":"category-ciclismo","8":"tag-ciclismo","9":"tag-cycling","10":"tag-deportes","11":"tag-es","12":"tag-espana","13":"tag-spain","14":"tag-sports","15":"tag-tour"},"share_on_mastodon":{"url":"","error":""},"_links":{"self":[{"href":"https:\/\/www.europesays.com\/es\/wp-json\/wp\/v2\/posts\/1170","targetHints":{"allow":["GET"]}}],"collection":[{"href":"https:\/\/www.europesays.com\/es\/wp-json\/wp\/v2\/posts"}],"about":[{"href":"https:\/\/www.europesays.com\/es\/wp-json\/wp\/v2\/types\/post"}],"author":[{"embeddable":true,"href":"https:\/\/www.europesays.com\/es\/wp-json\/wp\/v2\/users\/2"}],"replies":[{"embeddable":true,"href":"https:\/\/www.europesays.com\/es\/wp-json\/wp\/v2\/comments?post=1170"}],"version-history":[{"count":0,"href":"https:\/\/www.europesays.com\/es\/wp-json\/wp\/v2\/posts\/1170\/revisions"}],"wp:featuredmedia":[{"embeddable":true,"href":"https:\/\/www.europesays.com\/es\/wp-json\/wp\/v2\/media\/1171"}],"wp:attachment":[{"href":"https:\/\/www.europesays.com\/es\/wp-json\/wp\/v2\/media?parent=1170"}],"wp:term":[{"taxonomy":"category","embeddable":true,"href":"https:\/\/www.europesays.com\/es\/wp-json\/wp\/v2\/categories?post=1170"},{"taxonomy":"post_tag","embeddable":true,"href":"https:\/\/www.europesays.com\/es\/wp-json\/wp\/v2\/tags?post=1170"}],"curies":[{"name":"wp","href":"https:\/\/api.w.org\/{rel}","templated":true}]}}