{"id":117020,"date":"2025-09-15T17:22:07","date_gmt":"2025-09-15T17:22:07","guid":{"rendered":"https:\/\/www.europesays.com\/es\/117020\/"},"modified":"2025-09-15T17:22:07","modified_gmt":"2025-09-15T17:22:07","slug":"la-conexion-de-marius-borg-hijo-de-mette-marit-con-un-terrorista-y-narcotraficante-condenado-a-30-anos-de-carcel-el-mundo","status":"publish","type":"post","link":"https:\/\/www.europesays.com\/es\/117020\/","title":{"rendered":"La conexi\u00f3n de Marius Borg, hijo de Mette-Marit, con un terrorista y narcotraficante condenado a 30 a\u00f1os de c\u00e1rcel &#8211; El Mundo"},"content":{"rendered":"<ol>\n<li><a href=\"https:\/\/news.google.com\/rss\/articles\/CBMigAFBVV95cUxQN0pHdzdRMDZUTHdONnNrRC1URkFDZ3BOQXZJZ3d4ZFUxRGVaWUd1QmNnSHRhZHZkd3JTakhtQ1YwNmRDYklSbG1PU0FlYldhZlVjT0ctR2J0WEQxU3E4NEhGUC1PTW9zZ2FFY1lsaUlYdlJfR2dlZ0FoeURGaVh4ddIBgAFBVV95cUxQaTB2aDE3ZFVDd1NrYWhjaWFlRGkxdVdqQWR1ZEZGdXlQc1MwNGQ1YVlCa0k3S3cwWFBHTHhzX05EQk1rbWtoeHQ2dDlpMzBTaGlQMXJtOGlZckFfbFh1bTBrMTgwcnR4ZlpjMWM3STZ0M1JnbzFoMk5CZGVjSV93SA?oc=5\" target=\"_blank\" rel=\"nofollow noopener\">La conexi\u00f3n de Marius Borg, hijo de Mette-Marit, con un terrorista y narcotraficante condenado a 30 a\u00f1os de c\u00e1rcel<\/a>&nbsp;&nbsp;El Mundo<\/li>\n<li><a href=\"https:\/\/news.google.com\/rss\/articles\/CBMiywFBVV95cUxOVFlZLTJSSEcxQ3VfNnlwUWlTREs3b2paWGtTVHBjaTlWRGtVOGFTM0NOVEQtdzlHb296V1JrMDludU0zWDhvTmJiOW9od0F3RXBrbDZtdnZyZGhfeXpjR2ZzaXF4N3Z1Ny1OeGNkR1kzMDU4azNBdDcyck1jaC1sSWdRMGtoLWx2RFNDYkNYY1B5dnIwUVYxUjF4bG1BcFdYaGdWSDc4YTM3RkRkVkQ2VlBGZnN6dm9QT2pubXBxYkVFZ2pmYzk1aEZtcw?oc=5\" target=\"_blank\" rel=\"nofollow noopener\">La inquietante conexi\u00f3n de Marius Borg con un grupo de chat vinculado al terrorismo isl\u00e1mico<\/a>&nbsp;&nbsp;La Vanguardia<\/li>\n<li><a href=\"https:\/\/news.google.com\/rss\/articles\/CBMivwFBVV95cUxOUHcxZTVIS1BQRFlWWFJFVHJVWkE4ZC0xaUwybS14Y19TamNNd2U4RlZyaHRFVUhYZ0ZYSXNieFRram9UVWhkYzBqVG9GV3lkNHRHMnkwZ0hwT0ZNdXZMYXNadjFaMDQ3TWs3c3IyY3oyajJRUDY4aGtncWg1by0yY0V0d2Y3YkhoNDhqT2REcDhFZ05mXzdielQxSXpqWDg3bkVGLU4tNWtoSnlDR1BCZTNnS3NTN2RqQ2ZvLTdSUdIBxAFBVV95cUxQQnhGSUZsUmY4VmN6dnRqVkNaUkwzdW1GeDBPZE40bGxpSGRhSjY1d3k4VDJfRC1kaEFBblRmUHdEbjFtQXI0Nl9BUVRRTURGZTJZYzFjRlNmMUcyWkhmMl83RFZuWXpXU2w0STdkZ21XUXducEtFem5mZkpubTRVclUtckhJc091V2dVbl9DODZOT3FLa2xzMTF0bDl1V3RZalo5Y1k0QWVTX2ZVdFJsU2ZKbWk5M2VBRGZNM20zVm4tVmV5?oc=5\" target=\"_blank\" rel=\"nofollow noopener\">Las amistades peligrosas de Marius Borg, hijo de Mette-Marit de Noruega: la polic\u00eda descubre su conexi\u00f3n con un conocido terrorista condenado a 30 a\u00f1os de c\u00e1rcel<\/a>&nbsp;&nbsp;Vanitatis<\/li>\n<li><a href=\"https:\/\/news.google.com\/rss\/articles\/CBMib0FVX3lxTFAxTDM3SkpZMEUyVjJnQTI2bEdueENKU2k0bDhSZ2hGMGt6dkRQc0pDVFozOFlWME1lcHItbk00b0dYeXgtRWhpb1BiNlp3dUQ2aVBLOV9ndW9rVnU3bnBZRnAtRkh0UmF3TmlNemJ4NNIBdEFVX3lxTFBYWURjVE8xMm5YMm9jLWZCNWY5aVpwOFAwNDR1eWcyS0ZvdmRuQ1diWmFYMmhHU3VsNHRuXzZBbmVSYUhkbjc1d2hTa1JXRDl0RU5lcEpqZnNEa0p4QmRLNVc0ZWVwVU1hWUE2bV9EejktVVh2?oc=5\" target=\"_blank\" rel=\"nofollow noopener\">Sigue el esc\u00e1ndalo de Marius Borg en Noruega: ahora le vinculan con un terrorista condenado a 30 a\u00f1os<\/a>&nbsp;&nbsp;ESdiario<\/li>\n<\/ol>\n","protected":false},"excerpt":{"rendered":"La conexi\u00f3n de Marius Borg, hijo de Mette-Marit, con un terrorista y narcotraficante condenado a 30 a\u00f1os de&hellip;\n","protected":false},"author":2,"featured_media":117021,"comment_status":"","ping_status":"","sticky":false,"template":"","format":"standard","meta":{"footnotes":""},"categories":[42],"tags":[17,18,13,14,11,61,62,63,64,19,20,721,720,9,4907,10,15,16,12,21,22,65,66,67],"class_list":{"0":"post-117020","1":"post","2":"type-post","3":"status-publish","4":"format-standard","5":"has-post-thumbnail","7":"category-internacional","8":"tag-breaking-news","9":"tag-breakingnews","10":"tag-featured-news","11":"tag-featurednews","12":"tag-headlines","13":"tag-internacional","14":"tag-international","15":"tag-international-news","16":"tag-internationalnews","17":"tag-latest-news","18":"tag-latestnews","19":"tag-loc","20":"tag-loc-famosos","21":"tag-news","22":"tag-noruega","23":"tag-noticias","24":"tag-noticias-destacadas","25":"tag-noticiasdestacadas","26":"tag-titulares","27":"tag-ultimas-noticias","28":"tag-ultimasnoticias","29":"tag-world","30":"tag-world-news","31":"tag-worldnews"},"share_on_mastodon":{"url":"","error":""},"_links":{"self":[{"href":"https:\/\/www.europesays.com\/es\/wp-json\/wp\/v2\/posts\/117020","targetHints":{"allow":["GET"]}}],"collection":[{"href":"https:\/\/www.europesays.com\/es\/wp-json\/wp\/v2\/posts"}],"about":[{"href":"https:\/\/www.europesays.com\/es\/wp-json\/wp\/v2\/types\/post"}],"author":[{"embeddable":true,"href":"https:\/\/www.europesays.com\/es\/wp-json\/wp\/v2\/users\/2"}],"replies":[{"embeddable":true,"href":"https:\/\/www.europesays.com\/es\/wp-json\/wp\/v2\/comments?post=117020"}],"version-history":[{"count":0,"href":"https:\/\/www.europesays.com\/es\/wp-json\/wp\/v2\/posts\/117020\/revisions"}],"wp:featuredmedia":[{"embeddable":true,"href":"https:\/\/www.europesays.com\/es\/wp-json\/wp\/v2\/media\/117021"}],"wp:attachment":[{"href":"https:\/\/www.europesays.com\/es\/wp-json\/wp\/v2\/media?parent=117020"}],"wp:term":[{"taxonomy":"category","embeddable":true,"href":"https:\/\/www.europesays.com\/es\/wp-json\/wp\/v2\/categories?post=117020"},{"taxonomy":"post_tag","embeddable":true,"href":"https:\/\/www.europesays.com\/es\/wp-json\/wp\/v2\/tags?post=117020"}],"curies":[{"name":"wp","href":"https:\/\/api.w.org\/{rel}","templated":true}]}}