{"id":117024,"date":"2025-09-15T17:30:07","date_gmt":"2025-09-15T17:30:07","guid":{"rendered":"https:\/\/www.europesays.com\/es\/117024\/"},"modified":"2025-09-15T17:30:07","modified_gmt":"2025-09-15T17:30:07","slug":"el-cubano-yoel-cuni-refuerzo-para-el-lateral-derecho-del-bada-huesca","status":"publish","type":"post","link":"https:\/\/www.europesays.com\/es\/117024\/","title":{"rendered":"El cubano Yoel Cuni, refuerzo para el lateral derecho del Bada Huesca"},"content":{"rendered":"<p class=\"paragraph\"><b>El lateral derecho cubano Yoel Cuni Morales (La Havana, 1987) se incorpora al Bada Huesca <\/b>para completar la plantilla y cubrir la baja de Meris Bosnjak, que hab\u00eda dejado al equipo con solo dos zurdos disponibles, Rafa Paulo y Charly P\u00e9rez.<\/p>\n<p class=\"paragraph\">Yoel Cuni <b>tiene 38 a\u00f1os, mide 1,89 y tiene una larga trayectoria internacional<\/b>, en la que ha jugado en Portugal con el Oporto, el Artistica Avanca y el Madeira, en Francia con el Ivry y el Dunkerque y en el Vardar macedonio y en el Zagreb croata, estos dos \u00faltimos habituales de la Liga de Campeones. La pasada campa\u00f1a estuvo en el Tatabanya h\u00fangaro. <b>Ha sido un habitual en las competiciones europeas,<\/b> tanto en la Liga de Campeones como en la LIga Europa.<\/p>\n<p class=\"paragraph\">Ante la reca\u00edda de la lesi\u00f3n de Meris Bosjnak en el menisco externo de su rodilla izquierda, de la que todav\u00eda est\u00e1 pendiente de conocerse el alcance, y en previsi\u00f3n de una lesi\u00f3n de larga duraci\u00f3n, el cuerpo t\u00e9cnico se ha visto en la necesidad de ampliar la plantilla.<\/p>\n<p class=\"paragraph\">Este martes est\u00e1 prevista su llegada a Huesca y su presentaci\u00f3n ante los medios y sus compa\u00f1eros.<\/p>\n<p class=\"paragraph\">Cuni llega para aportar experiencia a un equipo que no anda sobrado en ese plano, lanzamiento y capacidad f\u00edsica y tambi\u00e9n aportaci\u00f3n defensiva. Se una a los otros dos cubanos de la plantilla, los hermanos Cordi\u00e9s.<\/p>\n","protected":false},"excerpt":{"rendered":"El lateral derecho cubano Yoel Cuni Morales (La Havana, 1987) se incorpora al Bada Huesca para completar la&hellip;\n","protected":false},"author":2,"featured_media":117025,"comment_status":"","ping_status":"","sticky":false,"template":"","format":"standard","meta":{"footnotes":""},"categories":[278],"tags":[376,39073,168,11209,25,24,375,1265,1508,2871,23,167],"class_list":{"0":"post-117024","1":"post","2":"type-post","3":"status-publish","4":"format-standard","5":"has-post-thumbnail","7":"category-balonmano","8":"tag-balonmano","9":"tag-cubano","10":"tag-deportes","11":"tag-derecho","12":"tag-es","13":"tag-espana","14":"tag-handball","15":"tag-huesca","16":"tag-lateral","17":"tag-refuerzo","18":"tag-spain","19":"tag-sports"},"share_on_mastodon":{"url":"","error":""},"_links":{"self":[{"href":"https:\/\/www.europesays.com\/es\/wp-json\/wp\/v2\/posts\/117024","targetHints":{"allow":["GET"]}}],"collection":[{"href":"https:\/\/www.europesays.com\/es\/wp-json\/wp\/v2\/posts"}],"about":[{"href":"https:\/\/www.europesays.com\/es\/wp-json\/wp\/v2\/types\/post"}],"author":[{"embeddable":true,"href":"https:\/\/www.europesays.com\/es\/wp-json\/wp\/v2\/users\/2"}],"replies":[{"embeddable":true,"href":"https:\/\/www.europesays.com\/es\/wp-json\/wp\/v2\/comments?post=117024"}],"version-history":[{"count":0,"href":"https:\/\/www.europesays.com\/es\/wp-json\/wp\/v2\/posts\/117024\/revisions"}],"wp:featuredmedia":[{"embeddable":true,"href":"https:\/\/www.europesays.com\/es\/wp-json\/wp\/v2\/media\/117025"}],"wp:attachment":[{"href":"https:\/\/www.europesays.com\/es\/wp-json\/wp\/v2\/media?parent=117024"}],"wp:term":[{"taxonomy":"category","embeddable":true,"href":"https:\/\/www.europesays.com\/es\/wp-json\/wp\/v2\/categories?post=117024"},{"taxonomy":"post_tag","embeddable":true,"href":"https:\/\/www.europesays.com\/es\/wp-json\/wp\/v2\/tags?post=117024"}],"curies":[{"name":"wp","href":"https:\/\/api.w.org\/{rel}","templated":true}]}}